{"id":62655,"date":"2022-09-13T15:57:43","date_gmt":"2022-09-13T13:57:43","guid":{"rendered":"https:\/\/www.mojevrijeme.hr\/magazin\/?p=62655"},"modified":"2022-09-13T15:57:44","modified_gmt":"2022-09-13T13:57:44","slug":"ne-mazete-se-kremom-za-suncanje-zbog-ove-cete-fotografije-promijeniti-misljenje","status":"publish","type":"post","link":"https:\/\/www.mojevrijeme.hr\/magazin\/2022\/09\/ne-mazete-se-kremom-za-suncanje-zbog-ove-cete-fotografije-promijeniti-misljenje\/","title":{"rendered":"Ne ma\u017eete se kremom za sun\u010danje? Zbog ove \u0107ete fotografije promijeniti mi\u0161ljenje"},"content":{"rendered":"\n<p>Ljeto se bli\u017ei kraju, no sunce je jo\u0161 uvijek jako zbog \u010dega je potrebno nanositi kreme sa za\u0161titnim faktorom kad se boravi na otvorenom. Ovakvih suhoparnih savjeta o za\u0161titi ko\u017ee od sunca sigurno ste se naslu\u0161ali. No ako vas dosad ni\u0161ta nije natjeralo da se \u0161titite od sunca, mo\u017eda vas natjera fotografija objavljena na dru\u0161tvenoj mre\u017ei Twitter.<\/p>\n\n\n\n<p>Slika koja prikazuje fizi\u010dke u\u010dinke UV zraka brzo se pro\u0161irila internetom i postala najbolji podsjetnik da kreme sa za\u0161titnim faktorom treba nanositi na sve dijelove tijela, a ne samo na lice.<\/p>\n\n\n\n<p>Dermatolog iz New Yorka je na Twitteru podijelio fotografiju 92-godi\u0161nje \u017eene koja je posljednjih 40 godina koristila UV za\u0161titne hidratantne kreme na licu, ali ne i na vratu. Otkako je tweet objavljen 1. rujna, prikupio je vi\u0161e od 236.000 lajkova i 42.000 retweetova ljudi koji podsje\u0107aju druge na va\u017enost za\u0161tite od sunca.<\/p><div id=\"mojev-985703396\" class=\"mojev-u-tekstu mojev-entity-placement\" style=\"margin-left: auto;margin-right: auto;text-align: center;\"><div class=\"mojev-adlabel\">oglas<\/div><div style=\"height: 250px;\"><script async src=\"https:\/\/pagead2.googlesyndication.com\/pagead\/js\/adsbygoogle.js?client=ca-pub-8106111766207173\"\r\n     crossorigin=\"anonymous\"><\/script>\r\n<!-- Prikazni 1 u tekstu -->\r\n<ins class=\"adsbygoogle\"\r\n     style=\"display:block\"\r\n     data-ad-client=\"ca-pub-8106111766207173\"\r\n     data-ad-slot=\"8535551207\"\r\n     data-ad-format=\"auto\"\r\n     data-full-width-responsive=\"true\"><\/ins>\r\n<script>\r\n     (adsbygoogle = window.adsbygoogle || []).push({});\r\n<\/script><\/div><\/div><br style=\"clear: both; display: block; float: none;\"\/>\n\n\n\n<p>Na slici izbliza, postoji jasna razlika izme\u0111u mjesta na kojima je \u017eena nanosila kremu i mjesta na kojima nije. Na vratu joj se vide znakovi o\u0161te\u0107enja ko\u017ee, dok su joj obrazi bili za\u0161ti\u0107eni od UV zraka.<\/p>\n\n\n\n<p>Uz tweet, dr. <strong>Avi Bitterman<\/strong> tako\u0111er je prilo\u017eio poveznicu na studiju iz listopada 2021. o &#8220;Istra\u017eivanju starenja: ponovno promi\u0161ljanje primarne prevencije raka ko\u017ee&#8221;, gdje je 92-godi\u0161nja \u017eena kori\u0161tena kao primjer. Objavljen u \u010dasopisu Europske akademije za dermatologiju i venerologiju, rad prou\u010dava veze izme\u0111u starenja, raka ko\u017ee i UV za\u0161tite. &#8220;Najbolja reklama za SPF ikad!&#8221; jedan je korisnik tweetao kao odgovor.<\/p>\n\n\n\n<blockquote class=\"twitter-tweet\"><p lang=\"en\" dir=\"ltr\">Cheek and neck of a 92-year-old female, who used UV-protective moisturizers on her face but not on the neck for 40+ years.<a href=\"https:\/\/t.co\/Q8wWxY2tDE\">https:\/\/t.co\/Q8wWxY2tDE<\/a> <a href=\"https:\/\/t.co\/FBSswmYxt1\">pic.twitter.com\/FBSswmYxt1<\/a><\/p>&mdash; Avi Bitterman, MD (@AviBittMD) <a href=\"https:\/\/twitter.com\/AviBittMD\/status\/1565542929472659457?ref_src=twsrc%5Etfw\">September 2, 2022<\/a><\/blockquote> <script async src=\"https:\/\/platform.twitter.com\/widgets.js\" charset=\"utf-8\"><\/script>\n<div id=\"mojev-3748084315\" class=\"mojev-kraj-teksta mojev-entity-placement\" style=\"margin-bottom: 20px;margin-left: auto;margin-right: auto;text-align: center;\"><div class=\"mojev-adlabel\">oglas<\/div><div style=\"height: 250px;\"><script async src=\"https:\/\/pagead2.googlesyndication.com\/pagead\/js\/adsbygoogle.js?client=ca-pub-8106111766207173\"\r\n     crossorigin=\"anonymous\"><\/script>\r\n<!-- Display-1 -->\r\n<ins class=\"adsbygoogle\"\r\n     style=\"display:block\"\r\n     data-ad-client=\"ca-pub-8106111766207173\"\r\n     data-ad-slot=\"1465712950\"\r\n     data-ad-format=\"auto\"\r\n     data-full-width-responsive=\"true\"><\/ins>\r\n<script>\r\n     (adsbygoogle = window.adsbygoogle || []).push({});\r\n<\/script><\/div><\/div>","protected":false},"excerpt":{"rendered":"<p>Slika koja prikazuje fizi\u010dke u\u010dinke UV zraka brzo se pro\u0161irila internetom i postala najbolji podsjetnik da kreme sa za\u0161titnim faktorom treba nanositi na sve dijelove tijela, a ne samo na lice. <\/p>\n","protected":false},"author":4,"featured_media":62946,"comment_status":"closed","ping_status":"closed","sticky":false,"template":"","format":"standard","meta":{"footnotes":""},"categories":[3],"tags":[115,80,2230],"class_list":["post-62655","post","type-post","status-publish","format-standard","has-post-thumbnail","hentry","category-zdravlje","tag-koza","tag-starenje","tag-suncanje"],"_links":{"self":[{"href":"https:\/\/www.mojevrijeme.hr\/magazin\/wp-json\/wp\/v2\/posts\/62655","targetHints":{"allow":["GET"]}}],"collection":[{"href":"https:\/\/www.mojevrijeme.hr\/magazin\/wp-json\/wp\/v2\/posts"}],"about":[{"href":"https:\/\/www.mojevrijeme.hr\/magazin\/wp-json\/wp\/v2\/types\/post"}],"author":[{"embeddable":true,"href":"https:\/\/www.mojevrijeme.hr\/magazin\/wp-json\/wp\/v2\/users\/4"}],"replies":[{"embeddable":true,"href":"https:\/\/www.mojevrijeme.hr\/magazin\/wp-json\/wp\/v2\/comments?post=62655"}],"version-history":[{"count":0,"href":"https:\/\/www.mojevrijeme.hr\/magazin\/wp-json\/wp\/v2\/posts\/62655\/revisions"}],"wp:featuredmedia":[{"embeddable":true,"href":"https:\/\/www.mojevrijeme.hr\/magazin\/wp-json\/wp\/v2\/media\/62946"}],"wp:attachment":[{"href":"https:\/\/www.mojevrijeme.hr\/magazin\/wp-json\/wp\/v2\/media?parent=62655"}],"wp:term":[{"taxonomy":"category","embeddable":true,"href":"https:\/\/www.mojevrijeme.hr\/magazin\/wp-json\/wp\/v2\/categories?post=62655"},{"taxonomy":"post_tag","embeddable":true,"href":"https:\/\/www.mojevrijeme.hr\/magazin\/wp-json\/wp\/v2\/tags?post=62655"}],"curies":[{"name":"wp","href":"https:\/\/api.w.org\/{rel}","templated":true}]}}