{"id":62757,"date":"2022-09-08T14:50:40","date_gmt":"2022-09-08T12:50:40","guid":{"rendered":"https:\/\/www.mojevrijeme.hr\/magazin\/?p=62757"},"modified":"2022-09-08T14:51:24","modified_gmt":"2022-09-08T12:51:24","slug":"plenkovic-najavio-energetski-dodatak-za-690-000-umirovljenika","status":"publish","type":"post","link":"https:\/\/www.mojevrijeme.hr\/magazin\/2022\/09\/plenkovic-najavio-energetski-dodatak-za-690-000-umirovljenika\/","title":{"rendered":"Plenkovi\u0107 najavio novi energetski dodatak za 690.000 umirovljenika"},"content":{"rendered":"\n<p>Vlada je na dana\u0161njoj sjednici&nbsp;ograni\u010dila cijene bra\u0161na, ulja, mesa, \u0161e\u0107era te fiksirala cijene struje i plina za gra\u0111ane do 1. travnja idu\u0107e godine. Jedna od mjera koje je predstavio premijer Andrej Plenkovi\u0107 jednokratni energetski dodatak za umirovljenike, a iznos pomo\u0107i ovisit \u0107e o iznosu mirovine.<\/p>\n\n\n\n<p>Dodatak \u0107e se isplatiti za 690.000 umirovljenika s mirovinom do 4.360 kuna, \u0161to \u0107e dr\u017eavni prora\u010dun ko\u0161tati 450 milijuna kuna.<\/p>\n\n\n<div class=\"wp-block-image\">\n<figure class=\"aligncenter size-full\"><img loading=\"lazy\" decoding=\"async\" width=\"622\" height=\"355\" src=\"https:\/\/www.mojevrijeme.hr\/magazin\/wp-content\/uploads\/2022\/05\/image.png\" alt=\"\" class=\"wp-image-62759\"\/><\/figure>\n<\/div>\n\n\n<ul class=\"wp-block-list\"><li>Umirovljenici koji primaju mirovinu do 1.850 kuna, dobit \u0107e naknadu u iznosu 1.200 kuna. <\/li><li>Umirovljenici koji primaju mirovinu u iznosu od 1.850,01 kuna do 2.350 kuna, dobit \u0107e naknadu u iznosu 900 kuna. <\/li><li>Umirovljenici koji primaju mirovinu u iznosu od 2.350,01 kuna do 3.350 kuna, dobit \u0107e naknadu u iznosu 600 kuna.<\/li><li>Umirovljenici koji primaju mirovinu u iznosu od 3.350,01 kuna do 4.360 kuna, dobit \u0107e naknadu u iznosu 400 kuna. <\/li><\/ul>\n<div id=\"mojev-2270268184\" class=\"mojev-kraj-teksta mojev-entity-placement\" style=\"margin-bottom: 20px;margin-left: auto;margin-right: auto;text-align: center;\"><div class=\"mojev-adlabel\">oglas<\/div><div style=\"height: 250px;\"><script async src=\"https:\/\/pagead2.googlesyndication.com\/pagead\/js\/adsbygoogle.js?client=ca-pub-8106111766207173\"\r\n     crossorigin=\"anonymous\"><\/script>\r\n<!-- Display-1 -->\r\n<ins class=\"adsbygoogle\"\r\n     style=\"display:block\"\r\n     data-ad-client=\"ca-pub-8106111766207173\"\r\n     data-ad-slot=\"1465712950\"\r\n     data-ad-format=\"auto\"\r\n     data-full-width-responsive=\"true\"><\/ins>\r\n<script>\r\n     (adsbygoogle = window.adsbygoogle || []).push({});\r\n<\/script><\/div><\/div>","protected":false},"excerpt":{"rendered":"<p>Dodatak \u0107e se isplatiti za 690.000 umirovljenika s mirovinom do 4.360 kuna, \u0161to \u0107e dr\u017eavni prora\u010dun ko\u0161tati 450 milijuna kuna.<\/p>\n","protected":false},"author":1,"featured_media":16543,"comment_status":"closed","ping_status":"closed","sticky":false,"template":"","format":"standard","meta":{"footnotes":""},"categories":[9],"tags":[888,3055,2575,1865],"class_list":["post-62757","post","type-post","status-publish","format-standard","has-post-thumbnail","hentry","category-vijesti","tag-andrej-plenkovic","tag-energetski-dodatak","tag-energetsko-siromastvo","tag-socijalne-naknade"],"_links":{"self":[{"href":"https:\/\/www.mojevrijeme.hr\/magazin\/wp-json\/wp\/v2\/posts\/62757","targetHints":{"allow":["GET"]}}],"collection":[{"href":"https:\/\/www.mojevrijeme.hr\/magazin\/wp-json\/wp\/v2\/posts"}],"about":[{"href":"https:\/\/www.mojevrijeme.hr\/magazin\/wp-json\/wp\/v2\/types\/post"}],"author":[{"embeddable":true,"href":"https:\/\/www.mojevrijeme.hr\/magazin\/wp-json\/wp\/v2\/users\/1"}],"replies":[{"embeddable":true,"href":"https:\/\/www.mojevrijeme.hr\/magazin\/wp-json\/wp\/v2\/comments?post=62757"}],"version-history":[{"count":0,"href":"https:\/\/www.mojevrijeme.hr\/magazin\/wp-json\/wp\/v2\/posts\/62757\/revisions"}],"wp:featuredmedia":[{"embeddable":true,"href":"https:\/\/www.mojevrijeme.hr\/magazin\/wp-json\/wp\/v2\/media\/16543"}],"wp:attachment":[{"href":"https:\/\/www.mojevrijeme.hr\/magazin\/wp-json\/wp\/v2\/media?parent=62757"}],"wp:term":[{"taxonomy":"category","embeddable":true,"href":"https:\/\/www.mojevrijeme.hr\/magazin\/wp-json\/wp\/v2\/categories?post=62757"},{"taxonomy":"post_tag","embeddable":true,"href":"https:\/\/www.mojevrijeme.hr\/magazin\/wp-json\/wp\/v2\/tags?post=62757"}],"curies":[{"name":"wp","href":"https:\/\/api.w.org\/{rel}","templated":true}]}}