{"id":63088,"date":"2022-09-17T10:07:56","date_gmt":"2022-09-17T08:07:56","guid":{"rendered":"https:\/\/www.mojevrijeme.hr\/magazin\/?p=63088"},"modified":"2022-09-17T10:08:34","modified_gmt":"2022-09-17T08:08:34","slug":"uvodi-se-obavezan-zatvor-za-obiteljske-nasilnike-ukida-se-mjera-zabrane-prilaska","status":"publish","type":"post","link":"https:\/\/www.mojevrijeme.hr\/magazin\/2022\/09\/uvodi-se-obavezan-zatvor-za-obiteljske-nasilnike-ukida-se-mjera-zabrane-prilaska\/","title":{"rendered":"Uvodi se obavezan zatvor za obiteljske nasilnike, ukida se mjera zabrane prilaska"},"content":{"rendered":"\n<p>Nakon nedavna dva slu\u010daja brutalnog nasilja nad \u017eenama u Gospi\u0107u i Novskoj, Ministarstvo pravosu\u0111a priprema radikalan zaokret u sankcioniranju obiteljskog nasilja. Neovisno o tome kakvi su stavovi, razmi\u0161ljanja i procjene tu\u017eitelja ili sudaca koji odlu\u010duju o pritvoru, u svakoj situaciji koja upu\u0107uje na opasnost od ponavljanja djela nasilnika \u0107e morati poslati iza re\u0161etaka, doznaje <a href=\"https:\/\/www.jutarnji.hr\/vijesti\/hrvatska\/obavezan-zatvor-za-obiteljske-nasilnike-ukida-se-praksa-da-se-pritvor-zamijeni-zabranom-prilaska-15248815\" target=\"_blank\" rel=\"noreferrer noopener\">Jutarnji list<\/a>. <\/p>\n\n\n\n<p>Mjera opreza poput one zabrane prilaska, koja je bila izre\u010dena i nasilniku u Gospi\u0107u i onom u Novskoj, a koja se izri\u010de kao zamjena za istra\u017eni zatvor, vi\u0161e se ne bi mogla izre\u0107i u slu\u010dajevima nasilni\u010dkog kaznenog djela, kada je osnova za izricanje opasnost od ponavljanja kaznenog djela.<\/p>\n\n\n\n<p>&#8220;Ako postoji opasnost da \u0107e nasilnik ponoviti kazneno djelo, onda on predstavlja opasnost za \u017ertvu, ali i za dru\u0161tvo, stoga ne bi trebao biti na slobodi&#8221;, ka\u017eu u Ministarstvu pravosu\u0111a, koje osniva radnu skupinu za izmjene Zakona o kaznenom postupku, Kaznenog zakona, Zakona o za\u0161titi od nasilja u obitelji, Zakona o sudovima i Sudskog registra te Sudskog poslovnika. Izmjene \u0107e biti gotove do kraja godine i uputiti se u savjetovanje sa zainteresiranom javno\u0161\u0107u.<\/p><div id=\"mojev-420703954\" class=\"mojev-u-tekstu mojev-entity-placement\" style=\"margin-left: auto;margin-right: auto;text-align: center;\"><div class=\"mojev-adlabel\">oglas<\/div><div style=\"height: 250px;\"><script async src=\"https:\/\/pagead2.googlesyndication.com\/pagead\/js\/adsbygoogle.js?client=ca-pub-8106111766207173\"\r\n     crossorigin=\"anonymous\"><\/script>\r\n<!-- Prikazni 1 u tekstu -->\r\n<ins class=\"adsbygoogle\"\r\n     style=\"display:block\"\r\n     data-ad-client=\"ca-pub-8106111766207173\"\r\n     data-ad-slot=\"8535551207\"\r\n     data-ad-format=\"auto\"\r\n     data-full-width-responsive=\"true\"><\/ins>\r\n<script>\r\n     (adsbygoogle = window.adsbygoogle || []).push({});\r\n<\/script><\/div><\/div><br style=\"clear: both; display: block; float: none;\"\/>\n<div id=\"mojev-2026512120\" class=\"mojev-kraj-teksta mojev-entity-placement\" style=\"margin-bottom: 20px;margin-left: auto;margin-right: auto;text-align: center;\"><div class=\"mojev-adlabel\">oglas<\/div><div style=\"height: 250px;\"><script async src=\"https:\/\/pagead2.googlesyndication.com\/pagead\/js\/adsbygoogle.js?client=ca-pub-8106111766207173\"\r\n     crossorigin=\"anonymous\"><\/script>\r\n<!-- Display-1 -->\r\n<ins class=\"adsbygoogle\"\r\n     style=\"display:block\"\r\n     data-ad-client=\"ca-pub-8106111766207173\"\r\n     data-ad-slot=\"1465712950\"\r\n     data-ad-format=\"auto\"\r\n     data-full-width-responsive=\"true\"><\/ins>\r\n<script>\r\n     (adsbygoogle = window.adsbygoogle || []).push({});\r\n<\/script><\/div><\/div>","protected":false},"excerpt":{"rendered":"<p>Po uzoru na obiteljske odjele, predlo\u017eit \u0107e se specijalizacija sudaca za kaznena djela povezana s nasiljem u obitelji i nasiljem nad \u017eenama. Ti bi se suci licencirali na pet godina, a rad na tim predmetima posebno bi se pratio, najavljuje Ministarstvo.<\/p>\n","protected":false},"author":1,"featured_media":63089,"comment_status":"closed","ping_status":"closed","sticky":false,"template":"","format":"standard","meta":{"footnotes":""},"categories":[9],"tags":[1450],"class_list":["post-63088","post","type-post","status-publish","format-standard","has-post-thumbnail","hentry","category-vijesti","tag-obiteljsko-nasilje"],"_links":{"self":[{"href":"https:\/\/www.mojevrijeme.hr\/magazin\/wp-json\/wp\/v2\/posts\/63088","targetHints":{"allow":["GET"]}}],"collection":[{"href":"https:\/\/www.mojevrijeme.hr\/magazin\/wp-json\/wp\/v2\/posts"}],"about":[{"href":"https:\/\/www.mojevrijeme.hr\/magazin\/wp-json\/wp\/v2\/types\/post"}],"author":[{"embeddable":true,"href":"https:\/\/www.mojevrijeme.hr\/magazin\/wp-json\/wp\/v2\/users\/1"}],"replies":[{"embeddable":true,"href":"https:\/\/www.mojevrijeme.hr\/magazin\/wp-json\/wp\/v2\/comments?post=63088"}],"version-history":[{"count":0,"href":"https:\/\/www.mojevrijeme.hr\/magazin\/wp-json\/wp\/v2\/posts\/63088\/revisions"}],"wp:featuredmedia":[{"embeddable":true,"href":"https:\/\/www.mojevrijeme.hr\/magazin\/wp-json\/wp\/v2\/media\/63089"}],"wp:attachment":[{"href":"https:\/\/www.mojevrijeme.hr\/magazin\/wp-json\/wp\/v2\/media?parent=63088"}],"wp:term":[{"taxonomy":"category","embeddable":true,"href":"https:\/\/www.mojevrijeme.hr\/magazin\/wp-json\/wp\/v2\/categories?post=63088"},{"taxonomy":"post_tag","embeddable":true,"href":"https:\/\/www.mojevrijeme.hr\/magazin\/wp-json\/wp\/v2\/tags?post=63088"}],"curies":[{"name":"wp","href":"https:\/\/api.w.org\/{rel}","templated":true}]}}