{"id":63208,"date":"2022-06-09T19:49:00","date_gmt":"2022-06-09T17:49:00","guid":{"rendered":"https:\/\/www.mojevrijeme.hr\/magazin\/?p=63208"},"modified":"2022-09-20T11:26:36","modified_gmt":"2022-09-20T09:26:36","slug":"plenkovic-predstavio-nove-obiteljske-mirovine-sdp-podsjeca-na-mizerne-socijalne-naknade","status":"publish","type":"post","link":"https:\/\/www.mojevrijeme.hr\/magazin\/2022\/06\/plenkovic-predstavio-nove-obiteljske-mirovine-sdp-podsjeca-na-mizerne-socijalne-naknade\/","title":{"rendered":"Plenkovi\u0107 predstavio nove obiteljske mirovine, SDP podsje\u0107a na mizerne socijalne naknade"},"content":{"rendered":"\n<p>Dugoo\u010dekivane izmjene Zakona o mirovinskom osiguranju danas su predstavljene u Banskim dvorima. Njima se omogu\u0107uje pravedniji izra\u010dun mirovine, ka\u017ee premijer <strong>Andrej Plenkovi\u0107<\/strong> (HDZ), dok jedini politi\u010dki predstavnik umirovljenika u Saboru, <strong>Silvano Hrelja<\/strong> (HSU), oprezno poru\u010duje da nije eufori\u010dan, ali ne krije zadovoljstvo postignutim. Kao najva\u017enija to\u010dka novog zakona isti\u010de se kori\u0161tenje dijela obiteljske mirovine uz zadr\u017eavanje osobne mirovine, \u010dime \u0107e veliki dio umirovljenika ostvariti pove\u0107ani mirovinski prihod.<\/p>\n\n\n\n<p>&#8220;Vladi Republike Hrvatske, odr\u017eivost mirovinskog sustava, uz pove\u0107anje adekvatnosti mirovina jedan je od primarnih ciljeva, kojim nastavljamo skrbiti za vi\u0161e od milijun i 230 tisu\u0107a na\u0161ih gra\u0111ana&#8221;, izjavio je pred novinarima predsjednik Vlade RH Andrej Plenkovi\u0107 navode\u0107i da je to pitanje me\u0111u klju\u010dnim prioritetima Programa Vlade do kraja ovoga mandata. Rije\u010d je, potvrdio je, i o dijelu suradnje sa saborskim zastupnikom Silvanom Hreljom (HSU) za kojega jo\u0161 nije posve jasno je li se pridru\u017eio vladaju\u0107oj ve\u0107ini uz podr\u0161ku ili nasuprot stranke iz koje dolazi.<\/p>\n\n\n\n<h3 class=\"wp-block-heading\">Godinu dana ranije\u2026<\/h3>\n\n\n\n<p>Podsjetimo, Hrelja je u lipnju 2021. prve izjavio: &#8220;Dogovorili smo da \u0107e krajnja implementacija dogovorenih zakona biti 2023. godine, dio i ranije.&#8221;<\/p><div id=\"mojev-2795200113\" class=\"mojev-u-tekstu mojev-entity-placement\" style=\"margin-left: auto;margin-right: auto;text-align: center;\"><div class=\"mojev-adlabel\">oglas<\/div><div style=\"height: 250px;\"><script async src=\"https:\/\/pagead2.googlesyndication.com\/pagead\/js\/adsbygoogle.js?client=ca-pub-8106111766207173\"\r\n     crossorigin=\"anonymous\"><\/script>\r\n<!-- Prikazni 1 u tekstu -->\r\n<ins class=\"adsbygoogle\"\r\n     style=\"display:block\"\r\n     data-ad-client=\"ca-pub-8106111766207173\"\r\n     data-ad-slot=\"8535551207\"\r\n     data-ad-format=\"auto\"\r\n     data-full-width-responsive=\"true\"><\/ins>\r\n<script>\r\n     (adsbygoogle = window.adsbygoogle || []).push({});\r\n<\/script><\/div><\/div><br style=\"clear: both; display: block; float: none;\"\/>\n\n\n\n<p>&#8220;Ja sam jedan on naj\u017ee\u0161\u0107ih kriti\u010dara ministra, ali i podr\u0161ka ako treba. Nisam ovdje zbog sebe nego zbog ljudi i rje\u0161avanja njihovih problema. Ja sam ubrziva\u010d procesa. Mi smo na istom putu, ali ja ubrzavam proces&#8221;, odgovorio je na pitanje novinara koje je zanimalo je li i on postao HDZ-ov \u201e\u017eeton\u010di\u0107\u201c.<\/p>\n\n\n\n<p>&#8220;\u010covjek u \u017eivotu donosi neke odluke. I dolazi trenutak kad se pitam \u0161to sam i koga ovdje predstavljam u 6. mandatu i kad je trenutak da se ne\u0161to rije\u0161i. Mislim da je ovo dobar trenutak, kad smo se na istom putu na\u0161li Vlada i moje iskustvo i moje ideje. Da se oni realiziraju u korist onih \u2013 kada mu\u017e i \u017eena imaju zajedno 5 tisu\u0107a kuna i kada mu\u017e umre, ona ostane na 2.100 kuna i oni ulaze u zonu siroma\u0161tva. Zato sam tu i u svakom od proteklih 6 mandata rije\u0161io sam poneko goru\u0107e umirovljeni\u010dko pitanje. Svi doprinosi koji se uplate nestaju kod smrti, ljudi rade desetlje\u0107ima i imaju pravo na to. Procjene su da \u0107e ko\u0161tati milijardu kuna, toliko su ljudi bili i o\u0161te\u0107eni u ovih 30 godina&#8221;, kazao je Hrelja potpisuju\u0107i sporazum o suradnji s HDZ-om.<\/p>\n\n\n\n<h3 class=\"wp-block-heading\">Godinu dana kasnije\u2026<\/h3>\n\n\n\n<p>Godinu danas kasnije, premijer Plenkovi\u0107 ka\u017ee da su danas predstavljene izmjene Zakona o mirovinskom osiguranju poseban naglasak stavile na korisnike obiteljskih mirovina kojima se omogu\u0107uje pravedniji izra\u010dun mirovine, kao i mogu\u0107nost kori\u0161tenja dijela obiteljske mirovine uz zadr\u017eavanje osobne mirovine.<\/p>\n\n\n\n<p>&#8220;Samo ovim dvjema izmjena obuhvatiti \u0107emo gotovo 300 tisu\u0107a mirovina, za \u0161to \u0107emo u 2023. godini izdvojiti vi\u0161e od 1,1 milijardu kuna&#8221;, istaknuo je premijer Plenkovi\u0107 koji nagla\u0161ava da je klju\u010dan prioritet Vlade osigurati socijalnu sigurnost gra\u0111anima starije dobi. Prema podacima koje je iznio u prezentaciji, za vi\u0161e od 136 tisu\u0107a korisnika obiteljska mirovina pove\u0107ati \u0107e se za 10 posto, odnosno za oko 250 kuna prosje\u010dno. Ukupno je to oko 365 milijuna kuna u 2023.<\/p>\n\n\n\n<p>&nbsp;&#8220;Time \u0161aljemo jasnu poruku da je u okolnostima preklapaju\u0107ih kriza \u2013 energetske, prehrambene pa i ovih svih inflatornih pritisaka rasta cijena energenata i hrane \u2013 klju\u010dan prioritet Vlade osigurati socijalnu sigurnost svim na\u0161im sugra\u0111anima, a osobito na\u0161im sugra\u0111anima starije dobi&#8221;, istaknuo je Andrej Plenkovi\u0107.<\/p>\n\n\n\n<h3 class=\"wp-block-heading\">Dugo \u010dekana izmjena<\/h3>\n\n\n\n<p>Izmjenom Zakona omogu\u0107uje se i kori\u0161tenje dijela obiteljske mirovine (do 27 posto) uz zadr\u017eavanje osobne mirovine u slu\u010daju smrti supru\u017enika. Ve\u0107 od 1. sije\u010dnja 2023. godine za vi\u0161e od 155 tisu\u0107a korisnika obiteljskih mirovna ukupna mirovina trebala bi se pove\u0107ati u prosjeku za oko 510 kn mjese\u010dno. Ta \u0107e mjera ukupno u prora\u010dunu u 2023. ko\u0161tati oko 746 milijuna kuna. Korisnici zadr\u017eavaju i pravo rada do polovice radnog vremena, a same mirovine nastavit \u0107e se redovito uskla\u0111ivati.<\/p>\n\n\n\n<p>Predvi\u0111eni najvi\u0161i iznos predla\u017ee se da bude 5.850 kuna, odnosno kumulativno osobna i dio obiteljske mirovine ne mogu prije\u0107i taj iznos. Me\u0111utim, do dono\u0161enja zakona o\u010dekuje se indeksacija pa taj iznos mo\u017ee biti ne\u0161to ve\u0107i, pa i prije\u0107i 6000 kuna.<\/p>\n\n\n\n<p>&#8220;\u017delim naglasiti da ove izmjene predstavljaju zna\u010dajan iskorak u hrvatskom mirovinskom sustavu koji do sada nije omogu\u0107avao istovremenu isplatu dvije mirovine. Time se Hrvatska pridru\u017eila ve\u0107ini dr\u017eava \u010dlanica EU koje omogu\u0107uju ovo pravo&#8221;, rekao je premijer Plenkovi\u0107 dodaju\u0107i da brine o posebno osjetljivoj skupini umirovljenika koji \u017eive u nerijetko u sama\u010dkim ku\u0107anstvima i time su najvi\u0161e izlo\u017eeni riziku siroma\u0161tva.<\/p>\n\n\n\n<h3 class=\"wp-block-heading\">Dobre vijesti za primatelje najni\u017eih mirovina<\/h3>\n\n\n\n<p>&nbsp;Od 1. sije\u010dnja idu\u0107e godine &nbsp;pove\u0107avaju se najni\u017ee mirovine za jo\u0161 1,5 posto, a od 1. sije\u010dnja 2025. i za dodatnih 1,5 posto, dakle ukupno 3 posto. Idu\u0107e godine time \u0107e se zahvatiti 287 tisu\u0107a korisnika najni\u017ee mirovine, \u0161to \u0107e ko\u0161tati nevelikih 100 milijuna kuna.<\/p>\n\n\n\n<p>Novi ministar rada i mirovinskog sustava <strong>Marin Pileti\u0107<\/strong> pojasnio je da \u0107e se obiteljske mirovine podi\u0107i za deset posto na na\u010din da \u0107e se pove\u0107ati mirovinski faktor. Ako u obitelji postoji jedan korisnik obiteljske mirovine, mirovinski faktor pove\u0107ava se s 0,70 na 0,77. Ako su dva korisnika, pove\u0107ava se s postoje\u0107ih 80 na 88 posto, a za korisnike obiteljske mirovine gdje je tri i vi\u0161e \u010dlanova s postoje\u0107ih 90 na 100 posto.<\/p>\n\n\n\n<p>Pileti\u0107 je tako\u0111er istaknuo kako se predlo\u017eenim izmjenama zakona izuzimaju od ovrhe obiteljske mirovine koje koriste djeca umrlog osiguranika radi jednakopravnog polo\u017eaja djece kojima je upravo obiteljska mirovina prihod koji koriste za uzdr\u017eavanje.<\/p>\n\n\n\n<p>&#8220;Ove mjere predstavljaju va\u017ean iskorak prema dodatnoj za\u0161titi osjetljivih kategorija umirovljenika s najni\u017eim i ni\u017eim primanjima, a njima dodatno unaprje\u0111ujemo mirovinski sustav me\u0111ugeneracijske solidarnosti&#8221;, poru\u010dio je ministar.<\/p>\n\n\n\n<h3 class=\"wp-block-heading\">Hrelja: ovo su primjereni koraci<\/h3>\n\n\n\n<p>Saborski zastupnik i neformalni pripadnik vladaju\u0107e koalicije Silvano Hrelja (HSU) poru\u010dio je da iza svega stoji puno ra\u010dunanja i analiziranja pravog stanja obiteljskih mirovina. &nbsp;Na temelju togasu, ka\u017ee Hrelja, do\u0161li do kompromisa izme\u0111u pravi\u010dnog po principu uzajamnosti i solidarnog u mirovinskom sustavu.<\/p>\n\n\n\n<p>&#8220;Nisam eufori\u010dan, ali sam zadovoljan jer su to primjereni koraci onome \u0161to smo politi\u010dki dogovorili da \u0107emo napraviti i onome \u0161to je Ministarstvo planiralo u\u010diniti na bazi obiteljskih mirovina koje smo okarakterizirali najni\u017eima u odnosu na upla\u0107ene doprinose tijekom radnog vijeka bra\u010dnih drugova&#8221;, rekao je Hrelja.<\/p>\n\n\n\n<h3 class=\"wp-block-heading\">Ni oporba nije eufori\u010dna\u2026 ali podr\u017eava<\/h3>\n\n\n\n<p>&#8220;Apsolutno podr\u017eavamo korekciju modela obra\u010duna obiteljskih mirovina iako se ne sla\u017eemo sa svim aspektima i detaljima vladinog prijedloga&#8221;, izjavio je u ime SDP-a nakon predstavljanja prijedloga nove mirovinske reforme nekada\u0161nji ministar regionalnog razvoja i fondova Europske unije <strong>Branko Gr\u010di\u0107<\/strong>.<\/p>\n\n\n\n<p>Ka\u017ee, kod izra\u010duna obiteljskih mirovina SDP se zala\u017ee da skala dodatak iz mirovine preminulog bra\u010dnog druga ide do 50 posto te mirovine, a ne da bude fiksirana na 20.8 posto. Podsjetio je i da je SDP u prethodna dva izborna ciklusa temu korekcije obiteljskih mirovina imao u svom programu, kada im je Silvano Hrelja (HSU) bio partner, izraziv\u0161i nadu da su barem malo utjecali da do\u0111e do promjene modela. Gr\u010di\u0107 je kazao i da su umirovljenici jedni od najve\u0107ih \u017ertvi trenutne ekonomske situacije i inflacije te je potrebno trajnije rje\u0161enje. \u201eOmjer prosje\u010dne mirovine i pla\u0107e prije 6 godina bio je oko 40 posto, a danas je oko 37 posto, dok je umirovljeni\u010dka inflacija u zadnjih 20 godina kumulativno za oko 12 posto ve\u0107a od inflacije 10 posto najbogatijih i oko 9 posto ve\u0107a od prosje\u010dne inflacije u Hrvatskoj\u201c, podsjetio je.<\/p>\n\n\n\n<p>Kako je priop\u0107eno, SDP zala\u017ee za korekciju mirovina za sve umirovljenike, da se promijeni formula izra\u010duna mirovina tako da se u 100-postotnom iznosu koristi povoljniji faktor, pa ako je inflacija ve\u0107a od rasta pla\u0107a, mirovine se uskla\u0111uju sto posto po stopi inflacije ili obrnuto. Primjenom te formule, tvrdi Gr\u010di\u0107, mirovine bi u zadnjih 6 godina umjesto 18 posto narasle za 34 posto. Osim promjene modela uskla\u0111ivanja mirovina, SDP je pozvao Plenkovi\u0107evu vladu na isplatu energetskog dodatka za umirovljenike najesen. Izra\u010dunali su da bi to dr\u017eavu ko\u0161talo 450 do 500 milijuna kuna.<\/p>\n\n\n\n<h3 class=\"wp-block-heading\">Pove\u0107ati socijalne naknade<\/h3>\n\n\n\n<p>SDP-ova zastupnica<strong> Martina Vla\u0161i\u0107 Iljki\u0107<\/strong> predlo\u017eila je pove\u0107anje socijalnih naknada. \u201eOko 100 tisu\u0107a korisnika doplatka za pomo\u0107 i njegu je reformom ostalo zaboravljeno\u201c, kazala je i predlo\u017eila izra\u010dunavanje osnovice za zajam\u010denu minimalnu naknadu na godi\u0161njoj razini, osiguravanje korisnicima doplatka za pomo\u0107 i njegu naknade za ugro\u017eenog kupca energenata te isplatu naknada putem jedinstvenog nov\u010danog centra.<\/p>\n\n\n\n<p>SDP, osim toga, predla\u017ee da se naknada za starije pove\u0107a s 820 na 1000 kuna, \u0161to bi godi\u0161nje ko\u0161talo 12 milijuna kuna. Naknada za pomo\u0107 i njegu koja iznosi 600 trebala bi se pove\u0107ati najmanje 10 posto, nakon \u010dega bi se redovno uskla\u0111ivala sa stopom inflacije, smatraju u SDP-u.<\/p>\n\n\n\n<div id=\"blokovi\"><img decoding=\"async\" src=\"https:\/\/www.mojevrijeme.hr\/magazin\/wp-content\/uploads\/2020\/09\/esf-lenta.jpg\">\nOvaj prilog objavljen je u sklopu projekta \u201cNovo vrijeme\u201d. Projekt je sufinancirala\nEuropska unija sredstvima Europskog socijalnog fonda. Sadr\u017eaj priloga isklju\u010diva\nje odgovornost Udruge Ho\u0107u stranicu.<\/div>\n<div id=\"mojev-3126446334\" class=\"mojev-kraj-teksta mojev-entity-placement\" style=\"margin-bottom: 20px;margin-left: auto;margin-right: auto;text-align: center;\"><div class=\"mojev-adlabel\">oglas<\/div><div style=\"height: 250px;\"><script async src=\"https:\/\/pagead2.googlesyndication.com\/pagead\/js\/adsbygoogle.js?client=ca-pub-8106111766207173\"\r\n     crossorigin=\"anonymous\"><\/script>\r\n<!-- Display-1 -->\r\n<ins class=\"adsbygoogle\"\r\n     style=\"display:block\"\r\n     data-ad-client=\"ca-pub-8106111766207173\"\r\n     data-ad-slot=\"1465712950\"\r\n     data-ad-format=\"auto\"\r\n     data-full-width-responsive=\"true\"><\/ins>\r\n<script>\r\n     (adsbygoogle = window.adsbygoogle || []).push({});\r\n<\/script><\/div><\/div>","protected":false},"excerpt":{"rendered":"<p>Ove mjere predstavljaju va\u017ean iskorak prema dodatnoj za\u0161titi osjetljivih kategorija umirovljenika s najni\u017eim i ni\u017eim primanjima, a njima dodatno unaprje\u0111ujemo mirovinski sustav me\u0111ugeneracijske solidarnosti, ka\u017ee ministar Pileti\u0107.<\/p>\n","protected":false},"author":10,"featured_media":26766,"comment_status":"closed","ping_status":"closed","sticky":false,"template":"","format":"standard","meta":{"footnotes":""},"categories":[9],"tags":[888,3231,1116,2339,1010,553],"class_list":["post-63208","post","type-post","status-publish","format-standard","has-post-thumbnail","hentry","category-vijesti","tag-andrej-plenkovic","tag-marin-piletic","tag-mirovinska-reforma","tag-novo-vrijeme","tag-obiteske-mirovine","tag-silvano-hrelja"],"_links":{"self":[{"href":"https:\/\/www.mojevrijeme.hr\/magazin\/wp-json\/wp\/v2\/posts\/63208","targetHints":{"allow":["GET"]}}],"collection":[{"href":"https:\/\/www.mojevrijeme.hr\/magazin\/wp-json\/wp\/v2\/posts"}],"about":[{"href":"https:\/\/www.mojevrijeme.hr\/magazin\/wp-json\/wp\/v2\/types\/post"}],"author":[{"embeddable":true,"href":"https:\/\/www.mojevrijeme.hr\/magazin\/wp-json\/wp\/v2\/users\/10"}],"replies":[{"embeddable":true,"href":"https:\/\/www.mojevrijeme.hr\/magazin\/wp-json\/wp\/v2\/comments?post=63208"}],"version-history":[{"count":0,"href":"https:\/\/www.mojevrijeme.hr\/magazin\/wp-json\/wp\/v2\/posts\/63208\/revisions"}],"wp:featuredmedia":[{"embeddable":true,"href":"https:\/\/www.mojevrijeme.hr\/magazin\/wp-json\/wp\/v2\/media\/26766"}],"wp:attachment":[{"href":"https:\/\/www.mojevrijeme.hr\/magazin\/wp-json\/wp\/v2\/media?parent=63208"}],"wp:term":[{"taxonomy":"category","embeddable":true,"href":"https:\/\/www.mojevrijeme.hr\/magazin\/wp-json\/wp\/v2\/categories?post=63208"},{"taxonomy":"post_tag","embeddable":true,"href":"https:\/\/www.mojevrijeme.hr\/magazin\/wp-json\/wp\/v2\/tags?post=63208"}],"curies":[{"name":"wp","href":"https:\/\/api.w.org\/{rel}","templated":true}]}}