{"id":63222,"date":"2022-09-20T11:21:41","date_gmt":"2022-09-20T09:21:41","guid":{"rendered":"https:\/\/www.mojevrijeme.hr\/magazin\/?p=63222"},"modified":"2022-09-21T19:34:41","modified_gmt":"2022-09-21T17:34:41","slug":"punica-sudski-izbacila-zeta-iz-kuce-i-svoju-kcer-takoder","status":"publish","type":"post","link":"https:\/\/www.mojevrijeme.hr\/magazin\/2022\/09\/punica-sudski-izbacila-zeta-iz-kuce-i-svoju-kcer-takoder\/","title":{"rendered":"Punica sudski izbacila zeta iz ku\u0107e. I svoju k\u0107er tako\u0111er"},"content":{"rendered":"\n<p>&#8220;Dok si pod mojim krovom pona\u0161at \u0107e\u0161 se\u00a0kako\u00a0treba ili seli.&#8221; Jedna majka iz Selnika pokraj Ludbrega ovu je poznatu prijetnju svih roditelja provela u djelo, javlja <a rel=\"noreferrer noopener\" href=\"https:\/\/www.rtl.hr\/vijesti\/hrvatska\/zena-iz-ludbrega-dobila-tuzbu-protiv-kceri-i-zeta-i-izbacila-ih-iz-kuce-odvjetnik-ovakvi-su-sporovi-cesti-439428c0-2fa3-11ed-aa02-b2d2f05c7ab0\" target=\"_blank\">RTL<\/a>. I to nakon \u0161to joj je zet, koji je preko 30 godina stanovao u njezinoj ku\u0107i, rekao &#8220;mar\u0161 van&#8221;.<\/p>\n\n\n\n<p>K\u0107i je pak na sudu tvrdila: &#8220;Mi smo u tu nekretninu ulagali i imamo na nju pravo.&#8221; A majka je tvrdila: &#8220;Radila sam u Njema\u010dkoj dva posla da bih sagradila ku\u0107u iz koje me\u00a0sada, kada povremeno do\u0111em, na ulicu tjera vlastito dijete.&#8221;<\/p>\n\n\n\n<p>&#8220;Radi se o vlasni\u010dkoj tu\u017ebi, kod nje je bitno samo dokazati vlasni\u0161tvo stvari, u ovom slu\u010daju nekretnine i tko nekretninu dr\u017ei u svojem posjedu.&nbsp;Ako&nbsp;ne dr\u017ei vlasnik&nbsp;nego&nbsp;netko drugi, vlasnik ima pravo na povrat te stvari&#8221;, rekao je odvjetnik&nbsp;<strong>Ivan Fumi\u0107<\/strong> RTL-u.<\/p><div id=\"mojev-1278503584\" class=\"mojev-u-tekstu mojev-entity-placement\" style=\"margin-left: auto;margin-right: auto;text-align: center;\"><div class=\"mojev-adlabel\">oglas<\/div><div style=\"height: 250px;\"><script async src=\"https:\/\/pagead2.googlesyndication.com\/pagead\/js\/adsbygoogle.js?client=ca-pub-8106111766207173\"\r\n     crossorigin=\"anonymous\"><\/script>\r\n<!-- Prikazni 1 u tekstu -->\r\n<ins class=\"adsbygoogle\"\r\n     style=\"display:block\"\r\n     data-ad-client=\"ca-pub-8106111766207173\"\r\n     data-ad-slot=\"8535551207\"\r\n     data-ad-format=\"auto\"\r\n     data-full-width-responsive=\"true\"><\/ins>\r\n<script>\r\n     (adsbygoogle = window.adsbygoogle || []).push({});\r\n<\/script><\/div><\/div><br style=\"clear: both; display: block; float: none;\"\/>\n\n\n\n<p>Koliko god se gra\u0111ani zgra\u017eali nad ovim, broj slu\u010dajeva u kojem se \u010dlanovi obitelji sudski izbacuju na cestu je u porastu.<\/p>\n<div id=\"mojev-1621305756\" class=\"mojev-kraj-teksta mojev-entity-placement\" style=\"margin-bottom: 20px;margin-left: auto;margin-right: auto;text-align: center;\"><div class=\"mojev-adlabel\">oglas<\/div><div style=\"height: 250px;\"><script async src=\"https:\/\/pagead2.googlesyndication.com\/pagead\/js\/adsbygoogle.js?client=ca-pub-8106111766207173\"\r\n     crossorigin=\"anonymous\"><\/script>\r\n<!-- Display-1 -->\r\n<ins class=\"adsbygoogle\"\r\n     style=\"display:block\"\r\n     data-ad-client=\"ca-pub-8106111766207173\"\r\n     data-ad-slot=\"1465712950\"\r\n     data-ad-format=\"auto\"\r\n     data-full-width-responsive=\"true\"><\/ins>\r\n<script>\r\n     (adsbygoogle = window.adsbygoogle || []).push({});\r\n<\/script><\/div><\/div>","protected":false},"excerpt":{"rendered":"<p>Koliko god se gra\u0111ani zgra\u017eali nad ovim, broj slu\u010dajeva u kojem se \u010dlanovi obitelji sudski izbacuju na cestu je u porastu.<\/p>\n","protected":false},"author":1,"featured_media":27330,"comment_status":"closed","ping_status":"closed","sticky":false,"template":"","format":"standard","meta":{"footnotes":""},"categories":[9],"tags":[1067,1068],"class_list":["post-63222","post","type-post","status-publish","format-standard","has-post-thumbnail","hentry","category-vijesti","tag-punice","tag-zetovi"],"_links":{"self":[{"href":"https:\/\/www.mojevrijeme.hr\/magazin\/wp-json\/wp\/v2\/posts\/63222","targetHints":{"allow":["GET"]}}],"collection":[{"href":"https:\/\/www.mojevrijeme.hr\/magazin\/wp-json\/wp\/v2\/posts"}],"about":[{"href":"https:\/\/www.mojevrijeme.hr\/magazin\/wp-json\/wp\/v2\/types\/post"}],"author":[{"embeddable":true,"href":"https:\/\/www.mojevrijeme.hr\/magazin\/wp-json\/wp\/v2\/users\/1"}],"replies":[{"embeddable":true,"href":"https:\/\/www.mojevrijeme.hr\/magazin\/wp-json\/wp\/v2\/comments?post=63222"}],"version-history":[{"count":0,"href":"https:\/\/www.mojevrijeme.hr\/magazin\/wp-json\/wp\/v2\/posts\/63222\/revisions"}],"wp:featuredmedia":[{"embeddable":true,"href":"https:\/\/www.mojevrijeme.hr\/magazin\/wp-json\/wp\/v2\/media\/27330"}],"wp:attachment":[{"href":"https:\/\/www.mojevrijeme.hr\/magazin\/wp-json\/wp\/v2\/media?parent=63222"}],"wp:term":[{"taxonomy":"category","embeddable":true,"href":"https:\/\/www.mojevrijeme.hr\/magazin\/wp-json\/wp\/v2\/categories?post=63222"},{"taxonomy":"post_tag","embeddable":true,"href":"https:\/\/www.mojevrijeme.hr\/magazin\/wp-json\/wp\/v2\/tags?post=63222"}],"curies":[{"name":"wp","href":"https:\/\/api.w.org\/{rel}","templated":true}]}}