{"id":63816,"date":"2022-09-30T13:09:50","date_gmt":"2022-09-30T11:09:50","guid":{"rendered":"https:\/\/www.mojevrijeme.hr\/magazin\/?p=63816"},"modified":"2022-09-30T13:12:55","modified_gmt":"2022-09-30T11:12:55","slug":"hrelja-drzava-se-vrlo-strucno-brine-o-starima-i-nemocnima-ljudskom-srcu-nikad-nije-dovoljno","status":"publish","type":"post","link":"https:\/\/www.mojevrijeme.hr\/magazin\/2022\/09\/hrelja-drzava-se-vrlo-strucno-brine-o-starima-i-nemocnima-ljudskom-srcu-nikad-nije-dovoljno\/","title":{"rendered":"Hrelja: Dr\u017eava se vrlo stru\u010dno brine o starima i nemo\u0107nima, ljudskom srcu nikad nije dovoljno"},"content":{"rendered":"\n<p>U listopadu kre\u0107e isplata jednokratnog nov\u010danog dodatka koji bi umirovljenicima trebao pomo\u0107i da se nose s krizom. Svaki \u010detvrti umirovljenik u Hrvatskoj ima najni\u017eu mirovinu. Ove je \u010dinjenice za <a rel=\"noreferrer noopener\" href=\"https:\/\/hr.n1info.com\/vijesti\/koliko-vlada-pomaze-umirovljenicima-ljudskom-srcu-nikad-nije-dovoljno\/\" target=\"_blank\">N1<\/a> televiziju komentirao saborski zastupnik<strong> Silvano Hrelja<\/strong> iz Hrvatske stranke umirovljenika.<\/p>\n\n\n\n<p>&#8220;2,74 kumulativno su rasle mirovine, na to jo\u0161 6,18, mo\u017eemo re\u0107i devet posto. Mo\u017eemo re\u0107i da su se mirovine uskladile devet posto s rastom tro\u0161kova \u017eivota&#8221;, ka\u017ee Hrelja. Dodaje da je rast pla\u0107a bio ve\u0107i od rasta cijena, koliko god to \u010dudno zvu\u010dalo. &#8220;Statistika je neumoljiva&#8221;, ka\u017ee.<\/p>\n\n\n\n<p>&#8220;Te\u0161ko je re\u0107i kada je dovoljno. To je vrlo subjektivno. \u010cinjenica je da se radi, da se drugi put ove godine daje nov\u010dana pomo\u0107 za one koji imaju najni\u017ee mirovine. Mi smo suo\u010deni s neima\u0161tinom i Vlada intervenira. Drago mi je da su prihvatili moje inicijative da se cenzusi promijene pa sad nitko ne ispada iz svoje kategorije, pove\u0107ava se broj onih koji dobivaju nov\u010danu pomo\u0107&#8221;, govori.<\/p><div id=\"mojev-417959475\" class=\"mojev-u-tekstu mojev-entity-placement\" style=\"margin-left: auto;margin-right: auto;text-align: center;\"><div class=\"mojev-adlabel\">oglas<\/div><div style=\"height: 250px;\"><script async src=\"https:\/\/pagead2.googlesyndication.com\/pagead\/js\/adsbygoogle.js?client=ca-pub-8106111766207173\"\r\n     crossorigin=\"anonymous\"><\/script>\r\n<!-- Prikazni 1 u tekstu -->\r\n<ins class=\"adsbygoogle\"\r\n     style=\"display:block\"\r\n     data-ad-client=\"ca-pub-8106111766207173\"\r\n     data-ad-slot=\"8535551207\"\r\n     data-ad-format=\"auto\"\r\n     data-full-width-responsive=\"true\"><\/ins>\r\n<script>\r\n     (adsbygoogle = window.adsbygoogle || []).push({});\r\n<\/script><\/div><\/div><br style=\"clear: both; display: block; float: none;\"\/>\n\n\n\n<p>&#8220;S 1500 smo do\u0161li na 1850. Kategorija se \u0161iri, obuhvat onih koji \u0107e dobiti 250 kuna vi\u0161e, bez obzira na indeksaciju, obuhva\u0107a ve\u0107i broj onih s najni\u017eim primanjima&#8221;, ka\u017ee Hrelja.<\/p>\n\n\n\n<p>&#8220;\u010cinjenica je da Hrvatska nema jasnu socijalnu sliku. Mi mislimo da ima puno ljudi i dodatnih prihoda i velike imovine koju su stjecali dok nisu upla\u0107ivali doprinose\u2026 Obrtnici su uvijek imali najmanje doprinose, poljoprivrednici. Danas razne profesije pla\u0107aju najmanje doprinose, a na kraju im dr\u017eava garantira neku najni\u017eu mirovinu bez obzira jesu li upla\u0107ivali doprinose ili ulagali u svoju imovinu&#8221;, ka\u017ee dodaju\u0107i da se zbog dijela umirovljenika koji su &#8220;kruha gladni&#8221; mora napraviti socijalna slika.<\/p>\n\n\n\n<p>&#8220;Postoji jedan dio gra\u0111ana za koje mi ne znamo. Zato bi vrijedilo napraviti tu socijalnu sliku&#8221;, ka\u017ee za <a href=\"https:\/\/hr.n1info.com\/vijesti\/koliko-vlada-pomaze-umirovljenicima-ljudskom-srcu-nikad-nije-dovoljno\/\" target=\"_blank\" rel=\"noreferrer noopener\">N1<\/a> Hrelja obja\u0161njavaju\u0107i da bi se gledalo na tri razine. &#8220;Mi sada sve dijelimo po dohodovnom principu jer su niske mirovine. Kad bi bilo primanje po \u010dlanu obitelji, bila bi druga pri\u010da. \u017divi li netko sam, nije svejedno. Bra\u010dni par koji ima 3.800 i 4.100 dobit \u0107e 800 kuna dodatka. Ljudskom srcu nikad nije dovoljno&#8221;, ka\u017ee.<\/p>\n\n\n\n<p>&#8220;Dr\u017eava ima obvezu brinuti o starima, nemo\u0107nima i oni to vrlo stru\u010dno \u010dine&#8221;, ka\u017ee. Neki gradovi poma\u017eu umirovljenicima. &#8220;Za umirovljenike je to sigurno dobro, ima puno svijetlih primjera. Na\u0161 cilj je da o svima, pa i onima u najsiroma\u0161nijim mjestima, brinemo. I da Vlada brine o njima. I njima je Bo\u017ei\u0107, a njihov prora\u010dun ne dopu\u0161ta takva davanja. Za to treba reorganizirati sustave mirovinskih i socijalnih davanja&#8221;, govori dodaju\u0107i da slovenski umirovljenici dobivaju regres za godi\u0161nji odmor.<\/p>\n\n\n\n<p>&#8220;Mi nismo na dnu, ali smo na za\u010delju. Siguran sam da je gospodarska aktivnost jedne zemlje temelj visine mirovina. Moram re\u0107i da je razina uplate doprinosa u Hrvatskoj relativno niska, bez obzira na to \u0161to poslodavci govore da su nameti na pla\u0107u. Me\u0111utim, ni u jednoj zemlji EU-a nisu tako niski doprinosi i nema takve evazije doprinosa. Princip se u najve\u0107oj mjeri temelji na solidarnosti&#8221;, ka\u017ee.<\/p>\n<div id=\"mojev-2874270657\" class=\"mojev-kraj-teksta mojev-entity-placement\" style=\"margin-bottom: 20px;margin-left: auto;margin-right: auto;text-align: center;\"><div class=\"mojev-adlabel\">oglas<\/div><div style=\"height: 250px;\"><script async src=\"https:\/\/pagead2.googlesyndication.com\/pagead\/js\/adsbygoogle.js?client=ca-pub-8106111766207173\"\r\n     crossorigin=\"anonymous\"><\/script>\r\n<!-- Display-1 -->\r\n<ins class=\"adsbygoogle\"\r\n     style=\"display:block\"\r\n     data-ad-client=\"ca-pub-8106111766207173\"\r\n     data-ad-slot=\"1465712950\"\r\n     data-ad-format=\"auto\"\r\n     data-full-width-responsive=\"true\"><\/ins>\r\n<script>\r\n     (adsbygoogle = window.adsbygoogle || []).push({});\r\n<\/script><\/div><\/div>","protected":false},"excerpt":{"rendered":"<p>&#8216;Moram re\u0107i da je razina uplate doprinosa u Hrvatskoj relativno niska, bez obzira na to \u0161to poslodavci govore da su nameti na pla\u0107u. Me\u0111utim, ni u jednoj zemlji EU-a nisu tako niski doprinosi i nema takve evazije doprinosa.&#8217;<\/p>\n","protected":false},"author":1,"featured_media":13130,"comment_status":"closed","ping_status":"closed","sticky":false,"template":"","format":"standard","meta":{"footnotes":""},"categories":[9],"tags":[3055,18,553],"class_list":["post-63816","post","type-post","status-publish","format-standard","has-post-thumbnail","hentry","category-vijesti","tag-energetski-dodatak","tag-mirovine","tag-silvano-hrelja"],"_links":{"self":[{"href":"https:\/\/www.mojevrijeme.hr\/magazin\/wp-json\/wp\/v2\/posts\/63816","targetHints":{"allow":["GET"]}}],"collection":[{"href":"https:\/\/www.mojevrijeme.hr\/magazin\/wp-json\/wp\/v2\/posts"}],"about":[{"href":"https:\/\/www.mojevrijeme.hr\/magazin\/wp-json\/wp\/v2\/types\/post"}],"author":[{"embeddable":true,"href":"https:\/\/www.mojevrijeme.hr\/magazin\/wp-json\/wp\/v2\/users\/1"}],"replies":[{"embeddable":true,"href":"https:\/\/www.mojevrijeme.hr\/magazin\/wp-json\/wp\/v2\/comments?post=63816"}],"version-history":[{"count":0,"href":"https:\/\/www.mojevrijeme.hr\/magazin\/wp-json\/wp\/v2\/posts\/63816\/revisions"}],"wp:featuredmedia":[{"embeddable":true,"href":"https:\/\/www.mojevrijeme.hr\/magazin\/wp-json\/wp\/v2\/media\/13130"}],"wp:attachment":[{"href":"https:\/\/www.mojevrijeme.hr\/magazin\/wp-json\/wp\/v2\/media?parent=63816"}],"wp:term":[{"taxonomy":"category","embeddable":true,"href":"https:\/\/www.mojevrijeme.hr\/magazin\/wp-json\/wp\/v2\/categories?post=63816"},{"taxonomy":"post_tag","embeddable":true,"href":"https:\/\/www.mojevrijeme.hr\/magazin\/wp-json\/wp\/v2\/tags?post=63816"}],"curies":[{"name":"wp","href":"https:\/\/api.w.org\/{rel}","templated":true}]}}