{"id":63927,"date":"2022-10-04T13:52:51","date_gmt":"2022-10-04T11:52:51","guid":{"rendered":"https:\/\/www.mojevrijeme.hr\/magazin\/?p=63927"},"modified":"2022-10-04T13:52:51","modified_gmt":"2022-10-04T11:52:51","slug":"talijanski-perdasdefogu-je-grad-stogodisnjaka-koja-je-njihova-tajna","status":"publish","type":"post","link":"https:\/\/www.mojevrijeme.hr\/magazin\/2022\/10\/talijanski-perdasdefogu-je-grad-stogodisnjaka-koja-je-njihova-tajna\/","title":{"rendered":"Talijanski Perdasdefogu je grad stogodi\u0161njaka. Koja je njihova tajna?"},"content":{"rendered":"\n<p>Sa svojom predromani\u010dkom crkvom, sredi\u0161njim trgom i lokalnim barom, Perdasdefogu na Sardiniji izgleda kao i tisu\u0107e takvih mjesta\u0161ca u Italiji. No ovo je mjesto poznato kao mjesto stogodi\u0161njaka i zbog toga je upisano u Guinnessovu knjigu rekorda. Na ulazu u mjesto jedna plo\u010da ukazuje na tu \u010dinjenicu a i jedan od trgova se zove Piazza Longevit\u00e1, pi\u0161e <a href=\"https:\/\/www.dw.com\/hr\/grad-stogodi%C5%A1njaka-i-njegova-tajna\/a-63308992\" target=\"_blank\" rel=\"noreferrer noopener\">Deutsche Welle<\/a>.<\/p>\n\n\n\n<h3 class=\"wp-block-heading\">78 godina braka<\/h3>\n\n\n\n<p>Po\u010dast onima zbog kojih je ovo mjesto poznato odano je i postavljanjem njihovih portreta na ku\u0107e glavne ulice. Me\u0111u njima je i <strong>Vittorio Lai<\/strong>. Stogodi\u0161njak se s portreta osmjehuje sve\u010dano obu\u010den s nezaobilaznom leptir-kravatom. Nju je nosio i pro\u0161le nedjelje kada je izi\u0161ao na birali\u0161ta kako bi do svoj glas za novi talijanski parlament. Koliko je talijanskih vlada do\u017eivio, ne zna. Na njegovoj osobnoj iskaznici stoji i datum ro\u0111enja: 12. velja\u010de 1922. On je jedan od devet stogodi\u0161njaka u mjestu.<\/p>\n\n\n\n<p>Prema Guinnessovoj knjizi rekorda, to je najvi\u0161i postotak stogodi\u0161njaka po broju stanovnika zabilje\u017een igdje na svijetu. I godine braka koje Vittorio Lai ima iza sebe su dojmljive: 78 godina. Vi\u0161e nego \u0161to mnogi po\u017eive.<\/p><div id=\"mojev-3063865615\" class=\"mojev-u-tekstu mojev-entity-placement\" style=\"margin-left: auto;margin-right: auto;text-align: center;\"><div class=\"mojev-adlabel\">oglas<\/div><div style=\"height: 250px;\"><script async src=\"https:\/\/pagead2.googlesyndication.com\/pagead\/js\/adsbygoogle.js?client=ca-pub-8106111766207173\"\r\n     crossorigin=\"anonymous\"><\/script>\r\n<!-- Prikazni 1 u tekstu -->\r\n<ins class=\"adsbygoogle\"\r\n     style=\"display:block\"\r\n     data-ad-client=\"ca-pub-8106111766207173\"\r\n     data-ad-slot=\"8535551207\"\r\n     data-ad-format=\"auto\"\r\n     data-full-width-responsive=\"true\"><\/ins>\r\n<script>\r\n     (adsbygoogle = window.adsbygoogle || []).push({});\r\n<\/script><\/div><\/div><br style=\"clear: both; display: block; float: none;\"\/>\n\n\n\n<h3 class=\"wp-block-heading\">Povr\u0107e i bez stresa<\/h3>\n\n\n\n<p><strong>Annunziata Stori<\/strong> je &#8220;najmla\u0111a stogodi\u0161njakinja&#8221; u mjestu. 100 godina je napunila u kolovozu. Tada ju je posjetio i gradona\u010delnik <strong>Bruno Chillotti<\/strong>. Annunziata jo\u0161 uvijek svoj <em>minestrone<\/em> s tjesteninom kuha sama. <strong>Pietro Mereu<\/strong>, redatelj koji je snimio dokumentarni film o mjestu stogodi\u0161njaka, ka\u017ee kako sve njih vezuje jedno: \u010ditav \u017eivot su naporno radili ali su sehranili zdravo i \u017eivjeli su s malo ili nimalo stresa. &#8220;Umjesto da slijede ritam elektronske po\u0161te ili mobitela, oni su pratili ritam prirode&#8221;, ka\u017ee.<\/p>\n\n\n\n<p><strong>Salvatore Mura<\/strong>, povjesni\u010dar i gradski vije\u0107nik u Perdasdefogu ka\u017ee kako me\u0111u tajne visoke starosti stanovnika ovog mjesta spada i \u010dinjenica da su se cijeli \u017eivot hranili povr\u0107em koje dolazi iz vlastita vrta. Ali i geni i prisan socijalni \u017eivot unutar obitelji igra va\u017enu ulogu.\u00a0&#8220;To odr\u017eava psihi\u010dku i fizi\u010dku vitalnost&#8221;, ka\u017ee Mura.<\/p>\n\n\n\n<h3 class=\"wp-block-heading\">Dugovje\u010dnost dobra za turizam<\/h3>\n\n\n\n<p>Za dugovje\u010dne stanovnike Perdasdefogua su se po\u010deli zanimati i znanstvenici. Oni \u017eele analizirati 13.000 uzoraka DNK iz provincije Ogliastra kako bi prona\u0161li odgovor na ovaj fenomen.<\/p>\n\n\n\n<p>Rektor sveu\u010dili\u0161ta u obli\u017enjem Sassariju <strong>Gavino Mariotti<\/strong> se nada da \u0107e i \u010ditava regija imati koristi od ovog istra\u017eivanja. &#8220;Nadamo se da \u0107emo mo\u0107i pokazati da ljudi na Sardiniji dobro \u017eive \u0161to bi bila dobra reklama za ovaj otok&#8221;, rekao je Mariotti.<\/p>\n\n\n\n<figure class=\"wp-block-embed is-type-video is-provider-youtube wp-block-embed-youtube wp-embed-aspect-16-9 wp-has-aspect-ratio\"><div class=\"wp-block-embed__wrapper\">\n<iframe loading=\"lazy\" title=\"Around ten people over 100 in tiny Italian town | Italy News | NewsRme\" width=\"740\" height=\"416\" src=\"https:\/\/www.youtube.com\/embed\/V3iKwcpXlQI?feature=oembed\" frameborder=\"0\" allow=\"accelerometer; autoplay; clipboard-write; encrypted-media; gyroscope; picture-in-picture\" allowfullscreen><\/iframe>\n<\/div><\/figure>\n<div id=\"mojev-1851600874\" class=\"mojev-kraj-teksta mojev-entity-placement\" style=\"margin-bottom: 20px;margin-left: auto;margin-right: auto;text-align: center;\"><div class=\"mojev-adlabel\">oglas<\/div><div style=\"height: 250px;\"><script async src=\"https:\/\/pagead2.googlesyndication.com\/pagead\/js\/adsbygoogle.js?client=ca-pub-8106111766207173\"\r\n     crossorigin=\"anonymous\"><\/script>\r\n<!-- Display-1 -->\r\n<ins class=\"adsbygoogle\"\r\n     style=\"display:block\"\r\n     data-ad-client=\"ca-pub-8106111766207173\"\r\n     data-ad-slot=\"1465712950\"\r\n     data-ad-format=\"auto\"\r\n     data-full-width-responsive=\"true\"><\/ins>\r\n<script>\r\n     (adsbygoogle = window.adsbygoogle || []).push({});\r\n<\/script><\/div><\/div>","protected":false},"excerpt":{"rendered":"<p>Za dugovje\u010dne stanovnike Perdasdefogua su se po\u010deli zanimati i znanstvenici. Oni \u017eele analizirati 13.000 uzoraka DNK iz provincije Ogliastra kako bi prona\u0161li odgovor na ovaj fenomen.<\/p>\n","protected":false},"author":1,"featured_media":63932,"comment_status":"closed","ping_status":"closed","sticky":false,"template":"","format":"standard","meta":{"footnotes":""},"categories":[2],"tags":[64,107],"class_list":["post-63927","post","type-post","status-publish","format-standard","has-post-thumbnail","hentry","category-mozaik","tag-dugovjecnost","tag-italija"],"_links":{"self":[{"href":"https:\/\/www.mojevrijeme.hr\/magazin\/wp-json\/wp\/v2\/posts\/63927","targetHints":{"allow":["GET"]}}],"collection":[{"href":"https:\/\/www.mojevrijeme.hr\/magazin\/wp-json\/wp\/v2\/posts"}],"about":[{"href":"https:\/\/www.mojevrijeme.hr\/magazin\/wp-json\/wp\/v2\/types\/post"}],"author":[{"embeddable":true,"href":"https:\/\/www.mojevrijeme.hr\/magazin\/wp-json\/wp\/v2\/users\/1"}],"replies":[{"embeddable":true,"href":"https:\/\/www.mojevrijeme.hr\/magazin\/wp-json\/wp\/v2\/comments?post=63927"}],"version-history":[{"count":0,"href":"https:\/\/www.mojevrijeme.hr\/magazin\/wp-json\/wp\/v2\/posts\/63927\/revisions"}],"wp:featuredmedia":[{"embeddable":true,"href":"https:\/\/www.mojevrijeme.hr\/magazin\/wp-json\/wp\/v2\/media\/63932"}],"wp:attachment":[{"href":"https:\/\/www.mojevrijeme.hr\/magazin\/wp-json\/wp\/v2\/media?parent=63927"}],"wp:term":[{"taxonomy":"category","embeddable":true,"href":"https:\/\/www.mojevrijeme.hr\/magazin\/wp-json\/wp\/v2\/categories?post=63927"},{"taxonomy":"post_tag","embeddable":true,"href":"https:\/\/www.mojevrijeme.hr\/magazin\/wp-json\/wp\/v2\/tags?post=63927"}],"curies":[{"name":"wp","href":"https:\/\/api.w.org\/{rel}","templated":true}]}}