{"id":63959,"date":"2022-10-05T15:14:07","date_gmt":"2022-10-05T13:14:07","guid":{"rendered":"https:\/\/www.mojevrijeme.hr\/magazin\/?p=63959"},"modified":"2022-10-05T15:24:05","modified_gmt":"2022-10-05T13:24:05","slug":"milanovic-je-bolestan","status":"publish","type":"post","link":"https:\/\/www.mojevrijeme.hr\/magazin\/2022\/10\/milanovic-je-bolestan\/","title":{"rendered":"Zbog jake viroze predsjednik Zoran Milanovi\u0107 \u0107e raditi &#8216;od doma&#8217;"},"content":{"rendered":"\n<p>Predsjednik&nbsp;Zoran Milanovi\u0107 ne\u0107e u \u010detvrtak sudjelovati na sastanku \u0161efova dr\u017eava &#8220;Arriaolos grupe&#8221; na Malti zbog zdravstvenih pote\u0161ko\u0107a izazvanih jakom virozom, priop\u0107eno je s Pantov\u010daka.&nbsp;<\/p>\n\n\n\n<p>Predsjednik se jutros testirao na koronavirus&nbsp;i nalaz je negativan. Svoje obveze idu\u0107ih dana nastavit \u0107e obavljati od ku\u0107e, pi\u0161e u priop\u0107enju. <\/p>\n\n\n\n<p>Skupina Arrailos neformalno je okupljanje predsjednika dr\u017eava iz parlamentarnih i polupredsjedni\u010dkih zemalja EU-a jednom godi\u0161nje, a ove se godine odr\u017eava u malte\u0161koj Valleti.<\/p><div id=\"mojev-3834888761\" class=\"mojev-u-tekstu mojev-entity-placement\" style=\"margin-left: auto;margin-right: auto;text-align: center;\"><div class=\"mojev-adlabel\">oglas<\/div><div style=\"height: 250px;\"><script async src=\"https:\/\/pagead2.googlesyndication.com\/pagead\/js\/adsbygoogle.js?client=ca-pub-8106111766207173\"\r\n     crossorigin=\"anonymous\"><\/script>\r\n<!-- Prikazni 1 u tekstu -->\r\n<ins class=\"adsbygoogle\"\r\n     style=\"display:block\"\r\n     data-ad-client=\"ca-pub-8106111766207173\"\r\n     data-ad-slot=\"8535551207\"\r\n     data-ad-format=\"auto\"\r\n     data-full-width-responsive=\"true\"><\/ins>\r\n<script>\r\n     (adsbygoogle = window.adsbygoogle || []).push({});\r\n<\/script><\/div><\/div><br style=\"clear: both; display: block; float: none;\"\/>\n<div id=\"mojev-59133656\" class=\"mojev-kraj-teksta mojev-entity-placement\" style=\"margin-bottom: 20px;margin-left: auto;margin-right: auto;text-align: center;\"><div class=\"mojev-adlabel\">oglas<\/div><div style=\"height: 250px;\"><script async src=\"https:\/\/pagead2.googlesyndication.com\/pagead\/js\/adsbygoogle.js?client=ca-pub-8106111766207173\"\r\n     crossorigin=\"anonymous\"><\/script>\r\n<!-- Display-1 -->\r\n<ins class=\"adsbygoogle\"\r\n     style=\"display:block\"\r\n     data-ad-client=\"ca-pub-8106111766207173\"\r\n     data-ad-slot=\"1465712950\"\r\n     data-ad-format=\"auto\"\r\n     data-full-width-responsive=\"true\"><\/ins>\r\n<script>\r\n     (adsbygoogle = window.adsbygoogle || []).push({});\r\n<\/script><\/div><\/div>","protected":false},"excerpt":{"rendered":"<p>Zbog iznenadne bolesti otkazao je put na Maltu gdje su se neformalno trebali okupiti predsjednici dr\u017eava iz parlamentarnih i polupredsjedni\u010dkih zemalja Europske unije. <\/p>\n","protected":false},"author":1,"featured_media":34333,"comment_status":"closed","ping_status":"closed","sticky":false,"template":"","format":"standard","meta":{"footnotes":""},"categories":[9],"tags":[680,300],"class_list":["post-63959","post","type-post","status-publish","format-standard","has-post-thumbnail","hentry","category-vijesti","tag-bolesti","tag-zoran-milanovic"],"_links":{"self":[{"href":"https:\/\/www.mojevrijeme.hr\/magazin\/wp-json\/wp\/v2\/posts\/63959","targetHints":{"allow":["GET"]}}],"collection":[{"href":"https:\/\/www.mojevrijeme.hr\/magazin\/wp-json\/wp\/v2\/posts"}],"about":[{"href":"https:\/\/www.mojevrijeme.hr\/magazin\/wp-json\/wp\/v2\/types\/post"}],"author":[{"embeddable":true,"href":"https:\/\/www.mojevrijeme.hr\/magazin\/wp-json\/wp\/v2\/users\/1"}],"replies":[{"embeddable":true,"href":"https:\/\/www.mojevrijeme.hr\/magazin\/wp-json\/wp\/v2\/comments?post=63959"}],"version-history":[{"count":0,"href":"https:\/\/www.mojevrijeme.hr\/magazin\/wp-json\/wp\/v2\/posts\/63959\/revisions"}],"wp:featuredmedia":[{"embeddable":true,"href":"https:\/\/www.mojevrijeme.hr\/magazin\/wp-json\/wp\/v2\/media\/34333"}],"wp:attachment":[{"href":"https:\/\/www.mojevrijeme.hr\/magazin\/wp-json\/wp\/v2\/media?parent=63959"}],"wp:term":[{"taxonomy":"category","embeddable":true,"href":"https:\/\/www.mojevrijeme.hr\/magazin\/wp-json\/wp\/v2\/categories?post=63959"},{"taxonomy":"post_tag","embeddable":true,"href":"https:\/\/www.mojevrijeme.hr\/magazin\/wp-json\/wp\/v2\/tags?post=63959"}],"curies":[{"name":"wp","href":"https:\/\/api.w.org\/{rel}","templated":true}]}}