{"id":63978,"date":"2022-10-06T10:06:35","date_gmt":"2022-10-06T08:06:35","guid":{"rendered":"https:\/\/www.mojevrijeme.hr\/magazin\/?p=63978"},"modified":"2022-10-06T10:39:16","modified_gmt":"2022-10-06T08:39:16","slug":"umrla-je-ankica-tudman","status":"publish","type":"post","link":"https:\/\/www.mojevrijeme.hr\/magazin\/2022\/10\/umrla-je-ankica-tudman\/","title":{"rendered":"Umrla je Ankica Tu\u0111man"},"content":{"rendered":"\n<p><strong>Ankica Tu\u0111man<\/strong>, supruga prvog hrvatskog predsjednika, preminula je u 97. godini \u017eivota. <\/p>\n\n\n\n<p>Ro\u0111ena je kao Ankica \u017dumbar u srpnju 1926. godine u Zagrebu. U Zagrebu se \u0161kolovala sve do odlaska u partizane u prolje\u0107e 1944. godine. Iste godine upoznala je svog budu\u0107eg supruga Franju Tu\u0111mana, \u0161efa Personalnog odjela X. Zagreba\u010dkog korpusa u kojem je komesar bio Ivan \u0160ibl.<\/p>\n\n\n\n<p>&#8220;Francek je bio vrlo ozbiljan i odgovoran za svoje 22 godine i znao je da za na\u0161u ljubav nema vremena ni mogu\u0107nosti dok traje rat, ali su na\u0161i osje\u0107aji govorili da \u0107emo sve to ubrzo nadoknaditi&#8221;, napisala je kasnije. Samo godinu kasnije, netom po zavr\u0161etku Drugog svjetskog rata, u svibnju 1945. godine, Ankica se udala za Franju Tu\u0111mana.<\/p><div id=\"mojev-1214774892\" class=\"mojev-u-tekstu mojev-entity-placement\" style=\"margin-left: auto;margin-right: auto;text-align: center;\"><div class=\"mojev-adlabel\">oglas<\/div><div style=\"height: 250px;\"><script async src=\"https:\/\/pagead2.googlesyndication.com\/pagead\/js\/adsbygoogle.js?client=ca-pub-8106111766207173\"\r\n     crossorigin=\"anonymous\"><\/script>\r\n<!-- Prikazni 1 u tekstu -->\r\n<ins class=\"adsbygoogle\"\r\n     style=\"display:block\"\r\n     data-ad-client=\"ca-pub-8106111766207173\"\r\n     data-ad-slot=\"8535551207\"\r\n     data-ad-format=\"auto\"\r\n     data-full-width-responsive=\"true\"><\/ins>\r\n<script>\r\n     (adsbygoogle = window.adsbygoogle || []).push({});\r\n<\/script><\/div><\/div><br style=\"clear: both; display: block; float: none;\"\/>\n\n\n\n<p>U svibnju 1946. godine dobili su prvog sina Miroslava. &#8220;Bila sam mlada, ali dovoljno zrela da shvatim koliko je maj\u010dinstvo odgovoran zadatak. Francek je bio ushi\u0107en mojom trudno\u0107om i odmah je rekao: &#8216;Ako bude sin, zvat \u0107e se Miroslav, kao na\u0161 veliki hrvatski knji\u017eevnik Miroslav Krle\u017ea&#8217;. Rodila sam sina 25. svibnja 1946., godinu dana poslije na\u0161eg vjen\u010danja. Bili smo presretni. Gledala sam ga sretnim o\u010dima majke \u017eele\u0107i da i on bude sretan u \u017eivotu&#8221;, napisala je u svojim memoarima. Dvije godine kasnije rodio se Stjepan, a u o\u017eujku 1951. godine i k\u0107er Nevenka.<\/p>\n<div id=\"mojev-1688852290\" class=\"mojev-kraj-teksta mojev-entity-placement\" style=\"margin-bottom: 20px;margin-left: auto;margin-right: auto;text-align: center;\"><div class=\"mojev-adlabel\">oglas<\/div><div style=\"height: 250px;\"><script async src=\"https:\/\/pagead2.googlesyndication.com\/pagead\/js\/adsbygoogle.js?client=ca-pub-8106111766207173\"\r\n     crossorigin=\"anonymous\"><\/script>\r\n<!-- Display-1 -->\r\n<ins class=\"adsbygoogle\"\r\n     style=\"display:block\"\r\n     data-ad-client=\"ca-pub-8106111766207173\"\r\n     data-ad-slot=\"1465712950\"\r\n     data-ad-format=\"auto\"\r\n     data-full-width-responsive=\"true\"><\/ins>\r\n<script>\r\n     (adsbygoogle = window.adsbygoogle || []).push({});\r\n<\/script><\/div><\/div>","protected":false},"excerpt":{"rendered":"<p>U svibnju 1946. godine dobili su prvog sina Miroslava, dvije godine kasnije rodio se Stjepan, a u o\u017eujku 1951. godine i k\u0107er Nevenka.<\/p>\n","protected":false},"author":1,"featured_media":53115,"comment_status":"closed","ping_status":"closed","sticky":false,"template":"","format":"standard","meta":{"footnotes":""},"categories":[9],"tags":[3308,724],"class_list":["post-63978","post","type-post","status-publish","format-standard","has-post-thumbnail","hentry","category-vijesti","tag-ankica-tudman","tag-in-memoriam"],"_links":{"self":[{"href":"https:\/\/www.mojevrijeme.hr\/magazin\/wp-json\/wp\/v2\/posts\/63978","targetHints":{"allow":["GET"]}}],"collection":[{"href":"https:\/\/www.mojevrijeme.hr\/magazin\/wp-json\/wp\/v2\/posts"}],"about":[{"href":"https:\/\/www.mojevrijeme.hr\/magazin\/wp-json\/wp\/v2\/types\/post"}],"author":[{"embeddable":true,"href":"https:\/\/www.mojevrijeme.hr\/magazin\/wp-json\/wp\/v2\/users\/1"}],"replies":[{"embeddable":true,"href":"https:\/\/www.mojevrijeme.hr\/magazin\/wp-json\/wp\/v2\/comments?post=63978"}],"version-history":[{"count":0,"href":"https:\/\/www.mojevrijeme.hr\/magazin\/wp-json\/wp\/v2\/posts\/63978\/revisions"}],"wp:featuredmedia":[{"embeddable":true,"href":"https:\/\/www.mojevrijeme.hr\/magazin\/wp-json\/wp\/v2\/media\/53115"}],"wp:attachment":[{"href":"https:\/\/www.mojevrijeme.hr\/magazin\/wp-json\/wp\/v2\/media?parent=63978"}],"wp:term":[{"taxonomy":"category","embeddable":true,"href":"https:\/\/www.mojevrijeme.hr\/magazin\/wp-json\/wp\/v2\/categories?post=63978"},{"taxonomy":"post_tag","embeddable":true,"href":"https:\/\/www.mojevrijeme.hr\/magazin\/wp-json\/wp\/v2\/tags?post=63978"}],"curies":[{"name":"wp","href":"https:\/\/api.w.org\/{rel}","templated":true}]}}