{"id":64000,"date":"2022-10-06T20:27:21","date_gmt":"2022-10-06T18:27:21","guid":{"rendered":"https:\/\/www.mojevrijeme.hr\/magazin\/?p=64000"},"modified":"2022-10-06T20:30:30","modified_gmt":"2022-10-06T18:30:30","slug":"hrvati-stede-na-hrani-ovih-namirnica-su-se-najvise-odrekli-u-krizi","status":"publish","type":"post","link":"https:\/\/www.mojevrijeme.hr\/magazin\/2022\/10\/hrvati-stede-na-hrani-ovih-namirnica-su-se-najvise-odrekli-u-krizi\/","title":{"rendered":"Hrvati \u0161tede na hrani, ovih namirnica su se najvi\u0161e odrekli zbog krize"},"content":{"rendered":"\n<p>Prodaja najtra\u017eenijih proizvoda u trgovinama pada od po\u010detka ove krizne godine. Pokazalo je to veliko GFK istra\u017eivanje potro\u0161a\u010dkih navika u 1.500 hrvatskih ku\u0107anstava. <a href=\"https:\/\/www.rtl.hr\/vijesti\/hrvatska\/zbog-inflacije-smo-odustali-do-nekih-luksuza-manje-kupujemo-ulje-secer-kobasice-maslac-26e0ecf2-458f-11ed-b946-46e92a9b34ce\" target=\"_blank\" rel=\"noreferrer noopener\">RTL<\/a> je slo\u017eio popis \u010dega su se Hrvati odrekli.<\/p>\n\n\n\n<p>Ulje, koje je do rujna poskupilo 52 posto, prodaje se manje&nbsp;nego&nbsp;obi\u010dno i to izme\u0111u 5 i 10 posto. Sli\u010dno je s bra\u0161nom i mlijekom koje je 28, odnosno 27 posto skuplje. \u0160e\u0107er je ne\u0161to manje poskupio, ali jednako ga manje kupujemo. Maslaca se sve vi\u0161e gra\u0111ani odri\u010du &#8211; kupili su ga 10 posto manje ove godine.<\/p>\n\n\n\n<p>Trajne kobasice, ali i one za ro\u0161tilj skuplje su 13 posto, ali pad prodaje od desetak posto pokazuje da nekima o\u010dito postaju luksuz kojeg si ne mogu priu\u0161titi. I hrenovke se, kao najjeftinije kobasice, kupuju manje, ali ne toliko kao salame,&nbsp;iako&nbsp;su one vi\u0161e poskupjele.<\/p><div id=\"mojev-3162375425\" class=\"mojev-u-tekstu mojev-entity-placement\" style=\"margin-left: auto;margin-right: auto;text-align: center;\"><div class=\"mojev-adlabel\">oglas<\/div><div style=\"height: 250px;\"><script async src=\"https:\/\/pagead2.googlesyndication.com\/pagead\/js\/adsbygoogle.js?client=ca-pub-8106111766207173\"\r\n     crossorigin=\"anonymous\"><\/script>\r\n<!-- Prikazni 1 u tekstu -->\r\n<ins class=\"adsbygoogle\"\r\n     style=\"display:block\"\r\n     data-ad-client=\"ca-pub-8106111766207173\"\r\n     data-ad-slot=\"8535551207\"\r\n     data-ad-format=\"auto\"\r\n     data-full-width-responsive=\"true\"><\/ins>\r\n<script>\r\n     (adsbygoogle = window.adsbygoogle || []).push({});\r\n<\/script><\/div><\/div><br style=\"clear: both; display: block; float: none;\"\/>\n<div id=\"mojev-2390366767\" class=\"mojev-kraj-teksta mojev-entity-placement\" style=\"margin-bottom: 20px;margin-left: auto;margin-right: auto;text-align: center;\"><div class=\"mojev-adlabel\">oglas<\/div><div style=\"height: 250px;\"><script async src=\"https:\/\/pagead2.googlesyndication.com\/pagead\/js\/adsbygoogle.js?client=ca-pub-8106111766207173\"\r\n     crossorigin=\"anonymous\"><\/script>\r\n<!-- Display-1 -->\r\n<ins class=\"adsbygoogle\"\r\n     style=\"display:block\"\r\n     data-ad-client=\"ca-pub-8106111766207173\"\r\n     data-ad-slot=\"1465712950\"\r\n     data-ad-format=\"auto\"\r\n     data-full-width-responsive=\"true\"><\/ins>\r\n<script>\r\n     (adsbygoogle = window.adsbygoogle || []).push({});\r\n<\/script><\/div><\/div>","protected":false},"excerpt":{"rendered":"<p>Zbog poskupljenja i inflacije tro\u0161imo sve manje, \u0161tedimo gdje mo\u017eemo. Na\u017ealost, krenulo se od hrane. <\/p>\n","protected":false},"author":1,"featured_media":23372,"comment_status":"closed","ping_status":"closed","sticky":false,"template":"","format":"standard","meta":{"footnotes":""},"categories":[9],"tags":[3265,42,236],"class_list":["post-64000","post","type-post","status-publish","format-standard","has-post-thumbnail","hentry","category-vijesti","tag-poskupljenja","tag-prehrana","tag-standard"],"_links":{"self":[{"href":"https:\/\/www.mojevrijeme.hr\/magazin\/wp-json\/wp\/v2\/posts\/64000","targetHints":{"allow":["GET"]}}],"collection":[{"href":"https:\/\/www.mojevrijeme.hr\/magazin\/wp-json\/wp\/v2\/posts"}],"about":[{"href":"https:\/\/www.mojevrijeme.hr\/magazin\/wp-json\/wp\/v2\/types\/post"}],"author":[{"embeddable":true,"href":"https:\/\/www.mojevrijeme.hr\/magazin\/wp-json\/wp\/v2\/users\/1"}],"replies":[{"embeddable":true,"href":"https:\/\/www.mojevrijeme.hr\/magazin\/wp-json\/wp\/v2\/comments?post=64000"}],"version-history":[{"count":0,"href":"https:\/\/www.mojevrijeme.hr\/magazin\/wp-json\/wp\/v2\/posts\/64000\/revisions"}],"wp:featuredmedia":[{"embeddable":true,"href":"https:\/\/www.mojevrijeme.hr\/magazin\/wp-json\/wp\/v2\/media\/23372"}],"wp:attachment":[{"href":"https:\/\/www.mojevrijeme.hr\/magazin\/wp-json\/wp\/v2\/media?parent=64000"}],"wp:term":[{"taxonomy":"category","embeddable":true,"href":"https:\/\/www.mojevrijeme.hr\/magazin\/wp-json\/wp\/v2\/categories?post=64000"},{"taxonomy":"post_tag","embeddable":true,"href":"https:\/\/www.mojevrijeme.hr\/magazin\/wp-json\/wp\/v2\/tags?post=64000"}],"curies":[{"name":"wp","href":"https:\/\/api.w.org\/{rel}","templated":true}]}}