{"id":64021,"date":"2022-10-07T21:15:00","date_gmt":"2022-10-07T19:15:00","guid":{"rendered":"https:\/\/www.mojevrijeme.hr\/magazin\/?p=64021"},"modified":"2022-10-08T09:18:19","modified_gmt":"2022-10-08T07:18:19","slug":"sluzbeno-je-uz-zadrzavanje-svoje-nasljedivat-ce-se-do-27-posto-mirovine-umrlog-supruznika-ili-partnera","status":"publish","type":"post","link":"https:\/\/www.mojevrijeme.hr\/magazin\/2022\/10\/sluzbeno-je-uz-zadrzavanje-svoje-nasljedivat-ce-se-do-27-posto-mirovine-umrlog-supruznika-ili-partnera\/","title":{"rendered":"Slu\u017ebeno je: Uz zadr\u017eavanje svoje, naslje\u0111ivat \u0107e se do 27 posto mirovine umrlog supru\u017enika ili partnera"},"content":{"rendered":"\n<p>Uz zadr\u017eavanje vlastite, hrvatski umirovljenici mo\u0107i \u0107e naslijediti i 27 posto obiteljske mirovine preminulog supru\u017enika, novi model naslje\u0111ivanja obiteljskih mirovina po\u010det \u0107e se primjenjivati od idu\u0107e godine.<\/p>\n\n\n\n<p>Ure\u0111eno je to izmjenama Zakona o mirovinskom osiguranju koje je jednoglasno, sa 123 glasa, donio Hrvatski sabor. Spomenutom novinom bit \u0107e obuhva\u0107eno vi\u0161e od 155 tisu\u0107a korisnika s prosje\u010dnim pove\u0107anjem ukupnog prihoda od 510 kuna mjese\u010dno.<br><br>&#8220;Korisnici mirovine koji zbog smrti bra\u010dnog ili izvanbra\u010dnog druga ostaju bez zna\u010dajno dijela prihoda potencijalno su izlo\u017eeni riziku od siroma\u0161tva&#8221;, objasnio je ministar rada i mirovinskog sustava Marin Pileti\u0107.<\/p>\n\n\n\n<p>Slijedom amandmana<strong>\u00a0Silvana Hrelje<\/strong>\u00a0(HSU), umirovljenike s dugogodi\u0161njim sta\u017eem motivirat \u0107e se da ostanu u svijetu rada, neovisno \u0161to imaju prosje\u010dno vi\u0161e od 42 godine sta\u017ea.<br><br>Pove\u0107ava se i polazni faktor za svaki mjesec ostvarivanja prava na starosnu mirovinu nakon navr\u0161ene propisane starosne dobi, tzv. bonifikacija sa sada\u0161njih 0,34 posto na 0,45 posto, kao i polazni faktor za ponovno odre\u0111ivanje mirovine koja je bila obustavljena u razdoblju zaposlenja sa 0,15 posto na 0,25 posto.<br><br>Time se poti\u010de du\u017ei ostanak u svijetu rada te otvara mogu\u0107nost za ve\u0107u mirovinu, jer se, primjerice, za najvi\u0161e pet godina kasnijeg umirovljenja mirovina mo\u017ee pove\u0107ati za 27 posto dok se prema va\u017ee\u0107oj bonifikaciji mo\u017ee pove\u0107ati za 20,4%.<\/p><div id=\"mojev-1361170322\" class=\"mojev-u-tekstu mojev-entity-placement\" style=\"margin-left: auto;margin-right: auto;text-align: center;\"><div class=\"mojev-adlabel\">oglas<\/div><div style=\"height: 250px;\"><script async src=\"https:\/\/pagead2.googlesyndication.com\/pagead\/js\/adsbygoogle.js?client=ca-pub-8106111766207173\"\r\n     crossorigin=\"anonymous\"><\/script>\r\n<!-- Prikazni 1 u tekstu -->\r\n<ins class=\"adsbygoogle\"\r\n     style=\"display:block\"\r\n     data-ad-client=\"ca-pub-8106111766207173\"\r\n     data-ad-slot=\"8535551207\"\r\n     data-ad-format=\"auto\"\r\n     data-full-width-responsive=\"true\"><\/ins>\r\n<script>\r\n     (adsbygoogle = window.adsbygoogle || []).push({});\r\n<\/script><\/div><\/div><br style=\"clear: both; display: block; float: none;\"\/>\n\n\n\n<p><strong>&#8220;<\/strong>Od 1. sije\u010dnja 2023. najni\u017ee mirovine dodatno rastu za ukupno 3 posto. U 2023. godini na taj \u0107e se na\u010din pove\u0107ati mirovina za 287.000 korisnika najni\u017ee mirovine2, rekao je ministar rada i mirovinskog sustava\u00a0<strong>Marin Pileti\u0107. <\/strong>Za provedbu donesenog Zakona, dr\u017eava je u prora\u010dunu za 2023. osigurala dodatnih 1,3 milijardi kuna, u 2024. 1,5 milijardi kuna, a u 2025. godini 1,6 milijardi kuna, dakle ukupno vi\u0161e od 4,5 milijardi kuna.<\/p>\n<div id=\"mojev-424943174\" class=\"mojev-kraj-teksta mojev-entity-placement\" style=\"margin-bottom: 20px;margin-left: auto;margin-right: auto;text-align: center;\"><div class=\"mojev-adlabel\">oglas<\/div><div style=\"height: 250px;\"><script async src=\"https:\/\/pagead2.googlesyndication.com\/pagead\/js\/adsbygoogle.js?client=ca-pub-8106111766207173\"\r\n     crossorigin=\"anonymous\"><\/script>\r\n<!-- Display-1 -->\r\n<ins class=\"adsbygoogle\"\r\n     style=\"display:block\"\r\n     data-ad-client=\"ca-pub-8106111766207173\"\r\n     data-ad-slot=\"1465712950\"\r\n     data-ad-format=\"auto\"\r\n     data-full-width-responsive=\"true\"><\/ins>\r\n<script>\r\n     (adsbygoogle = window.adsbygoogle || []).push({});\r\n<\/script><\/div><\/div>","protected":false},"excerpt":{"rendered":"<p>Slijedom amandmana\u00a0Silvana Hrelje\u00a0(HSU), umirovljenike s dugogodi\u0161njim sta\u017eem motivirat \u0107e se da ostanu u svijetu rada, neovisno \u0161to imaju prosje\u010dno vi\u0161e od 42 godine sta\u017ea.<\/p>\n","protected":false},"author":1,"featured_media":55682,"comment_status":"closed","ping_status":"closed","sticky":false,"template":"","format":"standard","meta":{"footnotes":""},"categories":[9],"tags":[1116,1010],"class_list":["post-64021","post","type-post","status-publish","format-standard","has-post-thumbnail","hentry","category-vijesti","tag-mirovinska-reforma","tag-obiteske-mirovine"],"_links":{"self":[{"href":"https:\/\/www.mojevrijeme.hr\/magazin\/wp-json\/wp\/v2\/posts\/64021","targetHints":{"allow":["GET"]}}],"collection":[{"href":"https:\/\/www.mojevrijeme.hr\/magazin\/wp-json\/wp\/v2\/posts"}],"about":[{"href":"https:\/\/www.mojevrijeme.hr\/magazin\/wp-json\/wp\/v2\/types\/post"}],"author":[{"embeddable":true,"href":"https:\/\/www.mojevrijeme.hr\/magazin\/wp-json\/wp\/v2\/users\/1"}],"replies":[{"embeddable":true,"href":"https:\/\/www.mojevrijeme.hr\/magazin\/wp-json\/wp\/v2\/comments?post=64021"}],"version-history":[{"count":0,"href":"https:\/\/www.mojevrijeme.hr\/magazin\/wp-json\/wp\/v2\/posts\/64021\/revisions"}],"wp:featuredmedia":[{"embeddable":true,"href":"https:\/\/www.mojevrijeme.hr\/magazin\/wp-json\/wp\/v2\/media\/55682"}],"wp:attachment":[{"href":"https:\/\/www.mojevrijeme.hr\/magazin\/wp-json\/wp\/v2\/media?parent=64021"}],"wp:term":[{"taxonomy":"category","embeddable":true,"href":"https:\/\/www.mojevrijeme.hr\/magazin\/wp-json\/wp\/v2\/categories?post=64021"},{"taxonomy":"post_tag","embeddable":true,"href":"https:\/\/www.mojevrijeme.hr\/magazin\/wp-json\/wp\/v2\/tags?post=64021"}],"curies":[{"name":"wp","href":"https:\/\/api.w.org\/{rel}","templated":true}]}}