{"id":64211,"date":"2022-10-15T20:47:42","date_gmt":"2022-10-15T18:47:42","guid":{"rendered":"https:\/\/www.mojevrijeme.hr\/magazin\/?p=64211"},"modified":"2022-10-16T22:13:34","modified_gmt":"2022-10-16T20:13:34","slug":"maja-sever-prozvala-tomasevica-kantu-u-dvoriste-ne-vracam-dok-ju-ne-ispraznite","status":"publish","type":"post","link":"https:\/\/www.mojevrijeme.hr\/magazin\/2022\/10\/maja-sever-prozvala-tomasevica-kantu-u-dvoriste-ne-vracam-dok-ju-ne-ispraznite\/","title":{"rendered":"Maja Sever prozvala Toma\u0161evi\u0107a: &#8216;Kantu u dvori\u0161te ne vra\u0107am dok ju ne ispraznite!&#8217;"},"content":{"rendered":"\n<p>Novi zagreba\u010dki model prikupljanja i naplate odvoza otpada u primjeni je ve\u0107 dva tjedna, no \u010dini se da pritu\u017ebe gra\u0111ana ne jenjavaju. Od po\u010detnog nedostatka zagreba\u010dkih vre\u0107ica u trgova\u010dkim lancima &#8211; preko nerazumijevanja samog odvajanja &#8211; do zamjerki na raspored odvoza kojeg se Grad ne pridr\u017eava. <\/p>\n\n\n\n<p>Posljednja u nizu pobunila se novinarka Hrvatske televizije <strong>Maja Sever<\/strong> nezadovoljna \u0161to, usprkos najavi, radnici \u010cisto\u0107e nisu pokupili bio otpad ispred njenih ku\u0107nih vrata. <\/p>\n\n\n\n<p>U objavi koju je adresirala na Zagreba\u010dki holding, platformu Mo\u017eemo  i gradona\u010delnika Tomislava Toma\u0161evi\u0107a, novinarka je napisala: &#8220;Ju\u010der je bio drugi petak kako niste pokupili bio otpad. Jutros sam poslala poruku Holdingu, zvala i rekli su da \u0107e popodne pokupiti. Nisu pokupili. Bio sme\u0107e se usmrdilo. Ja ga u dvori\u0161te ne vra\u0107am!&#8221;<\/p><div id=\"mojev-1315049834\" class=\"mojev-u-tekstu mojev-entity-placement\" style=\"margin-left: auto;margin-right: auto;text-align: center;\"><div class=\"mojev-adlabel\">oglas<\/div><div style=\"height: 250px;\"><script async src=\"https:\/\/pagead2.googlesyndication.com\/pagead\/js\/adsbygoogle.js?client=ca-pub-8106111766207173\"\r\n     crossorigin=\"anonymous\"><\/script>\r\n<!-- Prikazni 1 u tekstu -->\r\n<ins class=\"adsbygoogle\"\r\n     style=\"display:block\"\r\n     data-ad-client=\"ca-pub-8106111766207173\"\r\n     data-ad-slot=\"8535551207\"\r\n     data-ad-format=\"auto\"\r\n     data-full-width-responsive=\"true\"><\/ins>\r\n<script>\r\n     (adsbygoogle = window.adsbygoogle || []).push({});\r\n<\/script><\/div><\/div><br style=\"clear: both; display: block; float: none;\"\/>\n\n\n\n<p>&#8220;Pa, Tomislav Toma\u0161evi\u0107 ka\u017enjavaj koga god ho\u0107e\u0161. Mi kantu u dvori\u0161te vra\u0107amo kad je vi ispraznite&#8221;, zaklju\u010dila je Maja Sever uz fotografiju neispra\u017enjene kante za bio otpad ispred haustora.<\/p>\n\n\n\n<iframe loading=\"lazy\" src=\"https:\/\/www.facebook.com\/plugins\/post.php?href=https%3A%2F%2Fwww.facebook.com%2Fmaja.sever%2Fposts%2Fpfbid02GdNCBJzfF8UffqVQJQXAoT4xjFKJZFT4k38J9HP6XZaJt61kAJ1VNk4XcapFahazl&amp;width=740&amp;show_text=true&amp;appId=702830876459350&amp;height=667\" width=\"740\" height=\"667\" style=\"border:none;overflow:hidden\" scrolling=\"no\" frameborder=\"0\" allowfullscreen=\"true\" allow=\"autoplay; clipboard-write; encrypted-media; picture-in-picture; web-share\"><\/iframe>\n<div id=\"mojev-4150606474\" class=\"mojev-kraj-teksta mojev-entity-placement\" style=\"margin-bottom: 20px;margin-left: auto;margin-right: auto;text-align: center;\"><div class=\"mojev-adlabel\">oglas<\/div><div style=\"height: 250px;\"><script async src=\"https:\/\/pagead2.googlesyndication.com\/pagead\/js\/adsbygoogle.js?client=ca-pub-8106111766207173\"\r\n     crossorigin=\"anonymous\"><\/script>\r\n<!-- Display-1 -->\r\n<ins class=\"adsbygoogle\"\r\n     style=\"display:block\"\r\n     data-ad-client=\"ca-pub-8106111766207173\"\r\n     data-ad-slot=\"1465712950\"\r\n     data-ad-format=\"auto\"\r\n     data-full-width-responsive=\"true\"><\/ins>\r\n<script>\r\n     (adsbygoogle = window.adsbygoogle || []).push({});\r\n<\/script><\/div><\/div>","protected":false},"excerpt":{"rendered":"<p>Posljednja u nizu pobunila se novinarka Hrvatske televizije Maja Sever nezadovoljna \u0161to, usprkos najavi, radnici \u010cisto\u0107e nisu pokupili bio otpad ispred njenih ku\u0107nih vrata. <\/p>\n","protected":false},"author":1,"featured_media":50266,"comment_status":"closed","ping_status":"closed","sticky":false,"template":"","format":"standard","meta":{"footnotes":""},"categories":[9],"tags":[2816,2817,605,2670,629],"class_list":["post-64211","post","type-post","status-publish","format-standard","has-post-thumbnail","hentry","category-vijesti","tag-maja-sever","tag-novinari","tag-otpad","tag-tomislav-tomasevic","tag-zagrebacki-holding"],"_links":{"self":[{"href":"https:\/\/www.mojevrijeme.hr\/magazin\/wp-json\/wp\/v2\/posts\/64211","targetHints":{"allow":["GET"]}}],"collection":[{"href":"https:\/\/www.mojevrijeme.hr\/magazin\/wp-json\/wp\/v2\/posts"}],"about":[{"href":"https:\/\/www.mojevrijeme.hr\/magazin\/wp-json\/wp\/v2\/types\/post"}],"author":[{"embeddable":true,"href":"https:\/\/www.mojevrijeme.hr\/magazin\/wp-json\/wp\/v2\/users\/1"}],"replies":[{"embeddable":true,"href":"https:\/\/www.mojevrijeme.hr\/magazin\/wp-json\/wp\/v2\/comments?post=64211"}],"version-history":[{"count":0,"href":"https:\/\/www.mojevrijeme.hr\/magazin\/wp-json\/wp\/v2\/posts\/64211\/revisions"}],"wp:featuredmedia":[{"embeddable":true,"href":"https:\/\/www.mojevrijeme.hr\/magazin\/wp-json\/wp\/v2\/media\/50266"}],"wp:attachment":[{"href":"https:\/\/www.mojevrijeme.hr\/magazin\/wp-json\/wp\/v2\/media?parent=64211"}],"wp:term":[{"taxonomy":"category","embeddable":true,"href":"https:\/\/www.mojevrijeme.hr\/magazin\/wp-json\/wp\/v2\/categories?post=64211"},{"taxonomy":"post_tag","embeddable":true,"href":"https:\/\/www.mojevrijeme.hr\/magazin\/wp-json\/wp\/v2\/tags?post=64211"}],"curies":[{"name":"wp","href":"https:\/\/api.w.org\/{rel}","templated":true}]}}