{"id":6425,"date":"2016-02-19T20:32:28","date_gmt":"2016-02-19T19:32:28","guid":{"rendered":"http:\/\/www.mojevrijeme.hr\/magazin\/?p=6425"},"modified":"2023-05-14T13:10:06","modified_gmt":"2023-05-14T11:10:06","slug":"poljem-prkosa-usrecio-slijepu-suprugu","status":"publish","type":"post","link":"https:\/\/www.mojevrijeme.hr\/magazin\/2016\/02\/poljem-prkosa-usrecio-slijepu-suprugu\/","title":{"rendered":"Poljem prkosa usre\u0107io slijepu suprugu"},"content":{"rendered":"<p><strong>Toshiyuki Kuroki<\/strong> u braku je sa svojom suprugom <strong>Yasuko<\/strong> ve\u0107 punih 60 godina. \u017divot su proveli u prefekturi Miyazaki, odgajaju\u0107i dvoje djece i vode\u0107i vlastitu farmu.<\/p>\n<p>Kako javljaju japanski mediji, 30 godina rano su se dizali kako bi nahranili svojih 60 krava, sanjaju\u0107i kako \u0107e u starosti putovati svijetom. A onda je Yasuko te\u0161ko oboljela. U svega nekoliko dana dijabetes joj je odnio vid. Umjesto upoznavanja svijeta, \u00a0ina\u010de vesela \u017eena, postala je depresivna, zatvorila se u ku\u0107u i s godinama se udaljila od ljudi.<\/p>\n<p>No o\u010dajan Toshiyuki smislio je rje\u0161enje. Pomislio je kako bi njegovu suprugu mogli razveseliti posjetitelji, barem jedan ili dva dnevno. Pa je njihovo imanje odlu\u010dio pretvoriti u cvjetni park \u2013 u kojem \u0107e njegova supruga u\u017eivati u mirisima, a stizat \u0107e i gosti\u00a0iz cijeloga Japana kako bi napasali o\u010di na gustim ru\u017ei\u010dastim tepisima biljke koju Japanci obo\u017eavaju i slave festivalima. I nazivaju je, sasvim japanski &#8211; \u0161ibazakura. Rije\u010d je o trajnici <em>Phlox sububulata<\/em> koja se uzgaja i u na\u0161im vrtovima, a tradicionalno je u kontinentalnoj Hrvatskoj nazivaju prkosom, iako joj je slu\u017ebeni naziv plamenac.<\/p><div id=\"mojev-2990254664\" class=\"mojev-u-tekstu mojev-entity-placement\" style=\"margin-left: auto;margin-right: auto;text-align: center;\"><div class=\"mojev-adlabel\">oglas<\/div><div style=\"height: 250px;\"><script async src=\"https:\/\/pagead2.googlesyndication.com\/pagead\/js\/adsbygoogle.js?client=ca-pub-8106111766207173\"\r\n     crossorigin=\"anonymous\"><\/script>\r\n<!-- Prikazni 1 u tekstu -->\r\n<ins class=\"adsbygoogle\"\r\n     style=\"display:block\"\r\n     data-ad-client=\"ca-pub-8106111766207173\"\r\n     data-ad-slot=\"8535551207\"\r\n     data-ad-format=\"auto\"\r\n     data-full-width-responsive=\"true\"><\/ins>\r\n<script>\r\n     (adsbygoogle = window.adsbygoogle || []).push({});\r\n<\/script><\/div><\/div><br style=\"clear: both; display: block; float: none;\"\/>\n<p>Dvije je godine Toshiyuki pripremao teren za sadnju, a danas, desetlje\u0107e nakon prve sadnje, njihovo je imanje uronjeno u ru\u017ei\u010dasto polje prkosa u kojem u\u017eivaju brojni posjetitelji i iz susjednih prefektura. A gospo\u0111a Yasuko porazgovara sa svakim od njih. I sretna je.<\/p>\n<p>Pokrenite ovaj kratki video (45 sec) i pogledajte koliko u\u017eivaju danas. Nije putovanje svijetom, ali&#8230;<\/p>\n<p><iframe loading=\"lazy\" src=\"https:\/\/www.youtube.com\/embed\/aVXpBqj67BY?rel=0\" width=\"656\" height=\"369\" frameborder=\"0\" allowfullscreen=\"allowfullscreen\"><\/iframe><\/p>\n<div id=\"mojev-3225188705\" class=\"mojev-kraj-teksta mojev-entity-placement\" style=\"margin-bottom: 20px;margin-left: auto;margin-right: auto;text-align: center;\"><div class=\"mojev-adlabel\">oglas<\/div><div style=\"height: 250px;\"><script async src=\"https:\/\/pagead2.googlesyndication.com\/pagead\/js\/adsbygoogle.js?client=ca-pub-8106111766207173\"\r\n     crossorigin=\"anonymous\"><\/script>\r\n<!-- Display-1 -->\r\n<ins class=\"adsbygoogle\"\r\n     style=\"display:block\"\r\n     data-ad-client=\"ca-pub-8106111766207173\"\r\n     data-ad-slot=\"1465712950\"\r\n     data-ad-format=\"auto\"\r\n     data-full-width-responsive=\"true\"><\/ins>\r\n<script>\r\n     (adsbygoogle = window.adsbygoogle || []).push({});\r\n<\/script><\/div><\/div>","protected":false},"excerpt":{"rendered":"<p>30 godina rano su se dizali kako bi nahranili svojih 60 krava, sanjaju\u0107i kako \u0107e u starosti putovati svijetom. A onda je Yasuko te\u0161ko oboljela. U svega nekoliko dana dijabetes joj je odnio vid. Umjesto upoznavanja svijeta,  ina\u010de vesela \u017eena, postala je depresivna, zatvorila se u ku\u0107u i s godinama se udaljila od ljudi.<\/p>\n","protected":false},"author":1,"featured_media":6427,"comment_status":"closed","ping_status":"open","sticky":false,"template":"","format":"standard","meta":{"footnotes":""},"categories":[2],"tags":[579,149,31,693,35],"class_list":["post-6425","post","type-post","status-publish","format-standard","has-post-thumbnail","hentry","category-mozaik","tag-cvijece","tag-depresija","tag-dijabetes","tag-japan","tag-sreca"],"_links":{"self":[{"href":"https:\/\/www.mojevrijeme.hr\/magazin\/wp-json\/wp\/v2\/posts\/6425","targetHints":{"allow":["GET"]}}],"collection":[{"href":"https:\/\/www.mojevrijeme.hr\/magazin\/wp-json\/wp\/v2\/posts"}],"about":[{"href":"https:\/\/www.mojevrijeme.hr\/magazin\/wp-json\/wp\/v2\/types\/post"}],"author":[{"embeddable":true,"href":"https:\/\/www.mojevrijeme.hr\/magazin\/wp-json\/wp\/v2\/users\/1"}],"replies":[{"embeddable":true,"href":"https:\/\/www.mojevrijeme.hr\/magazin\/wp-json\/wp\/v2\/comments?post=6425"}],"version-history":[{"count":0,"href":"https:\/\/www.mojevrijeme.hr\/magazin\/wp-json\/wp\/v2\/posts\/6425\/revisions"}],"wp:featuredmedia":[{"embeddable":true,"href":"https:\/\/www.mojevrijeme.hr\/magazin\/wp-json\/wp\/v2\/media\/6427"}],"wp:attachment":[{"href":"https:\/\/www.mojevrijeme.hr\/magazin\/wp-json\/wp\/v2\/media?parent=6425"}],"wp:term":[{"taxonomy":"category","embeddable":true,"href":"https:\/\/www.mojevrijeme.hr\/magazin\/wp-json\/wp\/v2\/categories?post=6425"},{"taxonomy":"post_tag","embeddable":true,"href":"https:\/\/www.mojevrijeme.hr\/magazin\/wp-json\/wp\/v2\/tags?post=6425"}],"curies":[{"name":"wp","href":"https:\/\/api.w.org\/{rel}","templated":true}]}}