{"id":64279,"date":"2022-10-18T09:31:14","date_gmt":"2022-10-18T07:31:14","guid":{"rendered":"https:\/\/www.mojevrijeme.hr\/magazin\/?p=64279"},"modified":"2022-10-18T09:31:15","modified_gmt":"2022-10-18T07:31:15","slug":"zbog-nasilja-prema-baki-osuden-unuk-ti-si-luda-i-dubre","status":"publish","type":"post","link":"https:\/\/www.mojevrijeme.hr\/magazin\/2022\/10\/zbog-nasilja-prema-baki-osuden-unuk-ti-si-luda-i-dubre\/","title":{"rendered":"Zbog nasilja prema baki, osu\u0111en unuk. &#8216;Ti si luda i \u0111ubre!&#8217;"},"content":{"rendered":"\n<p>Na 30 dana zatvora na Op\u0107inskom sudu u Puli osu\u0111en je M. K., i to zbog nasilni\u010dkog pona\u0161anja prema baki. Budu\u0107i da je jedan dan proveo u Policijskoj postaji Pula nakon \u0161to je uhi\u0107en, preostalu kaznu od 29 dana ne\u0107e odraditi ako u godinu dana od pravomo\u0107nosti presude ponovno ne po\u010dini neki prekr\u0161aj, javlja <a href=\"https:\/\/www.glasistre.hr\/crna-kronika\/pula-mladic-osuden-na-30-dana-zatvora-zbog-nasilja-prema-baki-evo-sto-joj-je-izgovorio-i-napravio-824372\" target=\"_blank\" rel=\"noreferrer noopener\">Glas Istre<\/a>. <\/p>\n\n\n\n<p>Osim toga, izre\u010dena mu je za\u0161titna mjera, odnosno zabrana pribli\u017eavanja baki na udaljenosti manjoj od 100 metara na rok od sedam mjeseci. Na temelju Zakona o za\u0161titi nasilja u obitelji, M. K.-u je izre\u010dena i mjera obaveznog psihosocijalnog tretmana u trajanju od \u0161est mjeseci.<\/p>\n\n\n\n<p>U svojoj obrani M. K. je vezano za incident koji se dogodio 23. o\u017eujka ove godine oko 1 sat u stanu u Puli, ispri\u010dao da je tada u malom stanu u kojem je \u017eivio s bakom bila i njegova tada\u0161nja djevojka. U jednom trenutku, baka je iza\u0161la iz svoje sobe i po\u010dela vrije\u0111ati djevojku i njenu obitelj, a unuku je govorila da je uli\u010dar i narkoman.<\/p><div id=\"mojev-1544761637\" class=\"mojev-u-tekstu mojev-entity-placement\" style=\"margin-left: auto;margin-right: auto;text-align: center;\"><div class=\"mojev-adlabel\">oglas<\/div><div style=\"height: 250px;\"><script async src=\"https:\/\/pagead2.googlesyndication.com\/pagead\/js\/adsbygoogle.js?client=ca-pub-8106111766207173\"\r\n     crossorigin=\"anonymous\"><\/script>\r\n<!-- Prikazni 1 u tekstu -->\r\n<ins class=\"adsbygoogle\"\r\n     style=\"display:block\"\r\n     data-ad-client=\"ca-pub-8106111766207173\"\r\n     data-ad-slot=\"8535551207\"\r\n     data-ad-format=\"auto\"\r\n     data-full-width-responsive=\"true\"><\/ins>\r\n<script>\r\n     (adsbygoogle = window.adsbygoogle || []).push({});\r\n<\/script><\/div><\/div><br style=\"clear: both; display: block; float: none;\"\/>\n\n\n\n<p>U jednom trenutku baka je o\u0161amarila njegovu tada\u0161nju djevojku, pa ju je djevojka uhvatila za majicu s namjerom da je odgurne od sebe te su ona i M. K. vrije\u0111ali baku. Unuk M. K. joj je govorio da je luda, govno i \u0111ubre, ali joj nije rekao da \u0107e je opet istu\u0107i ili da \u0107e je ubiti. Uhvatio je za majicu djevojku i baku i stao izme\u0111u njih da ih razdvoji, rekao je M. K. na sudu, te je dobio neki udarac i onda je svojom glavom udario u bakinu glavu.<\/p>\n\n\n\n<p>Baka je pak na sudu rekla da joj je \u017eao zbog situacije, jer da se s unukom uvijek dobro slagala, da je uvijek bio dobar prema njoj. Za incident od 23. o\u017eujka krivi unukovu tada\u0161nju djevojku jer da je, otkad je bio s tom djevojkom u vezi prema njoj (baki, op.n.) bio bezobrazan. Djevojka se pak, kazala je baka na sudu, u njenom stanu pona\u0161ala kao da je u svojoj ku\u0107i, bez po\u0161tovanja.<\/p>\n<div id=\"mojev-662123750\" class=\"mojev-kraj-teksta mojev-entity-placement\" style=\"margin-bottom: 20px;margin-left: auto;margin-right: auto;text-align: center;\"><div class=\"mojev-adlabel\">oglas<\/div><div style=\"height: 250px;\"><script async src=\"https:\/\/pagead2.googlesyndication.com\/pagead\/js\/adsbygoogle.js?client=ca-pub-8106111766207173\"\r\n     crossorigin=\"anonymous\"><\/script>\r\n<!-- Display-1 -->\r\n<ins class=\"adsbygoogle\"\r\n     style=\"display:block\"\r\n     data-ad-client=\"ca-pub-8106111766207173\"\r\n     data-ad-slot=\"1465712950\"\r\n     data-ad-format=\"auto\"\r\n     data-full-width-responsive=\"true\"><\/ins>\r\n<script>\r\n     (adsbygoogle = window.adsbygoogle || []).push({});\r\n<\/script><\/div><\/div>","protected":false},"excerpt":{"rendered":"<p>Baka je pak na sudu rekla da joj je \u017eao zbog situacije, jer da se s unukom uvijek dobro slagala, da je uvijek bio dobar prema njoj.<\/p>\n","protected":false},"author":1,"featured_media":42557,"comment_status":"closed","ping_status":"closed","sticky":false,"template":"","format":"standard","meta":{"footnotes":""},"categories":[9],"tags":[596,1450],"class_list":["post-64279","post","type-post","status-publish","format-standard","has-post-thumbnail","hentry","category-vijesti","tag-crna-kronika","tag-obiteljsko-nasilje"],"_links":{"self":[{"href":"https:\/\/www.mojevrijeme.hr\/magazin\/wp-json\/wp\/v2\/posts\/64279","targetHints":{"allow":["GET"]}}],"collection":[{"href":"https:\/\/www.mojevrijeme.hr\/magazin\/wp-json\/wp\/v2\/posts"}],"about":[{"href":"https:\/\/www.mojevrijeme.hr\/magazin\/wp-json\/wp\/v2\/types\/post"}],"author":[{"embeddable":true,"href":"https:\/\/www.mojevrijeme.hr\/magazin\/wp-json\/wp\/v2\/users\/1"}],"replies":[{"embeddable":true,"href":"https:\/\/www.mojevrijeme.hr\/magazin\/wp-json\/wp\/v2\/comments?post=64279"}],"version-history":[{"count":0,"href":"https:\/\/www.mojevrijeme.hr\/magazin\/wp-json\/wp\/v2\/posts\/64279\/revisions"}],"wp:featuredmedia":[{"embeddable":true,"href":"https:\/\/www.mojevrijeme.hr\/magazin\/wp-json\/wp\/v2\/media\/42557"}],"wp:attachment":[{"href":"https:\/\/www.mojevrijeme.hr\/magazin\/wp-json\/wp\/v2\/media?parent=64279"}],"wp:term":[{"taxonomy":"category","embeddable":true,"href":"https:\/\/www.mojevrijeme.hr\/magazin\/wp-json\/wp\/v2\/categories?post=64279"},{"taxonomy":"post_tag","embeddable":true,"href":"https:\/\/www.mojevrijeme.hr\/magazin\/wp-json\/wp\/v2\/tags?post=64279"}],"curies":[{"name":"wp","href":"https:\/\/api.w.org\/{rel}","templated":true}]}}