{"id":64371,"date":"2022-10-21T14:17:55","date_gmt":"2022-10-21T12:17:55","guid":{"rendered":"https:\/\/www.mojevrijeme.hr\/magazin\/?p=64371"},"modified":"2022-10-21T14:27:17","modified_gmt":"2022-10-21T12:27:17","slug":"nepoznati-pjevac-razumijem-interes-gradana-za-moj-ljubavni-zivot-ali-povlacim-se-iz-javnosti","status":"publish","type":"post","link":"https:\/\/www.mojevrijeme.hr\/magazin\/2022\/10\/nepoznati-pjevac-razumijem-interes-gradana-za-moj-ljubavni-zivot-ali-povlacim-se-iz-javnosti\/","title":{"rendered":"Nepoznati pjeva\u010d: &#8216;Razumijem interes gra\u0111ana za moj ljubavni \u017eivot, ali povla\u010dim se iz javnosti&#8217;"},"content":{"rendered":"\n<p>Javnosti nepoznati pjeva\u010d iz \u0160ibenika ovih se dana odlu\u010dio na drasti\u010dan potez \u2013 otvorenim pismom najavio  je da \u0107e se na neodre\u0111eno vrijeme povu\u0107i iz javnosti.<\/p>\n\n\n\n<p>Podsjetimo, mediji su proteklih dana op\u0161irno izvje\u0161tavali da je nepoznati pjeva\u010d, nakon bra\u010dnog brodoloma, prona\u0161ao sre\u0107u u naru\u010dju potpuno anonimne Bra\u010danke s kojom je sura\u0111ivao na glazbenim projektima za koje nitko nije \u010duo.<\/p>\n\n\n\n<p>Tako\u0111er se doznalo da je sestra nepoznatog pjeva\u010da svojevremeno bila u braku s bratom anonimne Bra\u010danke, no ta je veza okon\u010dana sporazumno i bez konfliktnih situacija. Roditelji nepoznate Bra\u010danke, \u0161pekulira se, nisu sretni s odabirom svoje k\u0107eri. &#8220;Kako smo i sami vrlo nepoznati, razumijemo interes medija i javnosti za na\u0161 privatan \u017eivot, no do daljnjega ne\u0107emo davati ishitrene izjave&#8221;,  kazali su nam.<\/p><div id=\"mojev-3669699307\" class=\"mojev-u-tekstu mojev-entity-placement\" style=\"margin-left: auto;margin-right: auto;text-align: center;\"><div class=\"mojev-adlabel\">oglas<\/div><div style=\"height: 250px;\"><script async src=\"https:\/\/pagead2.googlesyndication.com\/pagead\/js\/adsbygoogle.js?client=ca-pub-8106111766207173\"\r\n     crossorigin=\"anonymous\"><\/script>\r\n<!-- Prikazni 1 u tekstu -->\r\n<ins class=\"adsbygoogle\"\r\n     style=\"display:block\"\r\n     data-ad-client=\"ca-pub-8106111766207173\"\r\n     data-ad-slot=\"8535551207\"\r\n     data-ad-format=\"auto\"\r\n     data-full-width-responsive=\"true\"><\/ins>\r\n<script>\r\n     (adsbygoogle = window.adsbygoogle || []).push({});\r\n<\/script><\/div><\/div><br style=\"clear: both; display: block; float: none;\"\/>\n\n\n\n<p>&#8220;Osobno sam iznena\u0111en ovakvim interesom novinara i gra\u0111ana za moj privatni \u017eivot&#8221;, napisao je u otvorenom pismu medijima nepoznati \u0161ibenski slavuj uz napomenu da \u0107e se povu\u0107i iz javnosti na nekog vrijeme. &#8220;Ne \u017eelim vi\u0161e intrigirati javnost svojom anonimno\u0161\u0107u i ljubavnim \u017eivotom. Po\u0161tujem posao novinara, ali ja sam nepoznati pjeva\u010d, a ne javna osoba. Ne \u017eelim si ugroziti karijeru. Dopustite nam da \u017eivimo svoje \u017eivote daleko od o\u010diju javnosti kao \u0161to smo uvijek radili\u201c, kazao je najavljuju\u0107i da \u0107e se na scenu vratiti s novim albumom za kojeg najavljuje da ve\u0107 sada mo\u017ee sa sigurno\u0161\u0107u re\u0107i da \u0107e biti slu\u0161an u njegovoj obitelji.<\/p>\n\n\n\n<p>Iako su novinari satiri\u010dkog portala <a rel=\"noreferrer noopener\" href=\"https:\/\/plamenijazavac.com\/2022\/10\/nepoznati-pjevac-najavio-je-povlacenje-iz-javnosti-otkrili-smo-nove-detalje-ove-price\/\" target=\"_blank\">PlameniJazavac<\/a> vi\u0161e puta poku\u0161ali doznati kako se nepoznati pjeva\u010d zove, do zaklju\u010denja ovog teksta poku\u0161aji su ostali neuspje\u0161ni. Ono \u0161to su saznali jest da je ostvario zamije\u0107eni nastup u RTL-ovoj seriji Zabranjena ljubav, no nitko od njegovih kolega sa seta ove sapunice nije se mogao sjetiti njegova imena ni lika.<\/p>\n<div id=\"mojev-3515844883\" class=\"mojev-kraj-teksta mojev-entity-placement\" style=\"margin-bottom: 20px;margin-left: auto;margin-right: auto;text-align: center;\"><div class=\"mojev-adlabel\">oglas<\/div><div style=\"height: 250px;\"><script async src=\"https:\/\/pagead2.googlesyndication.com\/pagead\/js\/adsbygoogle.js?client=ca-pub-8106111766207173\"\r\n     crossorigin=\"anonymous\"><\/script>\r\n<!-- Display-1 -->\r\n<ins class=\"adsbygoogle\"\r\n     style=\"display:block\"\r\n     data-ad-client=\"ca-pub-8106111766207173\"\r\n     data-ad-slot=\"1465712950\"\r\n     data-ad-format=\"auto\"\r\n     data-full-width-responsive=\"true\"><\/ins>\r\n<script>\r\n     (adsbygoogle = window.adsbygoogle || []).push({});\r\n<\/script><\/div><\/div>","protected":false},"excerpt":{"rendered":"<p>&#8216;Ne \u017eelim vi\u0161e intrigirati javnost svojom anonimno\u0161\u0107u i ljubavnim \u017eivotom. Ja sam nepoznati pjeva\u010d, a ne javna osoba&#8217;, poru\u010dio je novinarima.<\/p>\n","protected":false},"author":1,"featured_media":64378,"comment_status":"closed","ping_status":"closed","sticky":false,"template":"","format":"standard","meta":{"footnotes":""},"categories":[2743],"tags":[270,1297],"class_list":["post-64371","post","type-post","status-publish","format-standard","has-post-thumbnail","hentry","category-humor-i-satira","tag-pjevaci","tag-satira"],"_links":{"self":[{"href":"https:\/\/www.mojevrijeme.hr\/magazin\/wp-json\/wp\/v2\/posts\/64371","targetHints":{"allow":["GET"]}}],"collection":[{"href":"https:\/\/www.mojevrijeme.hr\/magazin\/wp-json\/wp\/v2\/posts"}],"about":[{"href":"https:\/\/www.mojevrijeme.hr\/magazin\/wp-json\/wp\/v2\/types\/post"}],"author":[{"embeddable":true,"href":"https:\/\/www.mojevrijeme.hr\/magazin\/wp-json\/wp\/v2\/users\/1"}],"replies":[{"embeddable":true,"href":"https:\/\/www.mojevrijeme.hr\/magazin\/wp-json\/wp\/v2\/comments?post=64371"}],"version-history":[{"count":0,"href":"https:\/\/www.mojevrijeme.hr\/magazin\/wp-json\/wp\/v2\/posts\/64371\/revisions"}],"wp:featuredmedia":[{"embeddable":true,"href":"https:\/\/www.mojevrijeme.hr\/magazin\/wp-json\/wp\/v2\/media\/64378"}],"wp:attachment":[{"href":"https:\/\/www.mojevrijeme.hr\/magazin\/wp-json\/wp\/v2\/media?parent=64371"}],"wp:term":[{"taxonomy":"category","embeddable":true,"href":"https:\/\/www.mojevrijeme.hr\/magazin\/wp-json\/wp\/v2\/categories?post=64371"},{"taxonomy":"post_tag","embeddable":true,"href":"https:\/\/www.mojevrijeme.hr\/magazin\/wp-json\/wp\/v2\/tags?post=64371"}],"curies":[{"name":"wp","href":"https:\/\/api.w.org\/{rel}","templated":true}]}}