{"id":64391,"date":"2022-10-21T19:15:43","date_gmt":"2022-10-21T17:15:43","guid":{"rendered":"https:\/\/www.mojevrijeme.hr\/magazin\/?p=64391"},"modified":"2022-10-21T19:16:31","modified_gmt":"2022-10-21T17:16:31","slug":"djed-oteo-unuku-i-pobjegao-u-srbiju-dijete-vise-necete-vidjeti","status":"publish","type":"post","link":"https:\/\/www.mojevrijeme.hr\/magazin\/2022\/10\/djed-oteo-unuku-i-pobjegao-u-srbiju-dijete-vise-necete-vidjeti\/","title":{"rendered":"Djed oteo unuku i pobjegao u Srbiju: &#8216;Dijete vi\u0161e ne\u0107ete vidjeti!&#8217;"},"content":{"rendered":"\n<p>&#8220;Dijete vi\u0161e vidjeti ne\u0107ete. Mi smo oti\u0161li u Srbiju (&#8230;) Nazvao sam vas samo da se ne brinete&#8221;, rekao je u telefonskom razgovoru 65-godi\u0161nji mu\u0161karac, hrvatski dr\u017eavljanin ro\u0111en u Srbiji, odgajateljici jednog Doma u Hrvatskoj.<\/p>\n\n\n\n<p>Prema pisanju<a href=\"https:\/\/www.jutarnji.hr\/vijesti\/crna-kronika\/djevojcica-nestala-iz-doma-nekoliko-sati-poslije-stigao-je-poziv-necete-ju-vidjeti-mi-smo-u-srbiji-15265190\"> Jutarnjeg lista<\/a>, bilo je to 19. lipnja ove godine to\u010dno u 12 sati, kada je osmogodi\u0161nju unu\u010dicu, nakon dvosatnog dru\u017eenja na koje je imao pravo svake nedjelje, 65-godi\u0161njak trebao vratiti u Dom u kojem je ona bila smje\u0161tena temeljem rje\u0161enja Centra za socijalnu skrb nakon \u0161to je roditeljima odlukom suda u jesen 2021. oduzeto pravo na roditeljsku skrb. Ali nije ju vratio, nego je krenuo vozilom putem \u0160ida, gdje je granicu sa Srbijom pre\u0161ao u 11.37 sati.<\/p>\n\n\n\n<p>Na noge su se odmah nakon tog poziva digle nadle\u017ene institucije, kao i policija te je nakon kriminalisti\u010dkog istra\u017eivanja kazneno prijavljen da je po\u010dinio kazneno djelo protiv braka, obitelj i djece &#8211; oduzimanje djeteta. Sudac istrage \u017dupanijskog suda mu je odmah odredio istra\u017eni zatvor, me\u0111utim, hrvatska policija mu jo\u0161 uvijek nije u\u0161la u trag, tako da je ve\u0107 puna dva mjeseca za djedom &#8220;otmi\u010darom&#8221; na snazi tjeralica.<\/p><div id=\"mojev-2180751499\" class=\"mojev-u-tekstu mojev-entity-placement\" style=\"margin-left: auto;margin-right: auto;text-align: center;\"><div class=\"mojev-adlabel\">oglas<\/div><div style=\"height: 250px;\"><script async src=\"https:\/\/pagead2.googlesyndication.com\/pagead\/js\/adsbygoogle.js?client=ca-pub-8106111766207173\"\r\n     crossorigin=\"anonymous\"><\/script>\r\n<!-- Prikazni 1 u tekstu -->\r\n<ins class=\"adsbygoogle\"\r\n     style=\"display:block\"\r\n     data-ad-client=\"ca-pub-8106111766207173\"\r\n     data-ad-slot=\"8535551207\"\r\n     data-ad-format=\"auto\"\r\n     data-full-width-responsive=\"true\"><\/ins>\r\n<script>\r\n     (adsbygoogle = window.adsbygoogle || []).push({});\r\n<\/script><\/div><\/div><br style=\"clear: both; display: block; float: none;\"\/>\n\n\n\n<p>Kroz me\u0111unarodnu policijsku suradnju doznalo se od Interpola Beograd na kojoj se adresi to\u010dno dijete nalazi, odnosno da je s majkom, ali i njezinim roditeljima te da je pritom poru\u010dila da nema namjeru dijete vratiti u Hrvatsku jer mu je mjesto s njom. Odbjegli djed koji u Srbiji trenuta\u010dno radi kao voza\u010d kamiona i koji je unu\u010dicu odveo bez znanja i dopu\u0161tenja ustanove kojoj je bila povjerena, tako\u0111er je poru\u010dio da nema namjeru dolaziti u RH, gdje \u017eivi njegov sin, otac djeteta, sve dok ne nastupi zastara kaznenog progona.<\/p>\n<div id=\"mojev-2669684321\" class=\"mojev-kraj-teksta mojev-entity-placement\" style=\"margin-bottom: 20px;margin-left: auto;margin-right: auto;text-align: center;\"><div class=\"mojev-adlabel\">oglas<\/div><div style=\"height: 250px;\"><script async src=\"https:\/\/pagead2.googlesyndication.com\/pagead\/js\/adsbygoogle.js?client=ca-pub-8106111766207173\"\r\n     crossorigin=\"anonymous\"><\/script>\r\n<!-- Display-1 -->\r\n<ins class=\"adsbygoogle\"\r\n     style=\"display:block\"\r\n     data-ad-client=\"ca-pub-8106111766207173\"\r\n     data-ad-slot=\"1465712950\"\r\n     data-ad-format=\"auto\"\r\n     data-full-width-responsive=\"true\"><\/ins>\r\n<script>\r\n     (adsbygoogle = window.adsbygoogle || []).push({});\r\n<\/script><\/div><\/div>","protected":false},"excerpt":{"rendered":"<p>Odbjegli djed koji u Srbiji trenuta\u010dno radi kao voza\u010d kamiona i koji je unu\u010dicu odveo bez znanja i dopu\u0161tenja ustanove kojoj je bila povjerena, tako\u0111er je poru\u010dio da nema namjeru dolaziti u RH.<\/p>\n","protected":false},"author":1,"featured_media":64395,"comment_status":"closed","ping_status":"closed","sticky":false,"template":"","format":"standard","meta":{"footnotes":""},"categories":[9],"tags":[596,980,638],"class_list":["post-64391","post","type-post","status-publish","format-standard","has-post-thumbnail","hentry","category-vijesti","tag-crna-kronika","tag-djedovi","tag-srbija"],"_links":{"self":[{"href":"https:\/\/www.mojevrijeme.hr\/magazin\/wp-json\/wp\/v2\/posts\/64391","targetHints":{"allow":["GET"]}}],"collection":[{"href":"https:\/\/www.mojevrijeme.hr\/magazin\/wp-json\/wp\/v2\/posts"}],"about":[{"href":"https:\/\/www.mojevrijeme.hr\/magazin\/wp-json\/wp\/v2\/types\/post"}],"author":[{"embeddable":true,"href":"https:\/\/www.mojevrijeme.hr\/magazin\/wp-json\/wp\/v2\/users\/1"}],"replies":[{"embeddable":true,"href":"https:\/\/www.mojevrijeme.hr\/magazin\/wp-json\/wp\/v2\/comments?post=64391"}],"version-history":[{"count":0,"href":"https:\/\/www.mojevrijeme.hr\/magazin\/wp-json\/wp\/v2\/posts\/64391\/revisions"}],"wp:featuredmedia":[{"embeddable":true,"href":"https:\/\/www.mojevrijeme.hr\/magazin\/wp-json\/wp\/v2\/media\/64395"}],"wp:attachment":[{"href":"https:\/\/www.mojevrijeme.hr\/magazin\/wp-json\/wp\/v2\/media?parent=64391"}],"wp:term":[{"taxonomy":"category","embeddable":true,"href":"https:\/\/www.mojevrijeme.hr\/magazin\/wp-json\/wp\/v2\/categories?post=64391"},{"taxonomy":"post_tag","embeddable":true,"href":"https:\/\/www.mojevrijeme.hr\/magazin\/wp-json\/wp\/v2\/tags?post=64391"}],"curies":[{"name":"wp","href":"https:\/\/api.w.org\/{rel}","templated":true}]}}