{"id":64734,"date":"2022-10-31T09:45:33","date_gmt":"2022-10-31T08:45:33","guid":{"rendered":"https:\/\/www.mojevrijeme.hr\/magazin\/?p=64734"},"modified":"2022-11-01T10:02:34","modified_gmt":"2022-11-01T09:02:34","slug":"radno-vrijeme-trgovina-na-blagdan-svih-svetih-1-11-2022","status":"publish","type":"post","link":"https:\/\/www.mojevrijeme.hr\/magazin\/2022\/10\/radno-vrijeme-trgovina-na-blagdan-svih-svetih-1-11-2022\/","title":{"rendered":"Radno vrijeme trgovina na blagdan Svih svetih (1. 11. 2022.)"},"content":{"rendered":"\n<h3 class=\"wp-block-heading\">Lidl<\/h3>\n\n\n\n<p>U utorak, na blagdan Svih svetih, sve trgovine Lidl radit \u0107e prema&nbsp;<strong>skra\u0107enom radnom vremenu<\/strong>.&nbsp;Radno vrijeme vama najbli\u017ee poslovnice potra\u017eite <a href=\"https:\/\/www.lidl.hr\/informacije-za-kupce\/blagdanska-radna-vremena\" target=\"_blank\" rel=\"noreferrer noopener\">ovdje<\/a>. <\/p>\n\n\n\n<h3 class=\"wp-block-heading\">Spar i Interspar<\/h3>\n\n\n\n<p>Dobar dio poslovnica Spara i Interspara na blagdan Svih svetih bit \u0107e zatvoren. Ipak, neke lokacije \u0107e raditi po prilago\u0111enom radnom vremenu koje mo\u017eete prona\u0107i&nbsp;<a rel=\"noreferrer noopener\" href=\"https:\/\/www.spar.hr\/lokacije\" target=\"_blank\">ovdje<\/a>.<\/p>\n\n\n\n<h3 class=\"wp-block-heading\">Konzum<\/h3>\n\n\n\n<p>Konzumove prodavaonice \u0107e na blagdan Svih svetih raditi prema posebnom radnom vremenu kojeg mo\u017eete provjeriti <a rel=\"noreferrer noopener\" href=\"https:\/\/www.konzum.hr\/novosti\/radno-vrijeme-1-11-2022\" target=\"_blank\">ovdje<\/a>.<\/p><div id=\"mojev-3902542783\" class=\"mojev-u-tekstu mojev-entity-placement\" style=\"margin-left: auto;margin-right: auto;text-align: center;\"><div class=\"mojev-adlabel\">oglas<\/div><div style=\"height: 250px;\"><script async src=\"https:\/\/pagead2.googlesyndication.com\/pagead\/js\/adsbygoogle.js?client=ca-pub-8106111766207173\"\r\n     crossorigin=\"anonymous\"><\/script>\r\n<!-- Prikazni 1 u tekstu -->\r\n<ins class=\"adsbygoogle\"\r\n     style=\"display:block\"\r\n     data-ad-client=\"ca-pub-8106111766207173\"\r\n     data-ad-slot=\"8535551207\"\r\n     data-ad-format=\"auto\"\r\n     data-full-width-responsive=\"true\"><\/ins>\r\n<script>\r\n     (adsbygoogle = window.adsbygoogle || []).push({});\r\n<\/script><\/div><\/div><br style=\"clear: both; display: block; float: none;\"\/>\n\n\n\n<h3 class=\"wp-block-heading\">Kaufland<\/h3>\n\n\n\n<p>U utorak, na blagdan Svih svetih, trgovine Kauflanda radit \u0107e prema radnom vremenu za nedjelju. nedjeljno radno vrijeme vama najbli\u017ee poslovnice Kauflanda potra\u017eite <a rel=\"noreferrer noopener\" href=\"https:\/\/www.kaufland.hr\/usluge\/poslovnica.html\" target=\"_blank\">ovdje<\/a>.<\/p>\n\n\n\n<h3 class=\"wp-block-heading\">Plodine<\/h3>\n\n\n\n<p>Ni poslovnice Plodina nemaju jedinstveno radno vrijeme za blagdan Svih svetih. Svoju poslovnicu potra\u017eite na slu\u017ebenim <a href=\"https:\/\/www.plodine.hr\/supermarketi\">stranicama tvrtke<\/a>. <\/p>\n\n\n\n<h3 class=\"wp-block-heading\">Pevex<\/h3>\n\n\n\n<p>Zatvoreno.<\/p>\n\n\n\n<h3 class=\"wp-block-heading\">Bauhaus<\/h3>\n\n\n\n<p>Zatvoreno.<\/p>\n\n\n\n<h1 class=\"wp-block-heading\">Radno vrijeme trgova\u010dkih centara<\/h1>\n\n\n\n<h3 class=\"wp-block-heading\">Arena Centar Zagreb<\/h3>\n\n\n\n<p>Na blagdan Svih svetih, trgovine Arena Centra u Zagrebu ne\u0107e raditi. Me\u0111utim, neke trgovine i ugostiteljski objekti bit \u0107e otvoreni, a njihovo radno vrijeme mo\u017eete provjeriti&nbsp;<a rel=\"noreferrer noopener\" href=\"https:\/\/www.arenacentar.hr\/hr\/radno-vrijeme\/\" target=\"_blank\">ovdje<\/a>.<\/p>\n\n\n\n<h3 class=\"wp-block-heading\">Avenue Mall Zagreb<\/h3>\n\n\n\n<p>Trgovine Avenue Malla u Zagrebu na blagdan Svih svetih bit \u0107e zatvorene. Izuzetak su neki ugostiteljski objekti \u010dije radno vrijeme mo\u017eete prona\u0107i&nbsp;<a rel=\"noreferrer noopener\" href=\"https:\/\/avenuemall.hr\/info\/radno-vrijeme-1-5\/1166\" target=\"_blank\">ovdje<\/a>.<\/p>\n\n\n\n<h3 class=\"wp-block-heading\">Westgate Shopping City<\/h3>\n\n\n\n<p>U utorak, na blagdan Svih svetih, Westgate Shopping City u Zagrebu bit \u0107e&nbsp;zatvoren.<\/p>\n\n\n\n<h3 class=\"wp-block-heading\">City Center One<\/h3>\n\n\n\n<p>Prvog dana studenog, na blagdan Svih svetih,&nbsp;City Center one East&nbsp;u Zagrebu ne\u0107e raditi. Izuzetak je trgovina Interspar koja \u0107e biti otvorena od 8 do 14 sati, kao i Cineplexx koji \u0107e raditi od 16 do 21:30 sati.<\/p>\n\n\n\n<p>Istoga dana, trgovine&nbsp;<strong>City Centra one West<\/strong>&nbsp;u Zagrebu bit \u0107e zatvorene, dok \u0107e Interspar raditi skra\u0107eno, od 7 do 14 sati.<\/p>\n\n\n\n<p>Na blagdan Svih svetih zatvorene \u0107e biti i trgovine City Centra one u Splitu. Nekoliko trgovina radit \u0107e po izmijenjenom radnom vremenu koje mo\u017eete prona\u0107i&nbsp;<a rel=\"noreferrer noopener\" href=\"https:\/\/citycenterone.hr\/split\/novosti\/radno-vrijeme-studeni\/\" target=\"_blank\">ovdje<\/a>.<\/p>\n\n\n\n<h3 class=\"wp-block-heading\">TC Portanova Osijek<\/h3>\n\n\n\n<p>Povodom blagdana Svih svetih prizemlje i prvi kat&nbsp;Trgova\u010dkog centra Portanova&nbsp;u Osijeku bit \u0107e zatvoreni, dok \u0107e objekti na drugom katu raditi prema prilago\u0111enom radnom vremenu koje mo\u017eete prona\u0107i&nbsp;<a rel=\"noreferrer noopener\" href=\"https:\/\/portanova.hr\/hr\/vijesti\/2194-radno-vrijeme-1-11?fbclid=IwAR2KAk1gxsKZj2Jzysz1hN8-iAWZbBzPVnC2Wo3nfx409Y1ngoGT-lonEic\" target=\"_blank\">ovdje<\/a>.<\/p>\n\n\n\n<h3 class=\"wp-block-heading\">Supernova<\/h3>\n\n\n\n<p>Shopping centar&nbsp;Supernova Zadar&nbsp;bit \u0107e zatvoren na blagdan Svih svetih. Istoga \u0107e dana biti zatvoren i&nbsp;Supernova Zagreb Buzin, kao i Supernova Vara\u017edin, Supernova Karlovac, Supernova Sisak East te Supernova Sisak West.<\/p>\n\n\n\n<h3 class=\"wp-block-heading\">Tower Center Rijeka<\/h3>\n\n\n\n<p>Ve\u0107ina trgovina Tower Centra Rijeka na blagdan Svih svetih bit \u0107e zatvorena. No, postoje i neki izuzeci \u010dije radno vrijeme na taj mo\u017eete provjeriti&nbsp;<a rel=\"noreferrer noopener\" href=\"https:\/\/tower-center-rijeka.hr\/radno-vrijeme\" target=\"_blank\">ovdje<\/a>.<\/p>\n<div id=\"mojev-2645692807\" class=\"mojev-kraj-teksta mojev-entity-placement\" style=\"margin-bottom: 20px;margin-left: auto;margin-right: auto;text-align: center;\"><div class=\"mojev-adlabel\">oglas<\/div><div style=\"height: 250px;\"><script async src=\"https:\/\/pagead2.googlesyndication.com\/pagead\/js\/adsbygoogle.js?client=ca-pub-8106111766207173\"\r\n     crossorigin=\"anonymous\"><\/script>\r\n<!-- Display-1 -->\r\n<ins class=\"adsbygoogle\"\r\n     style=\"display:block\"\r\n     data-ad-client=\"ca-pub-8106111766207173\"\r\n     data-ad-slot=\"1465712950\"\r\n     data-ad-format=\"auto\"\r\n     data-full-width-responsive=\"true\"><\/ins>\r\n<script>\r\n     (adsbygoogle = window.adsbygoogle || []).push({});\r\n<\/script><\/div><\/div>","protected":false},"excerpt":{"rendered":"<p>U utorak, 1. studenoga, obilje\u017eava se blagdan Svih svetih. Velik dio trgovina radit \u0107e po skra\u0107enom radnom vremenu, no mnoge ni ne\u0107e otvoriti svoja vrata kupcima. <\/p>\n","protected":false},"author":1,"featured_media":48535,"comment_status":"closed","ping_status":"closed","sticky":false,"template":"","format":"standard","meta":{"footnotes":""},"categories":[9],"tags":[2271],"class_list":["post-64734","post","type-post","status-publish","format-standard","has-post-thumbnail","hentry","category-vijesti","tag-radno-vrijeme"],"_links":{"self":[{"href":"https:\/\/www.mojevrijeme.hr\/magazin\/wp-json\/wp\/v2\/posts\/64734","targetHints":{"allow":["GET"]}}],"collection":[{"href":"https:\/\/www.mojevrijeme.hr\/magazin\/wp-json\/wp\/v2\/posts"}],"about":[{"href":"https:\/\/www.mojevrijeme.hr\/magazin\/wp-json\/wp\/v2\/types\/post"}],"author":[{"embeddable":true,"href":"https:\/\/www.mojevrijeme.hr\/magazin\/wp-json\/wp\/v2\/users\/1"}],"replies":[{"embeddable":true,"href":"https:\/\/www.mojevrijeme.hr\/magazin\/wp-json\/wp\/v2\/comments?post=64734"}],"version-history":[{"count":0,"href":"https:\/\/www.mojevrijeme.hr\/magazin\/wp-json\/wp\/v2\/posts\/64734\/revisions"}],"wp:featuredmedia":[{"embeddable":true,"href":"https:\/\/www.mojevrijeme.hr\/magazin\/wp-json\/wp\/v2\/media\/48535"}],"wp:attachment":[{"href":"https:\/\/www.mojevrijeme.hr\/magazin\/wp-json\/wp\/v2\/media?parent=64734"}],"wp:term":[{"taxonomy":"category","embeddable":true,"href":"https:\/\/www.mojevrijeme.hr\/magazin\/wp-json\/wp\/v2\/categories?post=64734"},{"taxonomy":"post_tag","embeddable":true,"href":"https:\/\/www.mojevrijeme.hr\/magazin\/wp-json\/wp\/v2\/tags?post=64734"}],"curies":[{"name":"wp","href":"https:\/\/api.w.org\/{rel}","templated":true}]}}