{"id":64737,"date":"2022-10-31T10:41:44","date_gmt":"2022-10-31T09:41:44","guid":{"rendered":"https:\/\/www.mojevrijeme.hr\/magazin\/?p=64737"},"modified":"2022-10-31T10:46:40","modified_gmt":"2022-10-31T09:46:40","slug":"neprimjerena-brzina-biciklistica-67-izgubila-kontrolu-nad-vozilom-pa-udarila-u-drugu-biciklisticu","status":"publish","type":"post","link":"https:\/\/www.mojevrijeme.hr\/magazin\/2022\/10\/neprimjerena-brzina-biciklistica-67-izgubila-kontrolu-nad-vozilom-pa-udarila-u-drugu-biciklisticu\/","title":{"rendered":"Neprilago\u0111ena brzina: Biciklistica (67) izgubila kontrolu nad vozilom pa udarila u drugu biciklisticu"},"content":{"rendered":"\n<p>Nesvakida\u0161nja prometna nesre\u0107a dogodila se ju\u010der ujutro u zagreba\u010dkoj Donjoj Dubravi. Kako je izvijestila Policijska uprava zagreba\u010dka, 67-godi\u0161njakinja je upravljala biciklom te se kretala Zlobinskom ulicom u smjeru jugoistoka. <\/p>\n\n\n\n<p>Izlaskom iz raskri\u017eja, nastavila se kretati ravno bez da se tijekom vo\u017enje dr\u017eala \u0161to bli\u017ee desnom rubu kolnika. Tako je naletjela na drugi bicikl kojim je upravljala 55-godi\u0161njakinja. <\/p>\n\n\n\n<p>Utvr\u0111eno je da starija biciklistica nije prilagodila brzinu kretanja uvjetima i stanju na kolniku pa je ugrozila druge sudionike u prometu, a i sebe je izlo\u017eila opasnosti. Uslijed naleta obje su voza\u010dice pale na tlo. U prometnoj nesre\u0107i te\u0161ko je ozlije\u0111ena 67-godi\u0161njakinja, lije\u010dni\u010dka pomo\u0107 pru\u017eena joj je u Klini\u010dkoj bolnici Dubrava, javlja policija. <\/p><div id=\"mojev-3191348154\" class=\"mojev-u-tekstu mojev-entity-placement\" style=\"margin-left: auto;margin-right: auto;text-align: center;\"><div class=\"mojev-adlabel\">oglas<\/div><div style=\"height: 250px;\"><script async src=\"https:\/\/pagead2.googlesyndication.com\/pagead\/js\/adsbygoogle.js?client=ca-pub-8106111766207173\"\r\n     crossorigin=\"anonymous\"><\/script>\r\n<!-- Prikazni 1 u tekstu -->\r\n<ins class=\"adsbygoogle\"\r\n     style=\"display:block\"\r\n     data-ad-client=\"ca-pub-8106111766207173\"\r\n     data-ad-slot=\"8535551207\"\r\n     data-ad-format=\"auto\"\r\n     data-full-width-responsive=\"true\"><\/ins>\r\n<script>\r\n     (adsbygoogle = window.adsbygoogle || []).push({});\r\n<\/script><\/div><\/div><br style=\"clear: both; display: block; float: none;\"\/>\n<div id=\"mojev-1760858368\" class=\"mojev-kraj-teksta mojev-entity-placement\" style=\"margin-bottom: 20px;margin-left: auto;margin-right: auto;text-align: center;\"><div class=\"mojev-adlabel\">oglas<\/div><div style=\"height: 250px;\"><script async src=\"https:\/\/pagead2.googlesyndication.com\/pagead\/js\/adsbygoogle.js?client=ca-pub-8106111766207173\"\r\n     crossorigin=\"anonymous\"><\/script>\r\n<!-- Display-1 -->\r\n<ins class=\"adsbygoogle\"\r\n     style=\"display:block\"\r\n     data-ad-client=\"ca-pub-8106111766207173\"\r\n     data-ad-slot=\"1465712950\"\r\n     data-ad-format=\"auto\"\r\n     data-full-width-responsive=\"true\"><\/ins>\r\n<script>\r\n     (adsbygoogle = window.adsbygoogle || []).push({});\r\n<\/script><\/div><\/div>","protected":false},"excerpt":{"rendered":"<p>U prometnoj nesre\u0107i te\u0161ko je ozlije\u0111ena 67-godi\u0161njakinja, lije\u010dni\u010dka pomo\u0107 pru\u017eena joj je u Klini\u010dkoj bolnici Dubrava, javlja policija. <\/p>\n","protected":false},"author":1,"featured_media":64741,"comment_status":"closed","ping_status":"closed","sticky":false,"template":"","format":"standard","meta":{"footnotes":""},"categories":[9],"tags":[266,1594,39],"class_list":["post-64737","post","type-post","status-publish","format-standard","has-post-thumbnail","hentry","category-vijesti","tag-bicikli","tag-prometna-nesreca","tag-zagreb"],"_links":{"self":[{"href":"https:\/\/www.mojevrijeme.hr\/magazin\/wp-json\/wp\/v2\/posts\/64737","targetHints":{"allow":["GET"]}}],"collection":[{"href":"https:\/\/www.mojevrijeme.hr\/magazin\/wp-json\/wp\/v2\/posts"}],"about":[{"href":"https:\/\/www.mojevrijeme.hr\/magazin\/wp-json\/wp\/v2\/types\/post"}],"author":[{"embeddable":true,"href":"https:\/\/www.mojevrijeme.hr\/magazin\/wp-json\/wp\/v2\/users\/1"}],"replies":[{"embeddable":true,"href":"https:\/\/www.mojevrijeme.hr\/magazin\/wp-json\/wp\/v2\/comments?post=64737"}],"version-history":[{"count":0,"href":"https:\/\/www.mojevrijeme.hr\/magazin\/wp-json\/wp\/v2\/posts\/64737\/revisions"}],"wp:featuredmedia":[{"embeddable":true,"href":"https:\/\/www.mojevrijeme.hr\/magazin\/wp-json\/wp\/v2\/media\/64741"}],"wp:attachment":[{"href":"https:\/\/www.mojevrijeme.hr\/magazin\/wp-json\/wp\/v2\/media?parent=64737"}],"wp:term":[{"taxonomy":"category","embeddable":true,"href":"https:\/\/www.mojevrijeme.hr\/magazin\/wp-json\/wp\/v2\/categories?post=64737"},{"taxonomy":"post_tag","embeddable":true,"href":"https:\/\/www.mojevrijeme.hr\/magazin\/wp-json\/wp\/v2\/tags?post=64737"}],"curies":[{"name":"wp","href":"https:\/\/api.w.org\/{rel}","templated":true}]}}