{"id":64783,"date":"2022-11-02T13:17:20","date_gmt":"2022-11-02T12:17:20","guid":{"rendered":"https:\/\/www.mojevrijeme.hr\/magazin\/?p=64783"},"modified":"2022-11-02T13:29:14","modified_gmt":"2022-11-02T12:29:14","slug":"hdz-ustao-u-obranu-vjere-i-svetaca-tomasevic-je-povrijedio-dostojanstvo-zagrepcana","status":"publish","type":"post","link":"https:\/\/www.mojevrijeme.hr\/magazin\/2022\/11\/hdz-ustao-u-obranu-vjere-i-svetaca-tomasevic-je-povrijedio-dostojanstvo-zagrepcana\/","title":{"rendered":"HDZ ustao u obranu vjere i svetaca: Toma\u0161evi\u0107 je povrijedio dostojanstvo Zagrep\u010dana"},"content":{"rendered":"\n<p>Zagreba\u010dki HDZ pobunio se protiv ovogodi\u0161njeg ukidanja projekcija slika svetaca na takozvanim Bandi\u0107evim fontanama, a povodom Svih svetih. Naime, Grad Zagreb osigurao je projekciju svetaca i bla\u017eenika dan prije toga,&nbsp; 30. listopada, no u HDZ-u smatraju da je rije\u010d o ideolo\u0161ki motiviranoj odluci.&nbsp;<\/p>\n\n\n\n<p>&#8220;Gradska vlast je ovu vrijednu kulturnu projekciju ove godine odlu\u010dila ukinuti zbog projekcije povodom Al\u017eirskog nacionalnog dana. Duboku po\u0161tuju\u0107i dr\u017eavu Al\u017eir i ba\u0161tinu al\u017eirskog naroda, uistinu ne mo\u017eemo shvatiti kako nacionalni praznik druge dr\u017eave mo\u017ee imati prioritet nad jednim od najve\u0107ih blagdana hrvatskog naroda, bili oni vjernici, ateisti ili agnostici&#8221;, obrazla\u017ee HDZ.<\/p>\n\n\n\n<p>&#8220;Nadalje, blagdan Svih svetih nije samo vjerski dan nego i dr\u017eavni praznik i neradni dan u Republici Hrvatskoj. Ono \u0161to je jo\u0161 tragi\u010dnije jest \u010dinjenica da gradska vlast o\u010dito ne shva\u0107a razliku izme\u0111u blagdana Svih svetih i Du\u0161nog dana. Blagdan Svih svetih je dan kada se slave svi kanonizirani sveci, ali i sveci koji su ostvarili ideal kr\u0161\u0107anskoga \u017eivota, a nisu kanonizirani od strane Crkve. Zna\u010di da u sredi\u0161tu blagdana Svih svetih nije smrt nego upravo \u017eivot i to upravo proslava svetog \u017eivota. Na ovakav na\u010din se pokazuje fundamentalno neznanje o vjeri i stoljetnoj tradiciji europskih kr\u0161\u0107anskih vrijednosti koje su ukorijenjene u hrvatski narod. Sveci i bla\u017eenici na\u0161eg naroda su kulturno, povijesno i vjersko bogatstvo svih Hrvata, a ne samo onih koji se izja\u0161njavaju kao katolici&#8221;, ka\u017eu u Hrvatskoj demokratskoj zajednici.<\/p><div id=\"mojev-152432476\" class=\"mojev-u-tekstu mojev-entity-placement\" style=\"margin-left: auto;margin-right: auto;text-align: center;\"><div class=\"mojev-adlabel\">oglas<\/div><div style=\"height: 250px;\"><script async src=\"https:\/\/pagead2.googlesyndication.com\/pagead\/js\/adsbygoogle.js?client=ca-pub-8106111766207173\"\r\n     crossorigin=\"anonymous\"><\/script>\r\n<!-- Prikazni 1 u tekstu -->\r\n<ins class=\"adsbygoogle\"\r\n     style=\"display:block\"\r\n     data-ad-client=\"ca-pub-8106111766207173\"\r\n     data-ad-slot=\"8535551207\"\r\n     data-ad-format=\"auto\"\r\n     data-full-width-responsive=\"true\"><\/ins>\r\n<script>\r\n     (adsbygoogle = window.adsbygoogle || []).push({});\r\n<\/script><\/div><\/div><br style=\"clear: both; display: block; float: none;\"\/>\n\n\n\n<p>&#8220;O\u0161tro osu\u0111ujemo ovakav, kao i svaki drugi oblik vrije\u0111anja dostojanstva na\u0161ih sugra\u0111ana te pozivamo gradona\u010delnika Tomislava Toma\u0161evi\u0107a, nadle\u017ene gradske institucije da razmisle o tome imaju li gra\u0111ani Zagreba i cijele Hrvatske, bili oni vjernici, ateisti ili agnostici, \u0161to protiv jednog velikana hrvatskog naroda kao Sveti Leopold Mandi\u0107 kojemu se divi cijeli svijet&#8221;, zaklju\u010duje gradski HDZ.<\/p>\n\n\n\n<p>&#8220;Zagreba\u010dka crna kronika. Sve su vrijednosti izopa\u010dili&#8221;, zaklju\u010dio je jedan simpatizer HDZ-a, dok je drugi dometnuo: &#8220;Stra\u0161no, jadno I sramotno za hrvatski narod i katolike. Kazneno goniti odgovorne glede indoktrinacije zlo\u010dina\u010dkim komunisti\u010dkim naukom!&#8221; Ipak, mo\u017eda je rje\u0161enje ovog problema najduhovitije opisao tre\u0107i komentator: &#8220;Mo\u017eda bi ih trebalo projicirati kod zatvora u Remetincu. Tamo isto ima dosta \u010dlanova HDZ-a.&#8221;<\/p>\n\n\n\n<figure class=\"wp-block-embed is-type-rich is-provider-upravljacki-sklop-ugradbenog-koda wp-block-embed-upravljacki-sklop-ugradbenog-koda\"><div class=\"wp-block-embed__wrapper\">\nhttps:\/\/www.facebook.com\/HDZ.Zagreb\/posts\/pfbid02aMUnudnKE5FPDUAfKFims6gZfT6awQPYB7JPC5BJk7asFcUPZx822KD1jc4j59Jgl\n<\/div><\/figure>\n<div id=\"mojev-2829150337\" class=\"mojev-kraj-teksta mojev-entity-placement\" style=\"margin-bottom: 20px;margin-left: auto;margin-right: auto;text-align: center;\"><div class=\"mojev-adlabel\">oglas<\/div><div style=\"height: 250px;\"><script async src=\"https:\/\/pagead2.googlesyndication.com\/pagead\/js\/adsbygoogle.js?client=ca-pub-8106111766207173\"\r\n     crossorigin=\"anonymous\"><\/script>\r\n<!-- Display-1 -->\r\n<ins class=\"adsbygoogle\"\r\n     style=\"display:block\"\r\n     data-ad-client=\"ca-pub-8106111766207173\"\r\n     data-ad-slot=\"1465712950\"\r\n     data-ad-format=\"auto\"\r\n     data-full-width-responsive=\"true\"><\/ins>\r\n<script>\r\n     (adsbygoogle = window.adsbygoogle || []).push({});\r\n<\/script><\/div><\/div>","protected":false},"excerpt":{"rendered":"<p>Na ovakav na\u010din se pokazuje fundamentalno neznanje o vjeri i stoljetnoj tradiciji europskih kr\u0161\u0107anskih vrijednosti koje su ukorijenjene u hrvatski narod. Sveci i bla\u017eenici na\u0161eg naroda su kulturno, povijesno i vjersko bogatstvo svih Hrvata, a ne samo onih koji se izja\u0161njavaju kao katolici, poru\u010duje HDZ.<\/p>\n","protected":false},"author":1,"featured_media":64790,"comment_status":"closed","ping_status":"closed","sticky":false,"template":"","format":"standard","meta":{"footnotes":""},"categories":[9],"tags":[665,1070,1420],"class_list":["post-64783","post","type-post","status-publish","format-standard","has-post-thumbnail","hentry","category-vijesti","tag-hdz","tag-katolici","tag-svi-sveti"],"_links":{"self":[{"href":"https:\/\/www.mojevrijeme.hr\/magazin\/wp-json\/wp\/v2\/posts\/64783","targetHints":{"allow":["GET"]}}],"collection":[{"href":"https:\/\/www.mojevrijeme.hr\/magazin\/wp-json\/wp\/v2\/posts"}],"about":[{"href":"https:\/\/www.mojevrijeme.hr\/magazin\/wp-json\/wp\/v2\/types\/post"}],"author":[{"embeddable":true,"href":"https:\/\/www.mojevrijeme.hr\/magazin\/wp-json\/wp\/v2\/users\/1"}],"replies":[{"embeddable":true,"href":"https:\/\/www.mojevrijeme.hr\/magazin\/wp-json\/wp\/v2\/comments?post=64783"}],"version-history":[{"count":0,"href":"https:\/\/www.mojevrijeme.hr\/magazin\/wp-json\/wp\/v2\/posts\/64783\/revisions"}],"wp:featuredmedia":[{"embeddable":true,"href":"https:\/\/www.mojevrijeme.hr\/magazin\/wp-json\/wp\/v2\/media\/64790"}],"wp:attachment":[{"href":"https:\/\/www.mojevrijeme.hr\/magazin\/wp-json\/wp\/v2\/media?parent=64783"}],"wp:term":[{"taxonomy":"category","embeddable":true,"href":"https:\/\/www.mojevrijeme.hr\/magazin\/wp-json\/wp\/v2\/categories?post=64783"},{"taxonomy":"post_tag","embeddable":true,"href":"https:\/\/www.mojevrijeme.hr\/magazin\/wp-json\/wp\/v2\/tags?post=64783"}],"curies":[{"name":"wp","href":"https:\/\/api.w.org\/{rel}","templated":true}]}}