{"id":64859,"date":"2022-11-05T17:19:51","date_gmt":"2022-11-05T16:19:51","guid":{"rendered":"https:\/\/www.mojevrijeme.hr\/magazin\/?p=64859"},"modified":"2022-11-05T17:19:52","modified_gmt":"2022-11-05T16:19:52","slug":"najstarija-hrvatska-influenserica-objasnila-zasto-je-objavila-sliku-u-kupacem-kostimu","status":"publish","type":"post","link":"https:\/\/www.mojevrijeme.hr\/magazin\/2022\/11\/najstarija-hrvatska-influenserica-objasnila-zasto-je-objavila-sliku-u-kupacem-kostimu\/","title":{"rendered":"Najstarija hrvatska influenserica objasnila za\u0161to je objavila sliku u kupa\u0107em kostimu"},"content":{"rendered":"\n<p>Modna influenserica i blogerica <strong><a href=\"https:\/\/www.mojevrijeme.hr\/magazin\/2018\/04\/moze-se-jadranka-ima-66-godina-i-poznata-je-modna-influenserica\/\" data-type=\"post\" data-id=\"14718\">Jadranka Olivari Jirasek<\/a><\/strong> neumorno objavljuje sadr\u017eaj na dru\u0161tvenim mre\u017eama kojim, izme\u0111u ostalog, poku\u0161ava osvijestiti potrebu za druga\u010dijim pristupom starenju. Prije nekoliko dana na Facebooku je objavila vlastitu fotografiju u kupa\u0107em kostimu, a odmah je i dopisala za\u0161to je to u\u010dinila u 70. godini \u017eivota. <\/p>\n\n\n\n<p>&#8220;Da ne bi bilo zabune, fotografija je otprije nekoliko dana. Kupanje u studenom! Tko to mo\u017ee, ako ne ja, jedna otka\u010dena \u017eena? Barem sam takav komentar u jednom postu dobila. Dakle, sada kada smo &#8220;ra\u0161\u010distili&#8221; od kada je ova fotka, red je i da pojasnim za\u0161to je u ovim svojim poznim godinama objavljujem. A nisam Helen Mirren. Sjetite se njezinog crvenog kostima, izdanja kojeg se ne bi posramila niti Pamela Anderson&#8221;, napisala je Olivari Jirasek. <\/p>\n\n\n\n<p>&#8220;Slu\u010dajno sam nai\u0161la na jedan \u010dlanak o provedenom istra\u017eivanju kada su \u017eene najzadovoljnije svojim izgledom u kupa\u0107em kostimu. Iznenaditi \u0107ete se. Nisu dvadesete ili tridesete. Zamislite, \u017eene od 65 do 74 godine! Za\u0161to ba\u0161 74, a ne 75 godina? Ne znam. Vjerojatno su imali ispitanike te dobi. I da nastavim, najnezadovoljnije su one u \u010detrdesetim! Da ne povjeruje\u0161! U naponu snage. \u010cvrstog tonusa ko\u017ee. A one o\u010dajne zbog svojeg izgleda u kupa\u0107em kostimu?&#8221; stoji u objavi. <\/p><div id=\"mojev-1115588695\" class=\"mojev-u-tekstu mojev-entity-placement\" style=\"margin-left: auto;margin-right: auto;text-align: center;\"><div class=\"mojev-adlabel\">oglas<\/div><div style=\"height: 250px;\"><script async src=\"https:\/\/pagead2.googlesyndication.com\/pagead\/js\/adsbygoogle.js?client=ca-pub-8106111766207173\"\r\n     crossorigin=\"anonymous\"><\/script>\r\n<!-- Prikazni 1 u tekstu -->\r\n<ins class=\"adsbygoogle\"\r\n     style=\"display:block\"\r\n     data-ad-client=\"ca-pub-8106111766207173\"\r\n     data-ad-slot=\"8535551207\"\r\n     data-ad-format=\"auto\"\r\n     data-full-width-responsive=\"true\"><\/ins>\r\n<script>\r\n     (adsbygoogle = window.adsbygoogle || []).push({});\r\n<\/script><\/div><\/div><br style=\"clear: both; display: block; float: none;\"\/>\n\n\n\n<p>&#8220;Zato je moja generacija prezadovoljna! Izgledamo, kako to ka\u017ee jedna moja prijateljica, famozno! Ne morate joj povjerovati, ali razmislite malo za\u0161to smo mi \u017eene od 65 do 74 godine tako zadovoljne svojim izgledom? Najprije zato \u0161to smo dosegle svoj vrhunac prilagodljivosti trenutnoj situaciji (\u010ditaj: starenju sa svim vidljivim znakovima poput obje\u0161ene ko\u017ee, flekicama, venama i sl). I pri tome sve to nosimo sa vidljivim samopouzdanjem.&#8221;<\/p>\n\n\n\n<p>&#8220;Ne brinu nas ti znakovi. Izgled nam ionako nije niza\u0161to prijeloman (osim za izbor Miss), pa je red da kona\u010dno do\u0111e do izra\u017eaja na\u0161a samouvjerenost. Da smo sebi najljep\u0161e. A od toga pa do samopouzdanja da dobro izgledamo u vlastitoj (\u010ditaj: staroj) ko\u017ei, tek je korak!&#8221; zaklju\u010dila je ova influenserica i blogerica.<\/p>\n\n\n\n<div class=\"fb-post\" data-href=\"https:\/\/www.facebook.com\/OlivaStyle\/posts\/pfbid0emMyTtDw2TgkeM33wLKMHGFx2ypeyCRJipNkzorx8WLUPq7WeGSjqfn6Ke15qBWXl\" data-width=\"740\" data-show-text=\"false\"><blockquote cite=\"https:\/\/www.facebook.com\/OlivaStyle\/posts\/677967470358332\" class=\"fb-xfbml-parse-ignore\"><p>Da ne bi bilo zabune, fotografija je otprije nekoliko dana. Kupanje u studenom! Tko to mo\u017ee, ako ne ja, jedna&#8230;<\/p>Posted by <a href=\"https:\/\/www.facebook.com\/OlivaStyle\">Oliva Style<\/a> on&nbsp;<a href=\"https:\/\/www.facebook.com\/OlivaStyle\/posts\/677967470358332\">Thursday, November 3, 2022<\/a><\/blockquote><\/div>\n<div id=\"mojev-3512009062\" class=\"mojev-kraj-teksta mojev-entity-placement\" style=\"margin-bottom: 20px;margin-left: auto;margin-right: auto;text-align: center;\"><div class=\"mojev-adlabel\">oglas<\/div><div style=\"height: 250px;\"><script async src=\"https:\/\/pagead2.googlesyndication.com\/pagead\/js\/adsbygoogle.js?client=ca-pub-8106111766207173\"\r\n     crossorigin=\"anonymous\"><\/script>\r\n<!-- Display-1 -->\r\n<ins class=\"adsbygoogle\"\r\n     style=\"display:block\"\r\n     data-ad-client=\"ca-pub-8106111766207173\"\r\n     data-ad-slot=\"1465712950\"\r\n     data-ad-format=\"auto\"\r\n     data-full-width-responsive=\"true\"><\/ins>\r\n<script>\r\n     (adsbygoogle = window.adsbygoogle || []).push({});\r\n<\/script><\/div><\/div>","protected":false},"excerpt":{"rendered":"<p>&#8216;Slu\u010dajno sam nai\u0161la na jedan \u010dlanak o provedenom istra\u017eivanju kada su \u017eene najzadovoljnije svojim izgledom u kupa\u0107em kostimu. Iznenaditi \u0107ete se, ka\u017ee gospo\u0111a Olivari Jirasek&#8217;, lice iza popularne Facebook stranice Oliva Style. <\/p>\n","protected":false},"author":1,"featured_media":14727,"comment_status":"closed","ping_status":"closed","sticky":false,"template":"","format":"standard","meta":{"footnotes":""},"categories":[86],"tags":[1233,1276,3324],"class_list":["post-64859","post","type-post","status-publish","format-standard","has-post-thumbnail","hentry","category-stil-i-ljepota","tag-blogeri","tag-influenseri","tag-jadranka-olivari-jirasek"],"_links":{"self":[{"href":"https:\/\/www.mojevrijeme.hr\/magazin\/wp-json\/wp\/v2\/posts\/64859","targetHints":{"allow":["GET"]}}],"collection":[{"href":"https:\/\/www.mojevrijeme.hr\/magazin\/wp-json\/wp\/v2\/posts"}],"about":[{"href":"https:\/\/www.mojevrijeme.hr\/magazin\/wp-json\/wp\/v2\/types\/post"}],"author":[{"embeddable":true,"href":"https:\/\/www.mojevrijeme.hr\/magazin\/wp-json\/wp\/v2\/users\/1"}],"replies":[{"embeddable":true,"href":"https:\/\/www.mojevrijeme.hr\/magazin\/wp-json\/wp\/v2\/comments?post=64859"}],"version-history":[{"count":0,"href":"https:\/\/www.mojevrijeme.hr\/magazin\/wp-json\/wp\/v2\/posts\/64859\/revisions"}],"wp:featuredmedia":[{"embeddable":true,"href":"https:\/\/www.mojevrijeme.hr\/magazin\/wp-json\/wp\/v2\/media\/14727"}],"wp:attachment":[{"href":"https:\/\/www.mojevrijeme.hr\/magazin\/wp-json\/wp\/v2\/media?parent=64859"}],"wp:term":[{"taxonomy":"category","embeddable":true,"href":"https:\/\/www.mojevrijeme.hr\/magazin\/wp-json\/wp\/v2\/categories?post=64859"},{"taxonomy":"post_tag","embeddable":true,"href":"https:\/\/www.mojevrijeme.hr\/magazin\/wp-json\/wp\/v2\/tags?post=64859"}],"curies":[{"name":"wp","href":"https:\/\/api.w.org\/{rel}","templated":true}]}}