{"id":64893,"date":"2022-11-07T21:48:40","date_gmt":"2022-11-07T20:48:40","guid":{"rendered":"https:\/\/www.mojevrijeme.hr\/magazin\/?p=64893"},"modified":"2022-11-07T22:13:49","modified_gmt":"2022-11-07T21:13:49","slug":"hdz-ov-gradonacelnik-pobijedio-je-macu-anastaziju-18-udomila-ju-je-dobra-veterinarka","status":"publish","type":"post","link":"https:\/\/www.mojevrijeme.hr\/magazin\/2022\/11\/hdz-ov-gradonacelnik-pobijedio-je-macu-anastaziju-18-udomila-ju-je-dobra-veterinarka\/","title":{"rendered":"HDZ-ov gradona\u010delnik pobijedio je staru i bolesnu Anastaziju (18), udomila ju je dobra veterinarka"},"content":{"rendered":"\n<p>Maca Anastazija vi\u0161e ne\u0107e spavati na trijemu Kne\u017eevog dvora u Dubrovniku. Naime, dubrova\u010dka gradska vlast propustila je od Anastazije napraviti lijepu gradsku pri\u010du i svjetsku atrakciju, pa je ostarjela maca koja je voljom lokalnih mo\u0107nika postala besku\u0107nica &#8211; promijenila lokaciju. <\/p>\n\n\n\n<p>Podsjetimo, dubrova\u010dka maca spavala je godinama na kamenoj klupi na ulazu u Kne\u017eev dvor, na radost turista i lokalnih ljubitelja \u017eivotinja. Kako je ove godine proslavila 18. ro\u0111endan, gra\u0111ani su joj u nekoliko navrata napravili udobnu i toplu ku\u0107icu koja se uklapala u kameni ambijent. No Dubrova\u010dki muzeji, uz podr\u0161ku gradona\u010delnika <strong>Mate Frankovi\u0107a (HDZ)<\/strong> nalo\u017eili su uklanjanje ku\u0107ice pa je Anastazija, unato\u010d trudu svojih sugra\u0111ana, morala spavati na hladnom kamenu. \u0160to se se u me\u0111uvremenu dogodilo u njenom \u017eivotu, na Facebooku je napisao <strong>Sr\u0111an Kera<\/strong>, Dubrov\u010danin dobrog srca koji je ljetos napravio Anastazijinu ku\u0107icu. <\/p>\n\n\n\n<p>&#8220;Anastazija se preselila iz Kne\u017eevog dvora u zaslu\u017eeni stara\u010dki dom na skrb i njegu dubrova\u010dke veterinarke koja je i dosad nadgledala i brinula za Anastazijino zdravlje, kao i za zdravstveno stanje ostalih slobodno\u017eivu\u0107ih ma\u010daka Grada. Pod budnim veterinarskim okom, u njezinom domu, Anastazija \u0107e imati najbolju mogu\u0107u zdravstvenu skrb i de luxe uvjete za po\u017eivjeti onoliko koliko joj Bog da&#8221;, stoji u objavi. <\/p><div id=\"mojev-2979333626\" class=\"mojev-u-tekstu mojev-entity-placement\" style=\"margin-left: auto;margin-right: auto;text-align: center;\"><div class=\"mojev-adlabel\">oglas<\/div><div style=\"height: 250px;\"><script async src=\"https:\/\/pagead2.googlesyndication.com\/pagead\/js\/adsbygoogle.js?client=ca-pub-8106111766207173\"\r\n     crossorigin=\"anonymous\"><\/script>\r\n<!-- Prikazni 1 u tekstu -->\r\n<ins class=\"adsbygoogle\"\r\n     style=\"display:block\"\r\n     data-ad-client=\"ca-pub-8106111766207173\"\r\n     data-ad-slot=\"8535551207\"\r\n     data-ad-format=\"auto\"\r\n     data-full-width-responsive=\"true\"><\/ins>\r\n<script>\r\n     (adsbygoogle = window.adsbygoogle || []).push({});\r\n<\/script><\/div><\/div><br style=\"clear: both; display: block; float: none;\"\/>\n\n\n\n<p>Detaljno je naveden i razlog macina preseljenja: &#8220;Jer nije mogla vi\u0161e izdurat. Svako jutro u 6 sati svi\u0107e novi radni dan za Kne\u017eev dvor i s njim nova delo\u017eacija za na\u0161u Anastaziju. Svi beskrajni pregovori i sve mu\u010dne borbe da se Anastaziji omogu\u0107i ku\u0107ica (skloni\u0161te) nai\u0161li su na otpor i nerazumijevanje ravnateljice Dubrova\u010dkih muzeja <strong>Ivone Michl <\/strong>i gradona\u010delnika <strong>Mate Frankovi\u0107a<\/strong>. Usprkos peticiji koju je potpisalo preko 10.000 ljudi, usprkos stranim medijima zahvaljuju\u0107i kojima je Anastazijina pri\u010da obi\u0161la zemaljsku kuglu vi\u0161e puta, usprkos svim reagiranjima hrvatskih i stranih udruga za \u017eivotinje, usprkos najve\u0107im stru\u010dnjacima za prava \u017eivotinja u na\u0161oj dr\u017eavi koji su pisali ravnateljici i gradona\u010delniku upite i prosvjedne note\u2026 Dogovor se nije postigao.&#8221;<\/p>\n\n\n\n<p>&#8220;Iako svi ve\u0107 znamo da ne postoji zakon ili pravilnik na osnovu kojeg se mo\u017ee zabraniti postavljanje ku\u0107ice u trijemu Kne\u017eevog dvora\u2026, ali kad se pita po du\u0161i Matu i Ivonu, jednostavno ku\u0107ica ne mo\u017ee. Za\u0161to? Eto, zato. I nedavni razgovor s gradona\u010delnikom na ovu temu, taj zadnji poku\u0161aj da se najstarijoj ma\u010dki u Gradu omogu\u0107i ku\u0107ica ove zime, nije uspio. I gradona\u010delnik i ravnateljica jednostavno ne \u017eele da ma\u010dka Anastazija ima bolje uvjete \u017eivota u svojoj starosti. Ljudi koji se brinu o Anastaziji, donosili su hranu, vodu, kartonske kutije, mazili je, pazili, bdjeli, branili je od obo\u017eavatelja i turista, sve da joj omogu\u0107e boravak na mjestu koje je sama izabrala&#8221;, napisao je gospodin Kera. <\/p>\n\n\n\n<figure class=\"wp-block-image size-large\"><img loading=\"lazy\" decoding=\"async\" width=\"740\" height=\"416\" src=\"https:\/\/www.mojevrijeme.hr\/magazin\/wp-content\/uploads\/2022\/04\/HDZ-frankovic-740x416.jpg\" alt=\"\" class=\"wp-image-58099\" srcset=\"https:\/\/www.mojevrijeme.hr\/magazin\/wp-content\/uploads\/2022\/04\/HDZ-frankovic-740x416.jpg 740w, https:\/\/www.mojevrijeme.hr\/magazin\/wp-content\/uploads\/2022\/04\/HDZ-frankovic-636x358.jpg 636w, https:\/\/www.mojevrijeme.hr\/magazin\/wp-content\/uploads\/2022\/04\/HDZ-frankovic-768x432.jpg 768w, https:\/\/www.mojevrijeme.hr\/magazin\/wp-content\/uploads\/2022\/04\/HDZ-frankovic-1536x864.jpg 1536w, https:\/\/www.mojevrijeme.hr\/magazin\/wp-content\/uploads\/2022\/04\/HDZ-frankovic-1080x608.jpg 1080w, https:\/\/www.mojevrijeme.hr\/magazin\/wp-content\/uploads\/2022\/04\/HDZ-frankovic.jpg 1600w\" sizes=\"auto, (max-width: 740px) 100vw, 740px\" \/><figcaption class=\"wp-element-caption\">Anastazija i Mato Frankovi\u0107 (foto: PlameniJazavac)<\/figcaption><\/figure>\n\n\n\n<p>&#8220;Po stru\u010dnom mi\u0161ljenju veterinara, Anastazija ne bi pre\u017eivjela jo\u0161 jednu zimu na otvorenom, na ki\u0161i, vjetru i na mokrome, bez ku\u0107ice. Kod Anastazije su primije\u0107eni i simptomi osteoartritisa uslijed kojeg se ote\u017eano kre\u0107e i bole je zglobovi. Ve\u0107inu vremena provodi spavaju\u0107i. Zato joj je i trebala ku\u0107ica. U dogovoru i s blagoslovom dvoje odgovornih i po\u017ertvovnih ljudi koji su brinuli o Anastazijii 24 sata, u savjetovanju s doktorom veterinarske medicine, vrlo oprezno, s ljubavlju i pa\u017enjom, na najmanje stresan na\u010din, ma\u010dka je premje\u0161tena na svoju novu adresu.&#8221;<\/p>\n\n\n\n<p>&#8220;Anastazija zahvaljuje svima, najvi\u0161e onima koji su se istinski brinuli o njoj, pokazali vjernost i suosje\u0107anje, i onima koji su je izdaleka pratili i podr\u017eavali. Nije o\u010dekivala da \u0107e njezina sudbina otkriti namisli mnogih srdaca. Sje\u0107a se rado starih glasova i ekipe ispod trijema, ali ne fali joj neizvjesnost, samo\u0107a kad svi odu i hladno\u0107a ulice. Privikava se na novu okolinu, ka\u017eu da se lako naviknut na bolje&#8230; i ako budete strpljivi, poslat \u0107e vam sliku iz svog zauvijek doma&#8221;, zaklju\u010duje gospodin Kera.<\/p>\n\n\n\n<figure class=\"wp-block-image size-large\"><img loading=\"lazy\" decoding=\"async\" width=\"740\" height=\"555\" src=\"https:\/\/www.mojevrijeme.hr\/magazin\/wp-content\/uploads\/2022\/11\/kneginja-anastazija-740x555.jpg\" alt=\"\" class=\"wp-image-64904\" srcset=\"https:\/\/www.mojevrijeme.hr\/magazin\/wp-content\/uploads\/2022\/11\/kneginja-anastazija-740x555.jpg 740w, https:\/\/www.mojevrijeme.hr\/magazin\/wp-content\/uploads\/2022\/11\/kneginja-anastazija-636x477.jpg 636w, https:\/\/www.mojevrijeme.hr\/magazin\/wp-content\/uploads\/2022\/11\/kneginja-anastazija-768x576.jpg 768w, https:\/\/www.mojevrijeme.hr\/magazin\/wp-content\/uploads\/2022\/11\/kneginja-anastazija-1536x1152.jpg 1536w, https:\/\/www.mojevrijeme.hr\/magazin\/wp-content\/uploads\/2022\/11\/kneginja-anastazija-1080x810.jpg 1080w, https:\/\/www.mojevrijeme.hr\/magazin\/wp-content\/uploads\/2022\/11\/kneginja-anastazija.jpg 2048w\" sizes=\"auto, (max-width: 740px) 100vw, 740px\" \/><figcaption class=\"wp-element-caption\">foto: Kneginja Anastazija\/Facebook<\/figcaption><\/figure>\n<div id=\"mojev-86731366\" class=\"mojev-kraj-teksta mojev-entity-placement\" style=\"margin-bottom: 20px;margin-left: auto;margin-right: auto;text-align: center;\"><div class=\"mojev-adlabel\">oglas<\/div><div style=\"height: 250px;\"><script async src=\"https:\/\/pagead2.googlesyndication.com\/pagead\/js\/adsbygoogle.js?client=ca-pub-8106111766207173\"\r\n     crossorigin=\"anonymous\"><\/script>\r\n<!-- Display-1 -->\r\n<ins class=\"adsbygoogle\"\r\n     style=\"display:block\"\r\n     data-ad-client=\"ca-pub-8106111766207173\"\r\n     data-ad-slot=\"1465712950\"\r\n     data-ad-format=\"auto\"\r\n     data-full-width-responsive=\"true\"><\/ins>\r\n<script>\r\n     (adsbygoogle = window.adsbygoogle || []).push({});\r\n<\/script><\/div><\/div>","protected":false},"excerpt":{"rendered":"<p>Anastazija zahvaljuje svima, najvi\u0161e onima koji su se istinski brinuli o njoj, pokazali vjernost i suosje\u0107anje, i onima koji su je izdaleka pratili i podr\u017eavali. <\/p>\n","protected":false},"author":1,"featured_media":57972,"comment_status":"closed","ping_status":"closed","sticky":false,"template":"","format":"standard","meta":{"footnotes":""},"categories":[2],"tags":[473,3105,3101],"class_list":["post-64893","post","type-post","status-publish","format-standard","has-post-thumbnail","hentry","category-mozaik","tag-dubrovnik","tag-maca-anastazija","tag-mato-frankovic"],"_links":{"self":[{"href":"https:\/\/www.mojevrijeme.hr\/magazin\/wp-json\/wp\/v2\/posts\/64893","targetHints":{"allow":["GET"]}}],"collection":[{"href":"https:\/\/www.mojevrijeme.hr\/magazin\/wp-json\/wp\/v2\/posts"}],"about":[{"href":"https:\/\/www.mojevrijeme.hr\/magazin\/wp-json\/wp\/v2\/types\/post"}],"author":[{"embeddable":true,"href":"https:\/\/www.mojevrijeme.hr\/magazin\/wp-json\/wp\/v2\/users\/1"}],"replies":[{"embeddable":true,"href":"https:\/\/www.mojevrijeme.hr\/magazin\/wp-json\/wp\/v2\/comments?post=64893"}],"version-history":[{"count":0,"href":"https:\/\/www.mojevrijeme.hr\/magazin\/wp-json\/wp\/v2\/posts\/64893\/revisions"}],"wp:featuredmedia":[{"embeddable":true,"href":"https:\/\/www.mojevrijeme.hr\/magazin\/wp-json\/wp\/v2\/media\/57972"}],"wp:attachment":[{"href":"https:\/\/www.mojevrijeme.hr\/magazin\/wp-json\/wp\/v2\/media?parent=64893"}],"wp:term":[{"taxonomy":"category","embeddable":true,"href":"https:\/\/www.mojevrijeme.hr\/magazin\/wp-json\/wp\/v2\/categories?post=64893"},{"taxonomy":"post_tag","embeddable":true,"href":"https:\/\/www.mojevrijeme.hr\/magazin\/wp-json\/wp\/v2\/tags?post=64893"}],"curies":[{"name":"wp","href":"https:\/\/api.w.org\/{rel}","templated":true}]}}