{"id":649,"date":"2014-09-19T18:04:30","date_gmt":"2014-09-19T16:04:30","guid":{"rendered":"http:\/\/mojevrijeme.hr\/magazin\/?p=649"},"modified":"2014-10-04T19:18:00","modified_gmt":"2014-10-04T17:18:00","slug":"gerontoloska-tribina-s-temom-alzeimerove-bolesti","status":"publish","type":"post","link":"https:\/\/www.mojevrijeme.hr\/magazin\/2014\/09\/gerontoloska-tribina-s-temom-alzeimerove-bolesti\/","title":{"rendered":"Gerontolo\u0161ka tribina s temom Alzeimerove bolesti"},"content":{"rendered":"<p>Centar za geronotologiju &#8211; Referentni centar Ministarstva zdravlja RH za za\u0161titu zdravlja starijih osoba organizira 194. po redu Gerontolo\u0161ku tribinu s temom &#8220;Rano otkrivanje Alzheimerove bolesti u gerijatrijskih bolesnika&#8221;.<\/p>\n<p>Gerontolo\u0161ka tribina odr\u017eat \u0107e se u utorak, 30.\u00a0rujna 2014. godine u 13,00 sati u Velikoj dvorani Zavoda za javno zdravstvo &#8220;Dr. Andrija \u0160tampar&#8221;, Mirogojska c. 16, Zagreb.<\/p>\n<p>Predava\u010di su akademkinja<strong> Vida Demarin<\/strong> i\u00a0prof. dr. sc. <strong>Ninoslav Mimica<\/strong>. Ina\u010de,\u00a0194. Gerontolo\u0161ku tribinu\u00a0boduju\u00a0Hrvatska lije\u010dni\u010dka komora, Hrvatska komora medicinskih sestara i Hrvatska komora fizioterapeuta.<\/p><div id=\"mojev-3086022054\" class=\"mojev-u-tekstu mojev-entity-placement\" style=\"margin-left: auto;margin-right: auto;text-align: center;\"><div class=\"mojev-adlabel\">oglas<\/div><div style=\"height: 250px;\"><script async src=\"https:\/\/pagead2.googlesyndication.com\/pagead\/js\/adsbygoogle.js?client=ca-pub-8106111766207173\"\r\n     crossorigin=\"anonymous\"><\/script>\r\n<!-- Prikazni 1 u tekstu -->\r\n<ins class=\"adsbygoogle\"\r\n     style=\"display:block\"\r\n     data-ad-client=\"ca-pub-8106111766207173\"\r\n     data-ad-slot=\"8535551207\"\r\n     data-ad-format=\"auto\"\r\n     data-full-width-responsive=\"true\"><\/ins>\r\n<script>\r\n     (adsbygoogle = window.adsbygoogle || []).push({});\r\n<\/script><\/div><\/div><br style=\"clear: both; display: block; float: none;\"\/>\n<div id=\"mojev-2429637495\" class=\"mojev-kraj-teksta mojev-entity-placement\" style=\"margin-bottom: 20px;margin-left: auto;margin-right: auto;text-align: center;\"><div class=\"mojev-adlabel\">oglas<\/div><div style=\"height: 250px;\"><script async src=\"https:\/\/pagead2.googlesyndication.com\/pagead\/js\/adsbygoogle.js?client=ca-pub-8106111766207173\"\r\n     crossorigin=\"anonymous\"><\/script>\r\n<!-- Display-1 -->\r\n<ins class=\"adsbygoogle\"\r\n     style=\"display:block\"\r\n     data-ad-client=\"ca-pub-8106111766207173\"\r\n     data-ad-slot=\"1465712950\"\r\n     data-ad-format=\"auto\"\r\n     data-full-width-responsive=\"true\"><\/ins>\r\n<script>\r\n     (adsbygoogle = window.adsbygoogle || []).push({});\r\n<\/script><\/div><\/div>","protected":false},"excerpt":{"rendered":"<p>Centar za geronotologiju &#8211; Referentni centar Ministarstva zdravlja RH za za\u0161titu zdravlja starijih osoba organizira 30. rujna 194. po redu Gerontolo\u0161ku tribinu s temom &#8220;Rano otkrivanje Alzheimerove bolesti u gerijatrijskih bolesnika&#8221;.<\/p>\n","protected":false},"author":1,"featured_media":657,"comment_status":"closed","ping_status":"open","sticky":false,"template":"","format":"standard","meta":{"footnotes":""},"categories":[9],"tags":[138,34,137,39],"class_list":["post-649","post","type-post","status-publish","format-standard","has-post-thumbnail","hentry","category-vijesti","tag-alzheimerova-bolest","tag-demencija","tag-tribina","tag-zagreb"],"_links":{"self":[{"href":"https:\/\/www.mojevrijeme.hr\/magazin\/wp-json\/wp\/v2\/posts\/649","targetHints":{"allow":["GET"]}}],"collection":[{"href":"https:\/\/www.mojevrijeme.hr\/magazin\/wp-json\/wp\/v2\/posts"}],"about":[{"href":"https:\/\/www.mojevrijeme.hr\/magazin\/wp-json\/wp\/v2\/types\/post"}],"author":[{"embeddable":true,"href":"https:\/\/www.mojevrijeme.hr\/magazin\/wp-json\/wp\/v2\/users\/1"}],"replies":[{"embeddable":true,"href":"https:\/\/www.mojevrijeme.hr\/magazin\/wp-json\/wp\/v2\/comments?post=649"}],"version-history":[{"count":0,"href":"https:\/\/www.mojevrijeme.hr\/magazin\/wp-json\/wp\/v2\/posts\/649\/revisions"}],"wp:featuredmedia":[{"embeddable":true,"href":"https:\/\/www.mojevrijeme.hr\/magazin\/wp-json\/wp\/v2\/media\/657"}],"wp:attachment":[{"href":"https:\/\/www.mojevrijeme.hr\/magazin\/wp-json\/wp\/v2\/media?parent=649"}],"wp:term":[{"taxonomy":"category","embeddable":true,"href":"https:\/\/www.mojevrijeme.hr\/magazin\/wp-json\/wp\/v2\/categories?post=649"},{"taxonomy":"post_tag","embeddable":true,"href":"https:\/\/www.mojevrijeme.hr\/magazin\/wp-json\/wp\/v2\/tags?post=649"}],"curies":[{"name":"wp","href":"https:\/\/api.w.org\/{rel}","templated":true}]}}