{"id":65159,"date":"2022-11-18T14:04:05","date_gmt":"2022-11-18T13:04:05","guid":{"rendered":"https:\/\/www.mojevrijeme.hr\/magazin\/?p=65159"},"modified":"2022-11-18T17:20:48","modified_gmt":"2022-11-18T16:20:48","slug":"dvojica-protiv-jednoga-muskarac-75-nakon-svade-u-prometu-zavrsio-tesko-ozlijeden","status":"publish","type":"post","link":"https:\/\/www.mojevrijeme.hr\/magazin\/2022\/11\/dvojica-protiv-jednoga-muskarac-75-nakon-svade-u-prometu-zavrsio-tesko-ozlijeden\/","title":{"rendered":"75-godi\u0161njak krivo parkirao, napada\u010d ga pretukao, glavom mu lupao u vrata automobila"},"content":{"rendered":"\n<p>Kratak fitilj nije stvar samo zagreba\u010dkog prometa, no upravo se u metropoli dogodila sva\u0111a u kojoj je deblji kraj i te\u0161ke ozlijede izvukao 75-godi\u0161nji mu\u0161karac. <\/p>\n\n\n\n<p>Kako je izvijestila zagreba\u010dka policija, ju\u010der (17. studenoga) oko 17;10 sati u Novom Zagrebu na Prilazu Vladislava Brajkovi\u0107a, zbog nesuglasica u prometu se 75-godi\u0161njak verbalno sukobio s jednom zasad nepoznatom mu\u0161kom osobom.<\/p>\n\n\n\n<p>Nije priop\u0107eno \u0161to je uzrokovalo sva\u0111u, no poznato da je se u nju uklju\u010dio jo\u0161 jedan, za sada nepoznati, mu\u0161karac koji verbalno napao 75-godi\u0161njaka, a potom i fizi\u010dki nasrnuo na njega. Lije\u010dni\u010dka pomo\u0107 je ozlije\u0111enom 75-godi\u0161njaku pru\u017eena u KBC Zagreb gdje je utvr\u0111eno da je te\u0161ko ozlije\u0111en. Kriminalisti\u010dko istra\u017eivanje je u tijeku, priop\u0107ila je Policijska uprava zagreba\u010dka.<\/p><div id=\"mojev-3953088580\" class=\"mojev-u-tekstu mojev-entity-placement\" style=\"margin-left: auto;margin-right: auto;text-align: center;\"><div class=\"mojev-adlabel\">oglas<\/div><div style=\"height: 250px;\"><script async src=\"https:\/\/pagead2.googlesyndication.com\/pagead\/js\/adsbygoogle.js?client=ca-pub-8106111766207173\"\r\n     crossorigin=\"anonymous\"><\/script>\r\n<!-- Prikazni 1 u tekstu -->\r\n<ins class=\"adsbygoogle\"\r\n     style=\"display:block\"\r\n     data-ad-client=\"ca-pub-8106111766207173\"\r\n     data-ad-slot=\"8535551207\"\r\n     data-ad-format=\"auto\"\r\n     data-full-width-responsive=\"true\"><\/ins>\r\n<script>\r\n     (adsbygoogle = window.adsbygoogle || []).push({});\r\n<\/script><\/div><\/div><br style=\"clear: both; display: block; float: none;\"\/>\n\n\n\n<p>Istovremeno, <a href=\"https:\/\/www.jutarnji.hr\/vijesti\/crna-kronika\/detalji-brutalne-tucnjave-u-sigetu-sve-smo-vidjeli-glavom-mu-je-udarao-u-vrata-automobila-15277188\" target=\"_blank\" rel=\"noreferrer noopener\">Jutarnji list<\/a> donosi i iskaz o\u010devidaca. &#8220;Taj stariji voza\u010d malo je krivo parkirao, recimo, poprijeko. Drugi voza\u010d nije mogao pro\u0107i pa je nastao verbalni sukob u kojem se stariji mu\u0161karac poprili\u010dno iznervirao. Poku\u0161ao je nekoliko puta pravilno parkirati, ali nije mu uspjelo. To je trajalo nekoliko minuta, nakon \u010dega se i drugi voza\u010d iznervirao, pa je starijeg poku\u0161ao natjerati da iza\u0111e iz vozila jer \u0107e mu on isparkirati i uparkirati automobil. No, 75-godi\u0161njaku to se nije svidjelo&#8221;, kazali su stanari ulice. <\/p>\n\n\n\n<p>Isti\u010du kako je napada\u010d tada silom izvukao starijeg voza\u010da iz automobila te ga po\u010deo navla\u010diti po cesti i udarati, a u nekom trenutku je sna\u017eno udario njegovom glavom o vrata automobila.<\/p>\n\n\n\n<p>S obzirom na stariju dob napadnute \u017ertve napada\u010du prijeti kazna od jedne do osam godina zatvora, no u bla\u017eoj kvalifikaciji djela prijeti mu od \u0161est mjeseci do pet godina iza re\u0161etaka<\/p>\n<div id=\"mojev-3315280016\" class=\"mojev-kraj-teksta mojev-entity-placement\" style=\"margin-bottom: 20px;margin-left: auto;margin-right: auto;text-align: center;\"><div class=\"mojev-adlabel\">oglas<\/div><div style=\"height: 250px;\"><script async src=\"https:\/\/pagead2.googlesyndication.com\/pagead\/js\/adsbygoogle.js?client=ca-pub-8106111766207173\"\r\n     crossorigin=\"anonymous\"><\/script>\r\n<!-- Display-1 -->\r\n<ins class=\"adsbygoogle\"\r\n     style=\"display:block\"\r\n     data-ad-client=\"ca-pub-8106111766207173\"\r\n     data-ad-slot=\"1465712950\"\r\n     data-ad-format=\"auto\"\r\n     data-full-width-responsive=\"true\"><\/ins>\r\n<script>\r\n     (adsbygoogle = window.adsbygoogle || []).push({});\r\n<\/script><\/div><\/div>","protected":false},"excerpt":{"rendered":"<p>Lije\u010dni\u010dka pomo\u0107 je ozlije\u0111enom 75-godi\u0161njaku pru\u017eena u KBC Zagreb gdje je utvr\u0111eno da je te\u0161ko ozlije\u0111en. Kriminalisti\u010dko istra\u017eivanje je u tijeku.<\/p>\n","protected":false},"author":1,"featured_media":45794,"comment_status":"closed","ping_status":"closed","sticky":false,"template":"","format":"standard","meta":{"footnotes":""},"categories":[9],"tags":[596,610,39],"class_list":["post-65159","post","type-post","status-publish","format-standard","has-post-thumbnail","hentry","category-vijesti","tag-crna-kronika","tag-promet","tag-zagreb"],"_links":{"self":[{"href":"https:\/\/www.mojevrijeme.hr\/magazin\/wp-json\/wp\/v2\/posts\/65159","targetHints":{"allow":["GET"]}}],"collection":[{"href":"https:\/\/www.mojevrijeme.hr\/magazin\/wp-json\/wp\/v2\/posts"}],"about":[{"href":"https:\/\/www.mojevrijeme.hr\/magazin\/wp-json\/wp\/v2\/types\/post"}],"author":[{"embeddable":true,"href":"https:\/\/www.mojevrijeme.hr\/magazin\/wp-json\/wp\/v2\/users\/1"}],"replies":[{"embeddable":true,"href":"https:\/\/www.mojevrijeme.hr\/magazin\/wp-json\/wp\/v2\/comments?post=65159"}],"version-history":[{"count":0,"href":"https:\/\/www.mojevrijeme.hr\/magazin\/wp-json\/wp\/v2\/posts\/65159\/revisions"}],"wp:featuredmedia":[{"embeddable":true,"href":"https:\/\/www.mojevrijeme.hr\/magazin\/wp-json\/wp\/v2\/media\/45794"}],"wp:attachment":[{"href":"https:\/\/www.mojevrijeme.hr\/magazin\/wp-json\/wp\/v2\/media?parent=65159"}],"wp:term":[{"taxonomy":"category","embeddable":true,"href":"https:\/\/www.mojevrijeme.hr\/magazin\/wp-json\/wp\/v2\/categories?post=65159"},{"taxonomy":"post_tag","embeddable":true,"href":"https:\/\/www.mojevrijeme.hr\/magazin\/wp-json\/wp\/v2\/tags?post=65159"}],"curies":[{"name":"wp","href":"https:\/\/api.w.org\/{rel}","templated":true}]}}