{"id":652,"date":"2014-09-18T19:35:24","date_gmt":"2014-09-18T17:35:24","guid":{"rendered":"http:\/\/mojevrijeme.hr\/magazin\/?p=652"},"modified":"2016-03-24T18:41:21","modified_gmt":"2016-03-24T17:41:21","slug":"100-zagorsko-na-trgu","status":"publish","type":"post","link":"https:\/\/www.mojevrijeme.hr\/magazin\/2014\/09\/100-zagorsko-na-trgu\/","title":{"rendered":"100% zagorsko na Trgu"},"content":{"rendered":"<p>Na trgu bana Jela\u010di\u0107a 19. i 20. rujna Krapinsko-zagorska \u017eupanija i Turisti\u010dka zajednica Krapinsko-zagorske \u017eupanije po peti puta organiziraju manifestaciju 100% zagorsko, na kojoj \u0107e poljoprivredne proizvode uzgojene na tradicijski i ekolo\u0161ki na\u010din te proizvode tradicijskih obrta izlo\u017eiti 111 proizvo\u0111a\u010da, \u010dulo se na dana\u0161njoj konferenciji za novinare organiziranoj u Zagorskoj hi\u017ei u Palmoti\u0107evoj ulici.<\/p>\n<p>Uz zagreba\u010dkog gradona\u010delnika Milana Bandi\u0107a, konferenciji su prisustvovali \u017eupan Krapinsko-zagorske \u017eupanije \u017deljko Kolar, direktorica Turisti\u010dke zajednice Krapinsko-zagorske \u017eupanije Sanja \u0160krinjar, ravnateljica Muzeja Hrvatskog zagorja Vlasta Krklec i umjetni\u010dka voditeljica KUD-a Zabok Senka Jurina.<\/p>\n<p>Grad je po\u010da\u0161\u0107en ovom manifestacijom. Pozivam svoje sugra\u0111anke i sugra\u0111ane da nam se u sljede\u0107a dva dana pridru\u017ee, razgledaju \u0161tandove i ne\u0161to kupe, rekao je gradona\u010delnik Bandi\u0107, naglasiv\u0161i kako je manifestacija jo\u0161 jedna potvrda zajedni\u0161tva Zagreba i Zagorja.<\/p><div id=\"mojev-408051545\" class=\"mojev-u-tekstu mojev-entity-placement\" style=\"margin-left: auto;margin-right: auto;text-align: center;\"><div class=\"mojev-adlabel\">oglas<\/div><div style=\"height: 250px;\"><script async src=\"https:\/\/pagead2.googlesyndication.com\/pagead\/js\/adsbygoogle.js?client=ca-pub-8106111766207173\"\r\n     crossorigin=\"anonymous\"><\/script>\r\n<!-- Prikazni 1 u tekstu -->\r\n<ins class=\"adsbygoogle\"\r\n     style=\"display:block\"\r\n     data-ad-client=\"ca-pub-8106111766207173\"\r\n     data-ad-slot=\"8535551207\"\r\n     data-ad-format=\"auto\"\r\n     data-full-width-responsive=\"true\"><\/ins>\r\n<script>\r\n     (adsbygoogle = window.adsbygoogle || []).push({});\r\n<\/script><\/div><\/div><br style=\"clear: both; display: block; float: none;\"\/>\n<p>Osima poljoprivrednih proizvo\u0111a\u010da, na glavnog gradskom trgu ponudu Zagorja predstavit \u0107e i Muzeji hrvatskog zagorja, hoteli, seoska gospodarstva i drugi turisti\u010dki objekti.<\/p>\n<p>Gra\u0111ani Zagreba tijekom cijelog dana imat \u0107e priliku u\u017eivati u kulturno -zabavnom programu, pa \u0107e tako mo\u0107i vidjeti prezentaciju \u017eivota krapinskih neandertalaca te prikaz borbi ma\u010devanja i ratovanja vitezova u srednjem vijeku, kao i nastupe \u010dak sedam Kulturno umjetni\u010dkih dru\u0161tava.<\/p>\n<p>Cilj 100% zagorsko je zajedni\u010dkim snagama kroz prezentaciju proizvoda i usluga promovirati Krapinsko-zagorsku \u017eupaniju kao destinaciju u kojoj se njeguje tradicija, vrednuje kvaliteta proizvoda i usluga te kao \u017eupaniju koja na autohtonim proizvodima i tradiciji gradi robne marke i turisti\u010dke brendove.<\/p>\n<div id=\"mojev-3325973505\" class=\"mojev-kraj-teksta mojev-entity-placement\" style=\"margin-bottom: 20px;margin-left: auto;margin-right: auto;text-align: center;\"><div class=\"mojev-adlabel\">oglas<\/div><div style=\"height: 250px;\"><script async src=\"https:\/\/pagead2.googlesyndication.com\/pagead\/js\/adsbygoogle.js?client=ca-pub-8106111766207173\"\r\n     crossorigin=\"anonymous\"><\/script>\r\n<!-- Display-1 -->\r\n<ins class=\"adsbygoogle\"\r\n     style=\"display:block\"\r\n     data-ad-client=\"ca-pub-8106111766207173\"\r\n     data-ad-slot=\"1465712950\"\r\n     data-ad-format=\"auto\"\r\n     data-full-width-responsive=\"true\"><\/ins>\r\n<script>\r\n     (adsbygoogle = window.adsbygoogle || []).push({});\r\n<\/script><\/div><\/div>","protected":false},"excerpt":{"rendered":"<p>Gra\u0111ani Zagreba tijekom cijelog dana imat \u0107e priliku u\u017eivati u kulturno -zabavnom programu, pa \u0107e tako mo\u0107i vidjeti prezentaciju \u017eivota krapinskih neandertalaca te prikaz borbi ma\u010devanja i ratovanja vitezova u srednjem vijeku, kao i nastupe \u010dak sedam Kulturno umjetni\u010dkih dru\u0161tava.<\/p>\n","protected":false},"author":5,"featured_media":653,"comment_status":"closed","ping_status":"open","sticky":false,"template":"","format":"standard","meta":{"footnotes":""},"categories":[136],"tags":[39],"class_list":["post-652","post","type-post","status-publish","format-standard","has-post-thumbnail","hentry","category-promo","tag-zagreb"],"_links":{"self":[{"href":"https:\/\/www.mojevrijeme.hr\/magazin\/wp-json\/wp\/v2\/posts\/652","targetHints":{"allow":["GET"]}}],"collection":[{"href":"https:\/\/www.mojevrijeme.hr\/magazin\/wp-json\/wp\/v2\/posts"}],"about":[{"href":"https:\/\/www.mojevrijeme.hr\/magazin\/wp-json\/wp\/v2\/types\/post"}],"author":[{"embeddable":true,"href":"https:\/\/www.mojevrijeme.hr\/magazin\/wp-json\/wp\/v2\/users\/5"}],"replies":[{"embeddable":true,"href":"https:\/\/www.mojevrijeme.hr\/magazin\/wp-json\/wp\/v2\/comments?post=652"}],"version-history":[{"count":0,"href":"https:\/\/www.mojevrijeme.hr\/magazin\/wp-json\/wp\/v2\/posts\/652\/revisions"}],"wp:featuredmedia":[{"embeddable":true,"href":"https:\/\/www.mojevrijeme.hr\/magazin\/wp-json\/wp\/v2\/media\/653"}],"wp:attachment":[{"href":"https:\/\/www.mojevrijeme.hr\/magazin\/wp-json\/wp\/v2\/media?parent=652"}],"wp:term":[{"taxonomy":"category","embeddable":true,"href":"https:\/\/www.mojevrijeme.hr\/magazin\/wp-json\/wp\/v2\/categories?post=652"},{"taxonomy":"post_tag","embeddable":true,"href":"https:\/\/www.mojevrijeme.hr\/magazin\/wp-json\/wp\/v2\/tags?post=652"}],"curies":[{"name":"wp","href":"https:\/\/api.w.org\/{rel}","templated":true}]}}