{"id":65339,"date":"2022-11-24T10:36:37","date_gmt":"2022-11-24T09:36:37","guid":{"rendered":"https:\/\/www.mojevrijeme.hr\/magazin\/?p=65339"},"modified":"2022-11-24T10:36:38","modified_gmt":"2022-11-24T09:36:38","slug":"koliko-je-zapravo-zivota-odnijelo-katarsko-svjetsko-prvenstvo-u-nogometu","status":"publish","type":"post","link":"https:\/\/www.mojevrijeme.hr\/magazin\/2022\/11\/koliko-je-zapravo-zivota-odnijelo-katarsko-svjetsko-prvenstvo-u-nogometu\/","title":{"rendered":"Koliko je zapravo \u017eivota odnijelo katarsko Svjetsko prvenstvo u nogometu"},"content":{"rendered":"\n<p>Uo\u010di SP-a u Kataru sve su u\u010destaliji pozivi na bojkot. Aktivisti, politi\u010dari i navija\u010di osu\u0111uju smrt 15.000 stranih radnika koliko ih je navodno umrlo zbog neljudskih uvjeta rada. Je li ta tvrdnja to\u010dna provjerio je <a href=\"https:\/\/www.dw.com\/hr\/provjera-%C4%8Dinjenica-koliko-ljudskih-%C5%BEivota-je-odnio-sp\/a-63765626\" target=\"_blank\" rel=\"noreferrer noopener\">Deutsche Welle<\/a>. <\/p>\n\n\n\n<p>Doma\u0107in Svjetskog prvenstva u nogometu hvali se sa stadionima i \u010ditavom infrastrukturom izgra\u0111enom povodom ovog nogometnog spektakla, no odavno kru\u017ee i vijesti o upravo robovskom odnosu prema radnicima iz inozemstva: o tome da im poslodavac ve\u0107 pri dolasku oduzima putne isprave,o te\u0161kom radu i po najve\u0107oj \u017eezi, o njihovom bijednom smje\u0161taju i neljudskom odnosu prema njima\u2026 A onda i o mno\u0161tvu onih koji su u tim radovima izgubili ne samo zdravlje, nego i \u017eivote. Tu ima puno \u0161pekulacija i naga\u0111anja.<\/p>\n\n\n\n<h3 class=\"wp-block-heading\">Tvrdnja: Svjetsko prvenstvo u Kataru je odnijelo \u017eivote 15.000 stranih radnika<\/h3>\n\n\n\n<p>Pro\u0161le godine je organizacija za ljudska prava <em>Amnesty International<\/em> objavila da je u Kataru umrlo 15.021 stranih radnika. \u010cesto se spominje i brojka od 6.500 preminulih koju je po\u010detkom pro\u0161le godine objavio britanski list <em>The Guardian<\/em>.<\/p><div id=\"mojev-3926622232\" class=\"mojev-u-tekstu mojev-entity-placement\" style=\"margin-left: auto;margin-right: auto;text-align: center;\"><div class=\"mojev-adlabel\">oglas<\/div><div style=\"height: 250px;\"><script async src=\"https:\/\/pagead2.googlesyndication.com\/pagead\/js\/adsbygoogle.js?client=ca-pub-8106111766207173\"\r\n     crossorigin=\"anonymous\"><\/script>\r\n<!-- Prikazni 1 u tekstu -->\r\n<ins class=\"adsbygoogle\"\r\n     style=\"display:block\"\r\n     data-ad-client=\"ca-pub-8106111766207173\"\r\n     data-ad-slot=\"8535551207\"\r\n     data-ad-format=\"auto\"\r\n     data-full-width-responsive=\"true\"><\/ins>\r\n<script>\r\n     (adsbygoogle = window.adsbygoogle || []).push({});\r\n<\/script><\/div><\/div><br style=\"clear: both; display: block; float: none;\"\/>\n\n\n\n<h3 class=\"wp-block-heading\">Provjera DW-a: pogre\u0161no<\/h3>\n\n\n\n<p><em>Amnesty International<\/em> doista prenosi slu\u017ebenu statistiku Katara, ali to je broj ba\u0161 svih preminulih stranih dr\u017eavljana od 2011. do 2020. Me\u0111u njima onda mogu biti i bogati Amerikanci koje je ba\u0161 tamo za vrijeme odmora ili slu\u017ebenog puta pogodio sr\u010dani udar i koji nemaju veze s gradnjom nogometnih stadiona.<\/p>\n\n\n\n<p><em>The Guardian<\/em> je u svom navodu tu statistiku Katara barem ograni\u010dio na dr\u017eavljane zemalja iz kojih je i do\u0161lo najvi\u0161e radnika za ovo Svjetsko prvenstvo &#8211; Banglade\u0161a, Indije, Nepala, Pakistana i \u0160ri Lanke. To je onda broj vjerojatno ne\u0161to bli\u017ei realnom, ali opet se ni tu ne \u010dini razlika izme\u0111u lije\u010dnika i stru\u010dnjaka, koji tako\u0111er \u010desto rade u bogatom emiratu, i obi\u010dnih radnika koji su crn\u010dili i po najve\u0107oj \u017eezi. To\u010dnih statistika koje bi navodile i \u0161kolsku spremu i \u017eivotnu dob tih stranaca &#8211; jednostavno nema.<\/p>\n\n\n\n<h3 class=\"wp-block-heading\">Tvrdnja: broj preminulih je u normalnim okvirima<\/h3>\n\n\n\n<p>Du\u017enosnici Katara nisu ni poku\u0161ali osporiti te brojke, nego ukazuju da broj smrtnih slu\u010dajeva zapravo odgovara normalnom mortalitetu obzirom na silan broj stranaca u toj zemlji.<\/p>\n\n\n\n<h3 class=\"wp-block-heading\">Provjera DW-a: zabluda<\/h3>\n\n\n\n<p>Tvrdnje nadle\u017enih u emiratu kako je smrtnost me\u0111u njihovim gra\u0111anima na 100 tisu\u0107a stanovnika \u010dak i ve\u0107a nego me\u0111u strancima je zapravo smije\u0161na jer naravno da me\u0111u gastarbajterima nije bilo ni bolesnih staraca niti malenih beba &#8211; zapravo jedva da je uop\u0107e bilo bolesnih. Jer ve\u0107 za radnu dozvolu su svi morali pro\u0107i strog i op\u0161iran lije\u010dni\u010dki pregled tako da su na rad uop\u0107e mogli do\u0107i samo razmjerno mladi i potpuno zdravi. A statisti\u010dki, smrtnost takve populacije je minimalna.<\/p>\n\n\n\n<p>Jo\u0161 gore: francuski novinari Sebastian Castelier i Quentin Muller su u svojoj knjizi &#8220;Robovi nafta\u0161a&#8221; pratili sudbine tih gastarbeitera i nakon \u0161to su se vratili u domovinu, nerijetko jer su bili i otpu\u0161teni zbog zdravstvenih pote\u0161ko\u0107a. A onda su u Nepalu me\u0111u mu\u0161karcima izme\u0111u 20 i 50 godina zapazili uo\u010dljiv porast smrtnih slu\u010dajeva zbog zakazivanja bubrega &#8211; tipi\u010dna posljedica kroni\u010dne dehidracije i lo\u0161e kvalitete vode. Takvi slu\u010dajevi uop\u0107e nisu obuhva\u0107eni bilo kakvom statistikom.<\/p>\n\n\n\n<h3 class=\"wp-block-heading\">Tvrdnja: Ukupno je samo troje radnika stradalo na jednom stadionu<\/h3>\n\n\n\n<h3 class=\"wp-block-heading\">Provjera DW-a: zabluda<\/h3>\n\n\n\n<p>Da, gra\u0111evinske tvrtke stadiona jesu slu\u017ebeno prijavile samo tri nesre\u0107e na radu: dva radnika su pala sa skele, jednog je pregazio kamion. Ali takva tvrdnja dovodi u zabludu iz dva razloga. Kao prvo, \u010dak i ako su prijavljeni svi udesi na gradili\u0161tu stadiona, to nipo\u0161to nije bilo jedino gradili\u0161te za ovo Svjetsko prvenstvo. Po \u010ditavim Emiratima su se gradili hoteli, zgrade, podzemna \u017eeljeznica, ceste, pro\u0161irena je i zra\u010dna luka\u2026 \u010cak i prema podacima FIFA-e je bilo razdoblja kad je na gradili\u0161tima bilo preko 30 tisu\u0107a radnika.<\/p>\n\n\n\n<p>Nadalje, FIFA i katarski Odbor za SP navode da je 37 stranih radnika umrlo izvan gradili\u0161ta. Tu Odbor za SP u svom godi\u0161njem izvje\u0161\u0107u &#8220;Napredak u dobrobiti radnika 2019&#8221;. tvrdi da su od prosje\u010dno devet preminulih u jednoj godini njih trojica umrla od srca ili prekida disanja zbog &#8220;prirodnog uzroka&#8221;. Me\u0111u mladi\u0107ima koje je lije\u010dnik pregledao prije dolaska? Tu se lako mo\u017ee biti sumnji\u010dav.<\/p>\n\n\n\n<p>Neosporno jest da je preminulo na stotine, mo\u017eda i na tisu\u0107e stranih radnika, a novinari lista <em>Guardian<\/em> su isto tako utvrdili kako su lije\u010dnici u Kataru bili lake ruke kada su za oko 70 posto slu\u010dajeva kao razlog smrti navodili &#8220;prirodni uzrok&#8221;. Je li to zato \u0161to nisu htjeli imati problema? Novinari televizijske postaje ARD u reporta\u017ei &#8220;Svjetsko prvenstvo sramote&#8221; su \u010dak na\u0161li tamo\u0161nje lije\u010dnike koji su priznali kako im je re\u010deno da tako napi\u0161u smrtovnicu i &#8220;ne rade probleme&#8221;.<\/p>\n\n\n\n<p>Me\u0111unarodna organizacija za rad ILO je jo\u0161 2021. posumnjala u te smrtne slu\u010dajeve i zatra\u017eila od Katara obdukciju tih, navodno preminulih prirodnom smr\u0107u. \u010cak i u zemljama s urednom zdravstvenom skrbi je na stotinu preminulih najmanje jedan gdje bi bila potrebna obdukcija &#8211; a kod radnika iz Pakistana ili \u0160ri Lanke, tko bi se time bavio? I platio?<\/p>\n\n\n\n<p>U pravilu se sve svodilo na &#8220;usmenu obdukciju&#8221; &#8211; drugim rije\u010dima, lije\u010dnik koji preminulog prije toga nikad nije vidio je pitao njegove drugove ili poslodavca je li imao zdravstvenih problema i onda to napisao kao uzrok smrti. A zdravstvene problemi su se pojavili kod \u010ditavog mno\u0161tva radnika, za to humanitarne organizacije imaju i nebrojene svjedoke: toplotni udar, iscrpljenost, \u017ee\u0111, a kad je netko i obolio, ipak je odlazio na gradili\u0161te &#8211; treba poslati novac ku\u0107i. Za zdravstvenu skrb tih radnika doista nitko nije mario pa tako je i pravi uzrok njihove smrti te\u0161ko re\u0107i. Jesu li nadle\u017ene slu\u017ebe Katara ipak vodile detaljniju statistiku o preminulim strancima? U svakom slu\u010daju, tako ne\u0161to nikad nije objavljeno.<\/p>\n\n\n\n<p><em>DW napomena: U ovom istra\u017eivanju zahvaljujemo Nicholasu McGeehanu iz organizacije Human Right Watch i Fairsquare, Eilen Wesm\u00fcller iz organizacije Amnesty International i Peteu Pattisonu iz lista The Guardian. Na \u017ealost, brojni na\u0161i upiti upu\u0107eni nadle\u017enima u Kataru, Banglade\u0161u, Indiji, Nepalu, Pakistanu i \u0160ri Lanki ostali su bez odgovora do pisanja ovog teksta.<\/em><\/p>\n<div id=\"mojev-3078051784\" class=\"mojev-kraj-teksta mojev-entity-placement\" style=\"margin-bottom: 20px;margin-left: auto;margin-right: auto;text-align: center;\"><div class=\"mojev-adlabel\">oglas<\/div><div style=\"height: 250px;\"><script async src=\"https:\/\/pagead2.googlesyndication.com\/pagead\/js\/adsbygoogle.js?client=ca-pub-8106111766207173\"\r\n     crossorigin=\"anonymous\"><\/script>\r\n<!-- Display-1 -->\r\n<ins class=\"adsbygoogle\"\r\n     style=\"display:block\"\r\n     data-ad-client=\"ca-pub-8106111766207173\"\r\n     data-ad-slot=\"1465712950\"\r\n     data-ad-format=\"auto\"\r\n     data-full-width-responsive=\"true\"><\/ins>\r\n<script>\r\n     (adsbygoogle = window.adsbygoogle || []).push({});\r\n<\/script><\/div><\/div>","protected":false},"excerpt":{"rendered":"<p>Tvrdnje nadle\u017enih u emiratu kako je smrtnost me\u0111u njihovim gra\u0111anima na 100 tisu\u0107a stanovnika \u010dak i ve\u0107a nego me\u0111u strancima je zapravo smije\u0161na jer naravno da me\u0111u gastarbajterima nije bilo ni bolesnih staraca niti malenih beba &#8211; zapravo jedva da je uop\u0107e bilo bolesnih<\/p>\n","protected":false},"author":1,"featured_media":65344,"comment_status":"closed","ping_status":"closed","sticky":false,"template":"","format":"standard","meta":{"footnotes":""},"categories":[2],"tags":[3329,1296,827],"class_list":["post-65339","post","type-post","status-publish","format-standard","has-post-thumbnail","hentry","category-mozaik","tag-katar","tag-nogomet","tag-radnici"],"_links":{"self":[{"href":"https:\/\/www.mojevrijeme.hr\/magazin\/wp-json\/wp\/v2\/posts\/65339","targetHints":{"allow":["GET"]}}],"collection":[{"href":"https:\/\/www.mojevrijeme.hr\/magazin\/wp-json\/wp\/v2\/posts"}],"about":[{"href":"https:\/\/www.mojevrijeme.hr\/magazin\/wp-json\/wp\/v2\/types\/post"}],"author":[{"embeddable":true,"href":"https:\/\/www.mojevrijeme.hr\/magazin\/wp-json\/wp\/v2\/users\/1"}],"replies":[{"embeddable":true,"href":"https:\/\/www.mojevrijeme.hr\/magazin\/wp-json\/wp\/v2\/comments?post=65339"}],"version-history":[{"count":0,"href":"https:\/\/www.mojevrijeme.hr\/magazin\/wp-json\/wp\/v2\/posts\/65339\/revisions"}],"wp:featuredmedia":[{"embeddable":true,"href":"https:\/\/www.mojevrijeme.hr\/magazin\/wp-json\/wp\/v2\/media\/65344"}],"wp:attachment":[{"href":"https:\/\/www.mojevrijeme.hr\/magazin\/wp-json\/wp\/v2\/media?parent=65339"}],"wp:term":[{"taxonomy":"category","embeddable":true,"href":"https:\/\/www.mojevrijeme.hr\/magazin\/wp-json\/wp\/v2\/categories?post=65339"},{"taxonomy":"post_tag","embeddable":true,"href":"https:\/\/www.mojevrijeme.hr\/magazin\/wp-json\/wp\/v2\/tags?post=65339"}],"curies":[{"name":"wp","href":"https:\/\/api.w.org\/{rel}","templated":true}]}}