{"id":65358,"date":"2022-11-24T18:00:42","date_gmt":"2022-11-24T17:00:42","guid":{"rendered":"https:\/\/www.mojevrijeme.hr\/magazin\/?p=65358"},"modified":"2022-11-24T18:00:42","modified_gmt":"2022-11-24T17:00:42","slug":"hsu-novca-ima-samo-je-pokraden-isplatite-bozicnicu-svim-umirovljenicima","status":"publish","type":"post","link":"https:\/\/www.mojevrijeme.hr\/magazin\/2022\/11\/hsu-novca-ima-samo-je-pokraden-isplatite-bozicnicu-svim-umirovljenicima\/","title":{"rendered":"HSU: Novca ima samo je pokraden, isplatite bo\u017ei\u0107nicu svim umirovljenicima!"},"content":{"rendered":"\n<p>Hrvatska stranka umirovljenika (HSU) zatra\u017eila je od Vlade da <strong>svim<\/strong> umirovljenicima isplati bo\u017ei\u0107nicu. Time bi se ispravila nepravda i izjedna\u010dilo sve umirovljenike na dr\u017eavnoj razini, jer sad bo\u017ei\u0107nice dobivaju samo umirovljenici u bogatijim gradovima, dok oni u siroma\u0161nijim sredinama o bo\u017ei\u0107nici mogu samo sanjati.<\/p>\n\n\n\n<p>Predsjednik stranke <strong>Veselko Gabri\u010devi\u0107<\/strong> istaknuo je da je rije\u010d o najugro\u017eenijoj dru\u0161tvenoj skupini te da vi\u0161e od 700.000 umirovljenika \u017eivi s mirovinama nedostojnim \u010dovjeka. Iznio je i ra\u010dunicu prema kojoj bi za isplatu bo\u017ei\u0107nice u vrijednosti 100 eura Vlada trebala namaknuti 115 milijuna eura, odnosno 900 milijuna kuna, \u0161to je manje od oplja\u010dkanog iznosa u Ini.<\/p>\n\n\n\n<p>Podsjetio je i da \u0107e 232.000 dr\u017eavnih slu\u017ebenika i namje\u0161tenika dobiti bo\u017ei\u0107nice od 1.750 kuna, za \u0161to je osigurano 406 milijuna kuna, \u0161to je manje od iznosa za koji je o\u0161te\u0107en dr\u017eavni prora\u010dun u aferi s robnim rezervama.<\/p><div id=\"mojev-2949190433\" class=\"mojev-u-tekstu mojev-entity-placement\" style=\"margin-left: auto;margin-right: auto;text-align: center;\"><div class=\"mojev-adlabel\">oglas<\/div><div style=\"height: 250px;\"><script async src=\"https:\/\/pagead2.googlesyndication.com\/pagead\/js\/adsbygoogle.js?client=ca-pub-8106111766207173\"\r\n     crossorigin=\"anonymous\"><\/script>\r\n<!-- Prikazni 1 u tekstu -->\r\n<ins class=\"adsbygoogle\"\r\n     style=\"display:block\"\r\n     data-ad-client=\"ca-pub-8106111766207173\"\r\n     data-ad-slot=\"8535551207\"\r\n     data-ad-format=\"auto\"\r\n     data-full-width-responsive=\"true\"><\/ins>\r\n<script>\r\n     (adsbygoogle = window.adsbygoogle || []).push({});\r\n<\/script><\/div><\/div><br style=\"clear: both; display: block; float: none;\"\/>\n\n\n\n<p>&#8220;Prema tome, novca ima, samo nije pravilno raspore\u0111en ili je otet korupcijom i kriminalom&#8221;, naglasio je Gabri\u010devi\u0107.<\/p>\n<div id=\"mojev-2358019354\" class=\"mojev-kraj-teksta mojev-entity-placement\" style=\"margin-bottom: 20px;margin-left: auto;margin-right: auto;text-align: center;\"><div class=\"mojev-adlabel\">oglas<\/div><div style=\"height: 250px;\"><script async src=\"https:\/\/pagead2.googlesyndication.com\/pagead\/js\/adsbygoogle.js?client=ca-pub-8106111766207173\"\r\n     crossorigin=\"anonymous\"><\/script>\r\n<!-- Display-1 -->\r\n<ins class=\"adsbygoogle\"\r\n     style=\"display:block\"\r\n     data-ad-client=\"ca-pub-8106111766207173\"\r\n     data-ad-slot=\"1465712950\"\r\n     data-ad-format=\"auto\"\r\n     data-full-width-responsive=\"true\"><\/ins>\r\n<script>\r\n     (adsbygoogle = window.adsbygoogle || []).push({});\r\n<\/script><\/div><\/div>","protected":false},"excerpt":{"rendered":"<p>Za isplatu bo\u017ei\u0107nice u vrijednosti 100 eura Vlada bi trebala namaknuti 115 milijuna eura, odnosno 900 milijuna kuna, \u0161to je manje od oplja\u010dkanog iznosa u Ini.<\/p>\n","protected":false},"author":1,"featured_media":46710,"comment_status":"closed","ping_status":"closed","sticky":false,"template":"","format":"standard","meta":{"footnotes":""},"categories":[9],"tags":[660,111,2584],"class_list":["post-65358","post","type-post","status-publish","format-standard","has-post-thumbnail","hentry","category-vijesti","tag-bozicnica","tag-hrvatska-stranka-umirovljenika","tag-veselko-gabricevic"],"_links":{"self":[{"href":"https:\/\/www.mojevrijeme.hr\/magazin\/wp-json\/wp\/v2\/posts\/65358","targetHints":{"allow":["GET"]}}],"collection":[{"href":"https:\/\/www.mojevrijeme.hr\/magazin\/wp-json\/wp\/v2\/posts"}],"about":[{"href":"https:\/\/www.mojevrijeme.hr\/magazin\/wp-json\/wp\/v2\/types\/post"}],"author":[{"embeddable":true,"href":"https:\/\/www.mojevrijeme.hr\/magazin\/wp-json\/wp\/v2\/users\/1"}],"replies":[{"embeddable":true,"href":"https:\/\/www.mojevrijeme.hr\/magazin\/wp-json\/wp\/v2\/comments?post=65358"}],"version-history":[{"count":0,"href":"https:\/\/www.mojevrijeme.hr\/magazin\/wp-json\/wp\/v2\/posts\/65358\/revisions"}],"wp:featuredmedia":[{"embeddable":true,"href":"https:\/\/www.mojevrijeme.hr\/magazin\/wp-json\/wp\/v2\/media\/46710"}],"wp:attachment":[{"href":"https:\/\/www.mojevrijeme.hr\/magazin\/wp-json\/wp\/v2\/media?parent=65358"}],"wp:term":[{"taxonomy":"category","embeddable":true,"href":"https:\/\/www.mojevrijeme.hr\/magazin\/wp-json\/wp\/v2\/categories?post=65358"},{"taxonomy":"post_tag","embeddable":true,"href":"https:\/\/www.mojevrijeme.hr\/magazin\/wp-json\/wp\/v2\/tags?post=65358"}],"curies":[{"name":"wp","href":"https:\/\/api.w.org\/{rel}","templated":true}]}}