{"id":65458,"date":"2022-11-28T20:11:44","date_gmt":"2022-11-28T19:11:44","guid":{"rendered":"https:\/\/www.mojevrijeme.hr\/magazin\/?p=65458"},"modified":"2023-05-14T13:06:13","modified_gmt":"2023-05-14T11:06:13","slug":"gospoda-nada-utjehu-je-pronasla-u-molitvi-gubitak-voljenih-i-samocu-lijeci-samo-bog","status":"publish","type":"post","link":"https:\/\/www.mojevrijeme.hr\/magazin\/2022\/11\/gospoda-nada-utjehu-je-pronasla-u-molitvi-gubitak-voljenih-i-samocu-lijeci-samo-bog\/","title":{"rendered":"Gospo\u0111a Nada utjehu je prona\u0161la u molitvi: &#8216;Gubitak voljenih i samo\u0107u lije\u010di samo Bog&#8217;"},"content":{"rendered":"\n<p>S osmijehom na licu, u bijeloj ko\u0161ulji i elegantnim crnim hla\u010dama, s urednom frizurom, do\u010dekala me teta <strong>Nada<\/strong> na vratima svog zagreba\u010dkog stana. U hodniku mi je pripremila \u00a0vje\u0161alicu za kaput, mjesto za torbicu, a u kupaonici mali ru\u010dnik za goste. Stol je krasio adventski aran\u017eman sa \u010detiri svije\u0107e i svje\u017eim zelenilom koje je ubrala u \u0161etnji. <\/p>\n\n\n\n<p>Pomislim kako je uvijek imala dobar ukus za ure\u0111enje doma. Njezin je stan i blistao i mirisao, prepun sobnog bilja, slika, fotografija, detalja. Sve je bilo na svome mjestu. I ne bih ovo isticala da gospo\u0111a Nada nakon operacije koljena ne hoda na \u0161takama i da nije skupila zadnji atom snage da sve sama po\u010disti, i jo\u0161 mi k tome pripremi namaz od bakalara, tostira kruh, ohladi novaljski pro\u0161ek, prostre bijeli stolnjak. Nisam jo\u0161 ni sjela kad se na\u0161alila sa mnom: &#8220;Znate kakvi smo mi Novaljani, pitamo goste \u010dim u\u0111u ho\u0107e li kavu ili pro\u0161ek\u2026 a oni redovito odgovaraju neka im nato\u010dimo pro\u0161ek dok se kuha kava.&#8221;<\/p>\n\n\n\n<p>Sjednemo i zagledamo se u o\u010di, trideset je godina pro\u0161lo od na\u0161eg posljednjeg susreta &#8211; ona i njezin suprug bili su ku\u0107ni prijatelji mojih roditelja i posje\u0107ivali su nas kad god bi do\u0161li u svoju vikendicu na rijeci \u010cabranki. Snizila se, ka\u017ee, bore su pro\u0161arale njezino lice, ali meni zra\u010di jednakom blago\u0161\u0107u, jednakom ljepotom, toplinom, dostojanstvom, ba\u0161 kakvom sam je zapamtila. I ono \u0161to me kod nje posebno dirnulo jest ona ista unutarnja snaga kojom je zra\u010dila i prije tri desetlje\u0107a, prije nego \u0161to su je sna\u0161la te\u0161ke tragedije. Tu joj snagu, povjerila mi je, daje samo vjera u Boga.<\/p><div id=\"mojev-1774941994\" class=\"mojev-u-tekstu mojev-entity-placement\" style=\"margin-left: auto;margin-right: auto;text-align: center;\"><div class=\"mojev-adlabel\">oglas<\/div><div style=\"height: 250px;\"><script async src=\"https:\/\/pagead2.googlesyndication.com\/pagead\/js\/adsbygoogle.js?client=ca-pub-8106111766207173\"\r\n     crossorigin=\"anonymous\"><\/script>\r\n<!-- Prikazni 1 u tekstu -->\r\n<ins class=\"adsbygoogle\"\r\n     style=\"display:block\"\r\n     data-ad-client=\"ca-pub-8106111766207173\"\r\n     data-ad-slot=\"8535551207\"\r\n     data-ad-format=\"auto\"\r\n     data-full-width-responsive=\"true\"><\/ins>\r\n<script>\r\n     (adsbygoogle = window.adsbygoogle || []).push({});\r\n<\/script><\/div><\/div><br style=\"clear: both; display: block; float: none;\"\/>\n\n\n\n<h3 class=\"wp-block-heading\">Tragedija za tragedijom<\/h3>\n\n\n\n<p>&#8220;Ni sama ne znam kako sam podnijela posljednjih deset godina, samo mi je dragi Bog pomogao, bez njega ne bih izdr\u017eala. Izgubila sam tri bliske osobe koje sam voljela, pro\u0161la sedam operacija, morala se naviknuti na samo\u0107u i \u017eivot sa \u0161takom. Molitva mi daje snage da ne klonem, da se svaki dan pokrenem&#8221;, govori mi.<\/p>\n\n\n\n<p>Trudila sam se gledati je u o\u010di dok je pri\u010dala kako je 2016. njezina sestra Katica preminula nakon te\u0161ke borbe s rakom bubrega. &#8220;Ona je bila moja utjeha, moja desna ruka, moja spona s na\u0161om rodnom Novaljom. Te\u0161ko sam podnijela njezin odlazak&#8221;, govori gospo\u0111a Nada, uzdahne i ka\u017ee mi da je to bila najte\u017ea godina u njezinu \u017eivotu jer je te godine primila jo\u0161 jednu te\u0161ku vijest. Njezina k\u0107i Elizabeta iz prvog braka, neraskidiv dio nje, oboljela je od melanoma \u2013 dotad je, pri\u010da mi tu\u017eno gospo\u0111a Nada, bila zdrava, nije imala naoko sumnjivih made\u017ea, samo ju je boljela kralje\u017enica, i mr\u0161avjela je, pa je zato oti\u0161la na pregled.<\/p>\n\n\n\n<p>&#8220;Uslijedila je te\u0161ka godina. Cijela je obitelj dala sve od sebe da nam ozdravi, no izgubili smo je ve\u0107 2017. godine. Ona je s obitelji \u017eivjela u Njema\u010dkoj pa sam \u010das putovala gore k njoj, \u010das se vra\u0107ala ku\u0107i jer je i suprug ve\u0107 bio pre\u0161ao osamdesetu i nisam ga mogla predugo ostaviti samog. Umrla je s 53 godine. Nikad ne\u0107u zaboraviti njezine rije\u010di kad me pitala za\u0161to pla\u010dem kad ona ide dragom Bogu, na ljep\u0161e mjesto, ta zemlja je, govorila je, samo dolina suza. Ispovjedila se vi\u0161e puta, umrla mirna, s pomazanjem. I nju je vjera tje\u0161ila u bolesti, i mene u ovoj nepodno\u0161ljivoj tuzi. Doista, ali doista ne znam kako ovakvu bol pre\u017eive ljudi koji ne vjeruju u Boga. Ja sam sebi nekako osvijestila da ju je Bog mogao ozdraviti, ali nije htio, htio ju je uzeti i to je volja Njegova i to sam tako prihvatila. Da nemam toliko \u010dvrstu vjeru, 100 posto bih zavr\u0161ila na psihijatriji&#8221;, govori mi u dahu, da mi ispri\u010da dok jo\u0161 mo\u017ee zadr\u017eati suze.<\/p>\n\n\n\n<h3 class=\"wp-block-heading\">Bolest, operacija i novi gubitak<\/h3>\n\n\n\n<p>Srce gospo\u0111e Nade sve je to te\u0161ko podnosilo. &#8220;Na kraju, i moj je \u017eivot visio o koncu, lije\u010dnik mi je na ljeto 2020. rekao ili operacija, ili me nema za mjesec ili dva. Bilo je to u vrijeme kad i suprug, 11 godina stariji od mene, ve\u0107 uvelike ovisio o meni. Rekla sam mu da su mi \u0161anse da pre\u017eivim zahtjevnu operaciju srca najvi\u0161e 60 posto, ali i da bi mi srce bez zahvata moglo popustiti svaki \u010das, pa smo se slo\u017eili da odem u bolnicu. I opet sam se predala Bogu, rekla mu da volja bude njegova, da ili umrem ili da sve pro\u0111e sa \u0161to manje patnje. I evo, nekoliko tjedana sam se oporavlja i ubrzo opet hodala, i\u0161la na tr\u017enicu i kuhala suprugu&#8221;, ispri\u010dala je.<\/p>\n\n\n\n<p>Mirni dani, me\u0111utim, nisu dugo trajali, samo dva i pol mjeseca nakon njezine te\u0161ke operacije, preminuo joj je suprug. &#8220;Bilo je to uslijed pandemije COVID-19 kada smo supruga jedva uspjeli hospitalizirati. No, nakon zahvata koji je dobro pro\u0161ao, dobio je bakteriju i nije se izborio za \u017eivot. Ni sama ne znam kako sam pre\u017eivjela jo\u0161 jedan posljednji ispra\u0107aj. Nikome to ne bih po\u017eeljela&#8221;, rekla je gospo\u0111a Nada.<\/p>\n\n\n\n<h3 class=\"wp-block-heading\">Uslijedili su dani samo\u0107e<\/h3>\n\n\n\n<p>U svim je dotada\u0161njim \u0161okovima suprug bio uz nju, a sada se odjednom na\u0161la sama u njihova \u010detiri zida ispunjena uspomenama koje su tkali pune 32 zajedni\u010dke godine. I lijepe, i manje lijepe, ali kako ka\u017ee, ipak njihove. &#8220;Sve to \u010dovjeku jednom nedostaje, nije lako ostati sam, sam le\u0107i i buditi se, sam za stolom, pred televizorom. Sam s brigama koje ostaju. Samo Bog mi ne da da se prepustim tuzi i ostanem jo\u0161 samo sjediti u stanu s ovim koljenom koje sam operirala prije nekoliko mjeseci&#8221;, ispri\u010dala je.<\/p>\n\n\n\n<figure class=\"wp-block-image size-large\"><img loading=\"lazy\" decoding=\"async\" width=\"740\" height=\"444\" src=\"https:\/\/www.mojevrijeme.hr\/magazin\/wp-content\/uploads\/2022\/11\/nada-poje2-740x444.jpg\" alt=\"Kako se nositi s usamljeno\u0161\u0107u?\" class=\"wp-image-65473\" srcset=\"https:\/\/www.mojevrijeme.hr\/magazin\/wp-content\/uploads\/2022\/11\/nada-poje2-740x444.jpg 740w, https:\/\/www.mojevrijeme.hr\/magazin\/wp-content\/uploads\/2022\/11\/nada-poje2-636x382.jpg 636w, https:\/\/www.mojevrijeme.hr\/magazin\/wp-content\/uploads\/2022\/11\/nada-poje2-768x461.jpg 768w, https:\/\/www.mojevrijeme.hr\/magazin\/wp-content\/uploads\/2022\/11\/nada-poje2-1536x922.jpg 1536w, https:\/\/www.mojevrijeme.hr\/magazin\/wp-content\/uploads\/2022\/11\/nada-poje2-1500x900.jpg 1500w, https:\/\/www.mojevrijeme.hr\/magazin\/wp-content\/uploads\/2022\/11\/nada-poje2-1600x960.jpg 1600w, https:\/\/www.mojevrijeme.hr\/magazin\/wp-content\/uploads\/2022\/11\/nada-poje2-590x354.jpg 590w, https:\/\/www.mojevrijeme.hr\/magazin\/wp-content\/uploads\/2022\/11\/nada-poje2-400x240.jpg 400w, https:\/\/www.mojevrijeme.hr\/magazin\/wp-content\/uploads\/2022\/11\/nada-poje2-1000x600.jpg 1000w, https:\/\/www.mojevrijeme.hr\/magazin\/wp-content\/uploads\/2022\/11\/nada-poje2-820x492.jpg 820w, https:\/\/www.mojevrijeme.hr\/magazin\/wp-content\/uploads\/2022\/11\/nada-poje2-1080x648.jpg 1080w, https:\/\/www.mojevrijeme.hr\/magazin\/wp-content\/uploads\/2022\/11\/nada-poje2.jpg 2000w\" sizes=\"auto, (max-width: 740px) 100vw, 740px\" \/><figcaption class=\"wp-element-caption\">Nada Poje (foto: Gordana Arh)<\/figcaption><\/figure>\n\n\n\n<p>Iako se oporavljala od operacije koljena, ljetos je, ka\u017ee, pro\u017eivjela i lijepe dane. Nakon dugih desetlje\u0107a, ljeto je provela u rodnoj Novalji, uz more, drage prijatelje, mirise djetinjstva, smokve i pro\u0161ek. &#8220;S prijateljicom sam bila vani kad me nazvao unuk Petar i zabrinuto pitao gdje sam. A ja sam mu rekla da mu se baka u pono\u0107 na \u0161takama vra\u0107a ku\u0107i s fe\u0161te i da je sretna&#8221;, ispri\u010dala mi je kroz blagi osmijeh. Dodala je potom da se zbog istro\u0161ene hrskavice na koljenu ve\u0107 jedva kretala, ali da joj je nakon operacije neizrecivo lak\u0161e. &#8220;Svima koji imaju istro\u0161enu hrskavicu od srca preporu\u010dam da odu na operaciju jer je to olak\u0161anje koje je rije\u010dima te\u0161ko opisati. Ma ne da \u0107ete opet hodati, ve\u0107 \u0107ete i tr\u010dati za tramvajem, pa i plesati&#8221;, poru\u010dila je.<\/p>\n\n\n\n<h3 class=\"wp-block-heading\">Pokvario joj se televizor<\/h3>\n\n\n\n<p>Nakon suprugove smrti \u010desto je palila televizor. &#8220;Nedavno mi se televizor pokvario. Kupila sam novi i radio je koji mjesec, i taj je jednostavno prestao raditi. Zvala sam servis, do\u0161li su po njega i rekli da \u0107e ga popraviti u roku od 41 dan. Sramota je \u0161to se mora toliko \u010dekati. Ma i Bo\u017ei\u0107 \u0107u na kraju do\u010dekati bez TV-a, \u0161to da vam ka\u017eem. A nama u godinama to je vrsta dru\u0161tva, osobito kad smo sami. Voljela sam pogledati kakvu seriju, vijesti, pa i nogomet, sad ne mogu ni\u0161ta&#8221;, rekla je gospo\u0111a Nada i potom mi s osmijehom rekla: &#8220;Ni papa ne gleda TV pa ne moram ni ja, izdr\u017eat \u0107u.&#8221;<\/p>\n\n\n\n<h3 class=\"wp-block-heading\">Zagreba\u010dka jesen<\/h3>\n\n\n\n<p>Upornost u \u017eelji da \u0161to du\u017ee ustraje sama i ne padne nikome na teret, vrlina je koja krasi ovu predivnu 77-godi\u0161nju \u017eenu. Gotovo svakog dana na le\u0111a stavlja svoj ruksak, uzima dvije \u0161take i hoda do pola kilometra udaljenu tr\u017enicu Jarun. Kao \u0161to je to bilo i dok je suprug bio \u017eiv, nabavlja svje\u017ee povr\u0107e, ribu, dalmatinske agrume. Vra\u0107a se ku\u0107i i svaki dan kuha, a nedjeljom ru\u010dak bude osobito sve\u010dan. Tada joj dolazi k\u0107i Barbara, po zanimanju socijalna radnica koja radi imigrantima te se do\u0161koluje iz podru\u010dja psihologije. Obavezno do\u0111u i unuka Mare, srednjo\u0161kolka i odlika\u0161ica u klasi\u010dnoj gimnaziji u Kri\u017eani\u0107evoj, kao i 18-godi\u0161nji Petar , unuk gospo\u0111e Nade koji ide u Zrakoplovnu tehni\u010dku \u0161kolu Rudolfa Pere\u0161ina u Velikoj Gorici. &#8220;\u017deli upisati studij, a ve\u0107 sada zna da \u017eeli raditi kao kontrolor leta ili pilot&#8221;, rekla je ponosna baka Nada. Potom je dodala da je ljeti posjeti i voljena unuka Kim, Elizabetina k\u0107i koja je preselila u Luxemburg.<\/p>\n\n\n\n<p>U tjednu, otkriva, ide i na fizikalne terapije, po suncu, ki\u0161i i vjetru, i to tramvajem, da se nau\u010di posvuda sa \u0161takama. &#8220;Samo ne\u0107u i\u0107i po snijegu i ledu, da ne padnem i ozlijedim se, sve ostalo mogu i moram&#8221;, govori mi i dodaje da se zapisala i u stara\u010dki dom na Tre\u0161njevci, pa kad je pozove, oti\u0107i \u0107e spremna i bez o\u010dajavanja.<\/p>\n\n\n\n<p>Dane krati i susretima ili telefonskim razgovorima sa tri svoje prijateljice: Bo\u017eicom, Julijom i Nenom. &#8220;K\u0107i, unuci i vjerne prijateljice \u017eivot mi \u010dine ljep\u0161im&#8221;, ka\u017ee mi.<\/p>\n\n\n\n<h3 class=\"wp-block-heading\">Djevoj\u010dica iz Novalje<\/h3>\n\n\n\n<p>Taj optimizam i nagon za opstankom u njoj se rodio u djetinjstvu, kad je na novaljskoj pijaci prodavala povr\u0107e, smokve, pro\u0161ek i vino koje je privre\u0111ivala njezina obitelj. &#8220;Imala sam nekih sedam, osam godina kad sam po\u010dela prodavali na\u0161e doma\u0107e proizvode. Sje\u0107am se da su mi dolazili Slovenci i razumjela bih svaku tre\u0107u rije\u010d, ali sam znala da vole to \u0161to prodajem, a osobito smokve. Mama me odijevala u crvenu haljinu s bijelim to\u010dkicama, pravila mi pletenice i ja bih veselo nudila sve \u0161to sam imala i do podneva bih sve prodala, prije svih. Onda bih s placa tr\u010dala ku\u0107i, sretna \u0161to roditeljima mogu predati novac koji sam zaradila. Iako smo mi djeca morali cijelo ljeto ne\u0161to raditi, uz prodaju brati pomidore i smokve, ovce <em>pregnat<\/em> i magarce <em>napojit<\/em>, bili smo sretni. Eh, kako smo samo svaki dan u 16 sati \u010dekali parobrod, kao da nam netko dolazi, a zapravo smo samo htjeli imati neki dodir sa svijetom. Znam da su stari ljudi govorili &#8216;ako \u0107e te bog kazniti neka te stavi na otok&#8217;, ali ja danas vidim da to nije ba\u0161 tako&#8221;, prisjetila se.<\/p>\n\n\n\n<p>Potom smo se vratili u njezine zagreba\u010dke dane, kad sam jo\u0161 jednom s divljenjem rekla je njezina unutarnja snaga nevjerojatna. &#8220;Mogu se predati o\u010daju, mogu zale\u0107i s ovom operiranom nogom i samo sjediti i jesti na kau\u010du, a mogu se druge strane i svaki dan di\u0107i iz kreveta, pripremiti si bijelu kavu i tost, urediti frizuru, obu\u0107i se, uzeti \u0161taku, pro\u0161etati i razgibati se. Nakon toga se mogu bistre glave moliti Bogu i zahvaljivati na svakom danu koji pro\u017eivim samostalno, bez i\u010dije pomo\u0107i i u miru Bo\u017ejem. Izabrala sam put ustrajnosti i bit \u0107e tako dok god je to Bo\u017eja volja&#8221;, rekla je za kraj moja sugovornica dok smo se dugo grlile na rastanku.<\/p>\n\n\n\n<p class=\"has-text-align-center has-text-color\" style=\"color:#666666;font-size:0.8rem\">Ovaj prilog je objavljen u sklopu projekta poticanja novinarske izvrsnosti Agencije za elektroni\u010dke medije.<\/p>\n<div id=\"mojev-971763375\" class=\"mojev-kraj-teksta mojev-entity-placement\" style=\"margin-bottom: 20px;margin-left: auto;margin-right: auto;text-align: center;\"><div class=\"mojev-adlabel\">oglas<\/div><div style=\"height: 250px;\"><script async src=\"https:\/\/pagead2.googlesyndication.com\/pagead\/js\/adsbygoogle.js?client=ca-pub-8106111766207173\"\r\n     crossorigin=\"anonymous\"><\/script>\r\n<!-- Display-1 -->\r\n<ins class=\"adsbygoogle\"\r\n     style=\"display:block\"\r\n     data-ad-client=\"ca-pub-8106111766207173\"\r\n     data-ad-slot=\"1465712950\"\r\n     data-ad-format=\"auto\"\r\n     data-full-width-responsive=\"true\"><\/ins>\r\n<script>\r\n     (adsbygoogle = window.adsbygoogle || []).push({});\r\n<\/script><\/div><\/div>","protected":false},"excerpt":{"rendered":"<p>Prije sedam godina izgubila je najbolju prijateljicu, najintimniji oslonac u \u017eivotu \u2013 voljenu sestru. Izgubila je godinu kasnije i neraskidiv dio sebe &#8211; prvoro\u0111enu svoju k\u0107i. I nisu pro\u0161le ni tri godine od te tragedije, kad je izgubila i supruga. Od tada 77-godi\u0161nja gospo\u0111a Nada Poje \u017eivi sama u svojoj boli, ali u miru s Bogom. Iako zbog operacije koljena hoda na dvije \u0161take, svakodnevno tramvajem odlazi na terapije, na tr\u017enicu, u obli\u017enji park, a najve\u0107u snagu pronalazi u molitvi i i\u0161\u010dekivanju nedjelje, kad joj se na ru\u010dku pridru\u017ee k\u0107i i dvoje unu\u010dadi. Nije rje\u0161enje, govori mi, predati se o\u010daju, povu\u0107i se od svijeta i ljudi, sjediti, jesti i naposljetku pasti drugima na brigu. Treba se, isti\u010de, boriti dok god se mo\u017ee.<\/p>\n","protected":false},"author":15,"featured_media":65474,"comment_status":"closed","ping_status":"closed","sticky":false,"template":"","format":"standard","meta":{"footnotes":""},"categories":[2],"tags":[303,80,423,713],"class_list":["post-65458","post","type-post","status-publish","format-standard","has-post-thumbnail","hentry","category-mozaik","tag-religija","tag-starenje","tag-usamljenost","tag-vjera"],"_links":{"self":[{"href":"https:\/\/www.mojevrijeme.hr\/magazin\/wp-json\/wp\/v2\/posts\/65458","targetHints":{"allow":["GET"]}}],"collection":[{"href":"https:\/\/www.mojevrijeme.hr\/magazin\/wp-json\/wp\/v2\/posts"}],"about":[{"href":"https:\/\/www.mojevrijeme.hr\/magazin\/wp-json\/wp\/v2\/types\/post"}],"author":[{"embeddable":true,"href":"https:\/\/www.mojevrijeme.hr\/magazin\/wp-json\/wp\/v2\/users\/15"}],"replies":[{"embeddable":true,"href":"https:\/\/www.mojevrijeme.hr\/magazin\/wp-json\/wp\/v2\/comments?post=65458"}],"version-history":[{"count":0,"href":"https:\/\/www.mojevrijeme.hr\/magazin\/wp-json\/wp\/v2\/posts\/65458\/revisions"}],"wp:featuredmedia":[{"embeddable":true,"href":"https:\/\/www.mojevrijeme.hr\/magazin\/wp-json\/wp\/v2\/media\/65474"}],"wp:attachment":[{"href":"https:\/\/www.mojevrijeme.hr\/magazin\/wp-json\/wp\/v2\/media?parent=65458"}],"wp:term":[{"taxonomy":"category","embeddable":true,"href":"https:\/\/www.mojevrijeme.hr\/magazin\/wp-json\/wp\/v2\/categories?post=65458"},{"taxonomy":"post_tag","embeddable":true,"href":"https:\/\/www.mojevrijeme.hr\/magazin\/wp-json\/wp\/v2\/tags?post=65458"}],"curies":[{"name":"wp","href":"https:\/\/api.w.org\/{rel}","templated":true}]}}