{"id":65486,"date":"2022-11-29T11:37:26","date_gmt":"2022-11-29T10:37:26","guid":{"rendered":"https:\/\/www.mojevrijeme.hr\/magazin\/?p=65486"},"modified":"2022-11-29T11:38:20","modified_gmt":"2022-11-29T10:38:20","slug":"zagrepcanima-poskupljuje-voda-tomasevic-alternativa-je-da-vodopskrba-ide-u-stecaj","status":"publish","type":"post","link":"https:\/\/www.mojevrijeme.hr\/magazin\/2022\/11\/zagrepcanima-poskupljuje-voda-tomasevic-alternativa-je-da-vodopskrba-ide-u-stecaj\/","title":{"rendered":"Zagrep\u010danima poskupljuje voda, Toma\u0161evi\u0107: &#8216;Alternativa je da Vodopskrba ide u ste\u010daj&#8217;"},"content":{"rendered":"\n<p>Zagreba\u010dki gradona\u010delnik Tomislav Toma\u0161evi\u0107 obrazlo\u017eio je najavu poskupljenja vode koje nas o\u010dekuje u 2023. godini. &#8220;Otkad smo do\u0161li na vlast vidjeli ste da vi\u0161e od godinu dana nije poskupila niti jedna komunalna usluga u Gradu Zagrebu unato\u010d financijskoj situaciji. Me\u0111utim, dalje se to vi\u0161e ne mo\u017ee rje\u0161avati kroz u\u0161tede i nu\u017ena su poskupljenja&#8221;, kazao je. Voda bi trebala poskupjeti 20 posto. <\/p>\n\n\n\n<p>&#8220;Vodoopskrbna mre\u017ea je potpuno neadekvatna. Imamo 3500 km vodoopskrbne mre\u017ee. Imamo 2200 km cijevi za odvodnju. Istovremeno, 50 posto curi vode iz vodovodnih cijevi. Od 1. sije\u010dnja se mijenja i regulatorni okvir prema kojem \u0107e Vodoopskrba i odvodnja, kao i drugi vodovodi u Hrvatskoj, odsad pla\u0107ati po koli\u010dini isporu\u010dene vode korisnicima, a ne po koli\u010dini vode koju zahva\u0107aju na izvoru. To zna\u010di da ovih 50 posto gubitaka pada na tro\u0161ak VIO-a. To se radi da bi se stimulirala ulaganja u vodoopskrbnu mre\u017eu&#8221;, rekao je.<\/p>\n\n\n\n<p>Istaknuo je da \u0107e u sljede\u0107ih pet godina ulo\u017eiti dvije milijarde kuna u mre\u017eu vodoopskrbe i odvodnje. &#8220;To su \u010detiri nova maksimirska stadiona ili \u010detiri nove \u017ei\u010dare. To \u0107e biti ulo\u017eeno kako ne bi dalje pucale i kako ne bi imali gubitke. Da bi se ta sredstva povukla iz EU fondova, mora se sufinancirati s 30 posto. Zato idu poskupljenja&#8221;, rekao je zagreba\u010dki gradona\u010delnik.<\/p><div id=\"mojev-2568403868\" class=\"mojev-u-tekstu mojev-entity-placement\" style=\"margin-left: auto;margin-right: auto;text-align: center;\"><div class=\"mojev-adlabel\">oglas<\/div><div style=\"height: 250px;\"><script async src=\"https:\/\/pagead2.googlesyndication.com\/pagead\/js\/adsbygoogle.js?client=ca-pub-8106111766207173\"\r\n     crossorigin=\"anonymous\"><\/script>\r\n<!-- Prikazni 1 u tekstu -->\r\n<ins class=\"adsbygoogle\"\r\n     style=\"display:block\"\r\n     data-ad-client=\"ca-pub-8106111766207173\"\r\n     data-ad-slot=\"8535551207\"\r\n     data-ad-format=\"auto\"\r\n     data-full-width-responsive=\"true\"><\/ins>\r\n<script>\r\n     (adsbygoogle = window.adsbygoogle || []).push({});\r\n<\/script><\/div><\/div><br style=\"clear: both; display: block; float: none;\"\/>\n\n\n\n<p>No \u0161to je s gra\u0111anima koje je ve\u0107 pritisnula inflacija? &#8220;\u0160to je alternativa, da VIO ide u ste\u010daj? Ako rastu ulazni tro\u0161kovi, moraju i cijene i\u0107i gore&#8221;, odgovorio je gradona\u010delnik. <\/p>\n\n\n\n<p>O poskupljenju parkinga je rekao da se zapravo radi samo izjedna\u010davaju cijene gara\u017ea s nadzemnim parkingom. Parkiranje u gara\u017eama trebalo bi ko\u0161tati pet posto vi\u0161e nego do sada. <\/p>\n<div id=\"mojev-2745376897\" class=\"mojev-kraj-teksta mojev-entity-placement\" style=\"margin-bottom: 20px;margin-left: auto;margin-right: auto;text-align: center;\"><div class=\"mojev-adlabel\">oglas<\/div><div style=\"height: 250px;\"><script async src=\"https:\/\/pagead2.googlesyndication.com\/pagead\/js\/adsbygoogle.js?client=ca-pub-8106111766207173\"\r\n     crossorigin=\"anonymous\"><\/script>\r\n<!-- Display-1 -->\r\n<ins class=\"adsbygoogle\"\r\n     style=\"display:block\"\r\n     data-ad-client=\"ca-pub-8106111766207173\"\r\n     data-ad-slot=\"1465712950\"\r\n     data-ad-format=\"auto\"\r\n     data-full-width-responsive=\"true\"><\/ins>\r\n<script>\r\n     (adsbygoogle = window.adsbygoogle || []).push({});\r\n<\/script><\/div><\/div>","protected":false},"excerpt":{"rendered":"<p>Istaknuo je da \u0107e u sljede\u0107ih pet godina ulo\u017eiti dvije milijarde kuna u mre\u017eu vodoopskrbe i odvodnje. To su \u010detiri nova maksimirska stadiona ili \u010detiri nove \u017ei\u010dare.<\/p>\n","protected":false},"author":1,"featured_media":60127,"comment_status":"closed","ping_status":"closed","sticky":false,"template":"","format":"standard","meta":{"footnotes":""},"categories":[9],"tags":[3265,737,236,2670],"class_list":["post-65486","post","type-post","status-publish","format-standard","has-post-thumbnail","hentry","category-vijesti","tag-poskupljenja","tag-rezije","tag-standard","tag-tomislav-tomasevic"],"_links":{"self":[{"href":"https:\/\/www.mojevrijeme.hr\/magazin\/wp-json\/wp\/v2\/posts\/65486","targetHints":{"allow":["GET"]}}],"collection":[{"href":"https:\/\/www.mojevrijeme.hr\/magazin\/wp-json\/wp\/v2\/posts"}],"about":[{"href":"https:\/\/www.mojevrijeme.hr\/magazin\/wp-json\/wp\/v2\/types\/post"}],"author":[{"embeddable":true,"href":"https:\/\/www.mojevrijeme.hr\/magazin\/wp-json\/wp\/v2\/users\/1"}],"replies":[{"embeddable":true,"href":"https:\/\/www.mojevrijeme.hr\/magazin\/wp-json\/wp\/v2\/comments?post=65486"}],"version-history":[{"count":0,"href":"https:\/\/www.mojevrijeme.hr\/magazin\/wp-json\/wp\/v2\/posts\/65486\/revisions"}],"wp:featuredmedia":[{"embeddable":true,"href":"https:\/\/www.mojevrijeme.hr\/magazin\/wp-json\/wp\/v2\/media\/60127"}],"wp:attachment":[{"href":"https:\/\/www.mojevrijeme.hr\/magazin\/wp-json\/wp\/v2\/media?parent=65486"}],"wp:term":[{"taxonomy":"category","embeddable":true,"href":"https:\/\/www.mojevrijeme.hr\/magazin\/wp-json\/wp\/v2\/categories?post=65486"},{"taxonomy":"post_tag","embeddable":true,"href":"https:\/\/www.mojevrijeme.hr\/magazin\/wp-json\/wp\/v2\/tags?post=65486"}],"curies":[{"name":"wp","href":"https:\/\/api.w.org\/{rel}","templated":true}]}}