{"id":65515,"date":"2022-11-30T10:48:26","date_gmt":"2022-11-30T09:48:26","guid":{"rendered":"https:\/\/www.mojevrijeme.hr\/magazin\/?p=65515"},"modified":"2022-11-30T11:08:06","modified_gmt":"2022-11-30T10:08:06","slug":"provocirao-sugradane-jugoslavenskom-zastavom-pa-dobio-optuzni-prijedlog","status":"publish","type":"post","link":"https:\/\/www.mojevrijeme.hr\/magazin\/2022\/11\/provocirao-sugradane-jugoslavenskom-zastavom-pa-dobio-optuzni-prijedlog\/","title":{"rendered":"Provocirao sugra\u0111ane jugoslavenskom zastavom pa dobio optu\u017eni prijedlog"},"content":{"rendered":"\n<p>Nekada\u0161nji praznik preminule Jugoslavije, Dan Republike, ju\u010der je obilje\u017een brojnim objavama na dru\u0161tvenim mre\u017eama, diljem regije. No neki jugonostalgi\u010dari oti\u0161li su korak dalje pa su javno istaknuli barjak SFRJ. <\/p>\n\n\n\n<p>Za mnoge hrvatske gra\u0111ane to je neprihvatljiv potez pa ka\u017eu da je pod takvom trobojnicom s petokrakom nekada\u0161nja JNA u simbiozi s pobunjenim velikosrbima razorila velik dio Hrvatske. <\/p>\n\n\n\n<p>Mu\u0161karac (47)  iz mjesta Jak\u0161i\u0107 kod Po\u017eege na vlastitoj je ku\u0107i istaknuo zastavu Jugoslavije, javlja PU po\u017ee\u0161ko-slavonska. Susjedi su obavijestili policiju. Uslijedila je prijava zbog vrije\u0111anja morala sugra\u0111ana. <\/p><div id=\"mojev-4241690452\" class=\"mojev-u-tekstu mojev-entity-placement\" style=\"margin-left: auto;margin-right: auto;text-align: center;\"><div class=\"mojev-adlabel\">oglas<\/div><div style=\"height: 250px;\"><script async src=\"https:\/\/pagead2.googlesyndication.com\/pagead\/js\/adsbygoogle.js?client=ca-pub-8106111766207173\"\r\n     crossorigin=\"anonymous\"><\/script>\r\n<!-- Prikazni 1 u tekstu -->\r\n<ins class=\"adsbygoogle\"\r\n     style=\"display:block\"\r\n     data-ad-client=\"ca-pub-8106111766207173\"\r\n     data-ad-slot=\"8535551207\"\r\n     data-ad-format=\"auto\"\r\n     data-full-width-responsive=\"true\"><\/ins>\r\n<script>\r\n     (adsbygoogle = window.adsbygoogle || []).push({});\r\n<\/script><\/div><\/div><br style=\"clear: both; display: block; float: none;\"\/>\n\n\n\n<p>Protiv 47-godi\u0161njaka slijedi optu\u017eni prijedlog zbog po\u010dinjenog prekr\u0161aja iz Zakona o prekr\u0161ajima protiv javnog reda i mira, javlja po\u017ee\u0161ka policija.<\/p>\n<div id=\"mojev-2880650822\" class=\"mojev-kraj-teksta mojev-entity-placement\" style=\"margin-bottom: 20px;margin-left: auto;margin-right: auto;text-align: center;\"><div class=\"mojev-adlabel\">oglas<\/div><div style=\"height: 250px;\"><script async src=\"https:\/\/pagead2.googlesyndication.com\/pagead\/js\/adsbygoogle.js?client=ca-pub-8106111766207173\"\r\n     crossorigin=\"anonymous\"><\/script>\r\n<!-- Display-1 -->\r\n<ins class=\"adsbygoogle\"\r\n     style=\"display:block\"\r\n     data-ad-client=\"ca-pub-8106111766207173\"\r\n     data-ad-slot=\"1465712950\"\r\n     data-ad-format=\"auto\"\r\n     data-full-width-responsive=\"true\"><\/ins>\r\n<script>\r\n     (adsbygoogle = window.adsbygoogle || []).push({});\r\n<\/script><\/div><\/div>","protected":false},"excerpt":{"rendered":"<p>Protiv 47-godi\u0161njaka slijedi optu\u017eni prijedlog zbog po\u010dinjenog prekr\u0161aja iz Zakona o prekr\u0161ajima protiv javnog reda i mira, javlja po\u017ee\u0161ka policija.<\/p>\n","protected":false},"author":1,"featured_media":9739,"comment_status":"closed","ping_status":"closed","sticky":false,"template":"","format":"standard","meta":{"footnotes":""},"categories":[9],"tags":[596,188,1608],"class_list":["post-65515","post","type-post","status-publish","format-standard","has-post-thumbnail","hentry","category-vijesti","tag-crna-kronika","tag-jugoslavija","tag-pozega"],"_links":{"self":[{"href":"https:\/\/www.mojevrijeme.hr\/magazin\/wp-json\/wp\/v2\/posts\/65515","targetHints":{"allow":["GET"]}}],"collection":[{"href":"https:\/\/www.mojevrijeme.hr\/magazin\/wp-json\/wp\/v2\/posts"}],"about":[{"href":"https:\/\/www.mojevrijeme.hr\/magazin\/wp-json\/wp\/v2\/types\/post"}],"author":[{"embeddable":true,"href":"https:\/\/www.mojevrijeme.hr\/magazin\/wp-json\/wp\/v2\/users\/1"}],"replies":[{"embeddable":true,"href":"https:\/\/www.mojevrijeme.hr\/magazin\/wp-json\/wp\/v2\/comments?post=65515"}],"version-history":[{"count":0,"href":"https:\/\/www.mojevrijeme.hr\/magazin\/wp-json\/wp\/v2\/posts\/65515\/revisions"}],"wp:featuredmedia":[{"embeddable":true,"href":"https:\/\/www.mojevrijeme.hr\/magazin\/wp-json\/wp\/v2\/media\/9739"}],"wp:attachment":[{"href":"https:\/\/www.mojevrijeme.hr\/magazin\/wp-json\/wp\/v2\/media?parent=65515"}],"wp:term":[{"taxonomy":"category","embeddable":true,"href":"https:\/\/www.mojevrijeme.hr\/magazin\/wp-json\/wp\/v2\/categories?post=65515"},{"taxonomy":"post_tag","embeddable":true,"href":"https:\/\/www.mojevrijeme.hr\/magazin\/wp-json\/wp\/v2\/tags?post=65515"}],"curies":[{"name":"wp","href":"https:\/\/api.w.org\/{rel}","templated":true}]}}