{"id":65530,"date":"2022-11-30T18:28:38","date_gmt":"2022-11-30T17:28:38","guid":{"rendered":"https:\/\/www.mojevrijeme.hr\/magazin\/?p=65530"},"modified":"2023-07-14T10:49:42","modified_gmt":"2023-07-14T08:49:42","slug":"gospoda-gordana-22-je-godine-udovica-i-zivi-sama-ne-prode-dan-da-se-ne-sjetim-supruga","status":"publish","type":"post","link":"https:\/\/www.mojevrijeme.hr\/magazin\/2022\/11\/gospoda-gordana-22-je-godine-udovica-i-zivi-sama-ne-prode-dan-da-se-ne-sjetim-supruga\/","title":{"rendered":"Gospo\u0111a Gordana 22 je godine udovica i \u017eivi sama: &#8216;Ne pro\u0111e dan da se ne sjetim supruga&#8217;"},"content":{"rendered":"\n<p>Na samom po\u010detku razgovora gospo\u0111a <strong>Gordana Zrno<\/strong> samozatajno mi je rekla da nema puno toga posebnog za ispri\u010dati o svom \u017eivotu. Na kraju razgovora na to sam joj od srca odgovorila: &#8220;Va\u0161a \u017eivotna pri\u010da ne samo da je posebna, nego je velika i va\u017ena i nosi poruku da je mogu\u0107e podi\u0107i se pa makar i stoput pali na koljena!&#8221; Jer doista, sa svakom sam njezinom re\u010denicom otkrivala sam da je isklju\u010divo vlastitim snagama, unato\u010d velikim pote\u0161ko\u0107ama, uspjela napraviti sve \u0161to je svojoj obitelji pri\u017eeljkivala.<\/p>\n\n\n\n<h3 class=\"wp-block-heading\">Dan kad je upoznala supruga<\/h3>\n\n\n\n<p>&#8220;Pogledaj ga Martina, ovaj mora biti moj i Bo\u017eji&#8221;, rekla je tada 22-godi\u0161nja Gordana svojoj prijateljici u kafi\u0107u zagreba\u010dkog kazali\u0161ta Gavella, pokazuju\u0107i diskretno na nao\u010ditog mladi\u0107a. I doista, dogodila se te ve\u010deri velika ljubav na prvi pogled. Ve\u0107 godinu kasnije Gordana i Ivan su se vjen\u010dali, dobili dvoje djece, radili i \u017eivjeli miran obiteljski \u017eivot.<\/p>\n\n\n\n<p>A onda joj je jednog jutra, sasvim nenadano i bez prethodnih znakova te\u017ee bolesti, preminuo. &#8220;Probudili smo se i on je samo napravio nekoliko trzaja, upsjela sam ga samo uhvatiti i umro mi je na rukama. Jednostavno mu je stalo srce. Imamo je dodu\u0161e problema s tlakom, ali ga je kontrolirao, nije se \u010dinilo da je toliko ozbiljno&#8221;, prisjetila se gospo\u0111a Gordana najte\u017eeg dana u \u017eivotu.<\/p><div id=\"mojev-4212219099\" class=\"mojev-u-tekstu mojev-entity-placement\" style=\"margin-left: auto;margin-right: auto;text-align: center;\"><div class=\"mojev-adlabel\">oglas<\/div><div style=\"height: 250px;\"><script async src=\"https:\/\/pagead2.googlesyndication.com\/pagead\/js\/adsbygoogle.js?client=ca-pub-8106111766207173\"\r\n     crossorigin=\"anonymous\"><\/script>\r\n<!-- Prikazni 1 u tekstu -->\r\n<ins class=\"adsbygoogle\"\r\n     style=\"display:block\"\r\n     data-ad-client=\"ca-pub-8106111766207173\"\r\n     data-ad-slot=\"8535551207\"\r\n     data-ad-format=\"auto\"\r\n     data-full-width-responsive=\"true\"><\/ins>\r\n<script>\r\n     (adsbygoogle = window.adsbygoogle || []).push({});\r\n<\/script><\/div><\/div><br style=\"clear: both; display: block; float: none;\"\/>\n\n\n\n<p>K\u0107i Ivana bila je tada u dobi od 17 godina, sin Marko napunio je 19. &#8220;Odrasli su mi doslovce preko no\u0107i. \u0160ok je bio nezamisliv. Ali ja si zbog djece nisam mogla priu\u0161titi staviti crnu maramu na glavu i o\u010dajavati u nekom zakutku. Odlu\u010dila sam se boriti zbog njih&#8221;, rekla je. <\/p>\n\n\n\n<p>Od dr\u017eave je za svako dijete uspjela ishoditi tek po 400 kuna mirovine na koju su imali pravo po ocu. &#8220;To nam nije bilo dostatno za hranu, odijevanje, \u0161kolovanje. Kao i svi zaposleni, tra\u017eila sam pravo barem jo\u0161 na dje\u010dji doplatak, ali mi je bio odbijen, s obrazlo\u017eenjem da djeca imaju primanja. A primjerice, moja prijateljica koja se razvela, dobivala je alimentaciju 1.500 kuna i jo\u0161 je ostvarivala pravo na dje\u010dji doplatak. Bila sam silno razo\u010darana i shvatila da je odsad sve na meni&#8221;, govori mi.<\/p>\n\n\n\n<h3 class=\"wp-block-heading\">Prijatelji se udaljili<\/h3>\n\n\n\n<p>&#8220;Suprug i ja \u010desto smo u vrtu uz ro\u0161tilj okupljali prijatelje. Kad sam ostala sama, prestali su dolaziti. Mnogi znanci koje sam susretala samo bi me kratko pozdravili i pro\u0161li dalje svojim putem. Ne znam je li im bilo nelagodno razgovarati sa mnom o mojoj tragediji, ili su se bojali da \u0107u ih ne\u0161to tra\u017eiti, no ja na kraju nisam imala s kim razgovarati kroz \u0161to sve prolazim&#8221;, rekla je iskreno.<\/p>\n\n\n\n<p>I djeca su pro\u0161la kroz sli\u010dno iskustvo, no njihove je prijatelje, koji su ostali uz njih, rado pozivala ku\u0107i kako ne bi bili sami i samo mislili na tugu i bol. &#8220;I danas me mladi iz tog dru\u0161tva sretnu i ka\u017eu mi kako im je bilo lijepo kad su dolazili kod nas na dru\u017eenje&#8221;, dodaje. &nbsp;<\/p>\n\n\n\n<p>Posao tete u vrti\u0107u radila je, ka\u017ee, s velikom ljubavlju. No, kako bi obitelji osigurala pristojan \u017eivot i odr\u017eavala ku\u0107u, morala je prona\u0107i dodatni izvor prihoda. &#8220;Prona\u0161la sam nekoliko obitelji kojima sam pomagala u ku\u0107i, \u010distila, peglala, \u0161to god je trebalo. Imali su povjerenja u mene pa su mi dali klju\u010d da sam mogla fleksibilno dolaziti, jer se u vrti\u0107u radi u smjenama. Tako sam radila godinama i \u010dak sam uspjela u\u0161tedjet, &nbsp;barem toliko da djeci pru\u017eim kovertu na vjen\u010danju&#8221;, otkriva gospo\u0111a Gordana.<\/p>\n\n\n\n<h3 class=\"wp-block-heading\">Ogovaranja je bilo na sve strane<\/h3>\n\n\n\n<p>U svoj toj borbi, gospo\u0111a Gordana je imala puno lo\u0161ih iskustava s okolinom. &#8220;Jednom me tako susjeda pozvala nasamo, ne\u0161to mi, ka\u017ee, ima za re\u0107i. \u0160apnula mi je da me po ulici ogovaraju jer svi vide kako mi u ku\u0107u dolaze nepoznati mu\u0161karci. &#8216;Ne dolazi mi jedan, nego svaki dan drugi, poru\u010dite im tako&#8217;, rekla sam. I doista se znalo dogoditi da od mene odlazi moj \u0161ogor, koji je bio sve\u0107enik, a dolazi maler, jo\u0161 bi se na ulazu i sreli. \u0160to da vam ka\u017eem, istina je da mi, unato\u010d tome \u0161to mi je bilo te\u0161ko i \u0161to sam se znala osje\u0107ati usamljenom, nikad nije palo na pamet da imam nekoga nakon supruga&#8221;, rekla je odlu\u010dno.<\/p>\n\n\n\n<p>S vremenom joj je pomogla i vjera u Boga, iako je na po\u010detku bila silno ljuta na Njega. &#8220;Kad je suprug umro, nisam se mogla ni moliti, bijesna na Boga \u0161to mi ga je uzeo. Bje\u017eala sam iz ku\u0107e, gu\u0161io me taj prostor. Izbacila sam cijelu spava\u0107u sobu, nisam mogla podnijeti da sam sama u ne\u010dem \u0161to smo zajedno stvorili. Bilo je zbilja stra\u0161nih situacija. Sje\u0107am se, primjerice, i kad sam prvi put sama \u010distila sifon &#8211; obuzeo me takav jad da sam djecu posla van da mogu urlati i nekako zavr\u0161iti zapo\u010deto&#8221;, iskreno govori gospo\u0111a Gordana. <\/p>\n\n\n\n<p>Dodaje da dugo nije mogla i\u0107i niti u svoje rodno mjesto Mrkopalj, jer ju je i tamo sve podsje\u0107alo na njega. &#8220;U mom Mrkoplju je imao puno prijatelja, i vi\u0161e nego ja, mislila sam da \u0107u se slomiti kad ih vidim. Trebalo je pro\u0107i dugi niz godina da opet mirno odem u svoj kraj&#8221;, napominje.<\/p>\n\n\n\n<p>Kasnije je sve nekako krenulo nabolje, djeca su bila odli\u010dni \u0111aci, Marko (40) je zavr\u0161io studij elektrotehnike, a Ivana (38) studij fizioterapije na Zdravstvenom veleu\u010dili\u0161tu. Danas oboje imaju svoje obitelji, pa su k\u0107i Ivana i zet Davor gospo\u0111i Gordani podarili unuka po imenu <strong>Mark<\/strong>, koji je napunio deset mjeseci, a sin Marko i snaha Lidija \u0161estogodi\u0161nju unuku <strong>Lauru<\/strong> i trogodi\u0161njeg <strong>Franka<\/strong>.<\/p>\n\n\n\n<figure class=\"wp-block-image size-large\"><img loading=\"lazy\" decoding=\"async\" width=\"740\" height=\"444\" src=\"https:\/\/www.mojevrijeme.hr\/magazin\/wp-content\/uploads\/2022\/11\/gordana-zrno-cijela-740x444.jpg\" alt=\"\u0160to nakon smrti supruga?\" class=\"wp-image-65547\" srcset=\"https:\/\/www.mojevrijeme.hr\/magazin\/wp-content\/uploads\/2022\/11\/gordana-zrno-cijela-740x444.jpg 740w, https:\/\/www.mojevrijeme.hr\/magazin\/wp-content\/uploads\/2022\/11\/gordana-zrno-cijela-636x382.jpg 636w, https:\/\/www.mojevrijeme.hr\/magazin\/wp-content\/uploads\/2022\/11\/gordana-zrno-cijela-768x461.jpg 768w, https:\/\/www.mojevrijeme.hr\/magazin\/wp-content\/uploads\/2022\/11\/gordana-zrno-cijela-1536x922.jpg 1536w, https:\/\/www.mojevrijeme.hr\/magazin\/wp-content\/uploads\/2022\/11\/gordana-zrno-cijela-1500x900.jpg 1500w, https:\/\/www.mojevrijeme.hr\/magazin\/wp-content\/uploads\/2022\/11\/gordana-zrno-cijela-1600x960.jpg 1600w, https:\/\/www.mojevrijeme.hr\/magazin\/wp-content\/uploads\/2022\/11\/gordana-zrno-cijela-590x354.jpg 590w, https:\/\/www.mojevrijeme.hr\/magazin\/wp-content\/uploads\/2022\/11\/gordana-zrno-cijela-400x240.jpg 400w, https:\/\/www.mojevrijeme.hr\/magazin\/wp-content\/uploads\/2022\/11\/gordana-zrno-cijela-1000x600.jpg 1000w, https:\/\/www.mojevrijeme.hr\/magazin\/wp-content\/uploads\/2022\/11\/gordana-zrno-cijela-820x492.jpg 820w, https:\/\/www.mojevrijeme.hr\/magazin\/wp-content\/uploads\/2022\/11\/gordana-zrno-cijela-1080x648.jpg 1080w, https:\/\/www.mojevrijeme.hr\/magazin\/wp-content\/uploads\/2022\/11\/gordana-zrno-cijela.jpg 2000w\" sizes=\"auto, (max-width: 740px) 100vw, 740px\" \/><figcaption class=\"wp-element-caption\">Gordana Zrno (foto: Gordana Arh)<\/figcaption><\/figure>\n\n\n\n<p>&#8220;Nakon smrti voljenog supru\u017enika nikad se \u010dovjek do kraja ne navikne biti sam, a najte\u017ee je kad su va\u017ena doga\u0111anja u obitelji. Svaki uspjeh na\u0161e djece, njihove diplome, vjen\u010danja, kasnije i ro\u0111enja unu\u010dadi, uvijek je tu u meni bila ta neka bol \u0161to \u010dak ni radost nisam mogla podijeliti s njim. Jo\u0161 mi suza do\u0111e kad se sjetim kako smo sin i ja i\u0161li po vino za njegovu promociju, a on mi je u autu rekao da bi sad bilo lijepo da sve to za njega organizira njegov tata. &nbsp;Znam da su i oni patili&#8221;, ka\u017ee mi.<\/p>\n\n\n\n<h3 class=\"wp-block-heading\">Sama u mirovini<\/h3>\n\n\n\n<p>Lagala bi, ka\u017ee mi gospo\u0111a Gordana, kad bi rekla da nema dana kad se osje\u0107a jako usamljenom. \u017divi sama u 100 kvadrata u prizemlju ku\u0107e, naravno da joj nedostaje netko s kim bi dijelila i sre\u0107u i sjetu i kro\u010dila hrabro kroz zlatno \u017eivotno doba. <\/p>\n\n\n\n<p>&#8220;Usamljenost ipak nestane kad se sastanem s prijateljima pa kartamo Belu, kad odem na vje\u017ebanje u obli\u017enji park, na kavu s nekim. Volim i\u0107i na izlete ili na more s umirovljenicima, nisam stalno u ku\u0107i. Za usamljenost najmanje mjesta ima kad odem kod k\u0107eri ili sina pa se igram s unucima, a otkako sam u mirovini puno sam s njima i pri\u010duvam ih koliko god treba. Za njih mi ni\u0161ta nije te\u0161ko napraviti, uz njih je moj \u017eivot ispunjen&#8221;, rekla je za kraj ova hrabra majka i baka, i odana prijateljica.<\/p>\n\n\n\n<div id=\"sivo\"><\/p>\n\n\n\n<h3 class=\"wp-block-heading\">Dobar glas daleko se \u010duje<\/h3>\n\n\n\n<p>&#8220;Kad sam se selila, a moj novi stan jo\u0161 nije bio spreman za useljenje, Gordana me primila u svoj dom i trpjela me nekoliko mjeseci, bez da je i\u0161ta pitala. Divna, divna \u017eena&#8221;, rekla mi je jednom prigodom gospo\u0111a Katica, na\u0161a zajedni\u010dka poznanica, ukazav\u0161i na to da je Gordana Zrno prijateljica koju krasi ljudska dobrota kakva se ne susre\u0107e iza svakog ugla.<\/p>\n\n\n\n<p><\/div>\n\n\n\n<p class=\"has-text-align-center has-text-color\" style=\"color:#666666;font-size:0.8rem\">Ovaj prilog je objavljen u sklopu projekta poticanja novinarske izvrsnosti Agencije za elektroni\u010dke medije.<\/p>\n<div id=\"mojev-1376601274\" class=\"mojev-kraj-teksta mojev-entity-placement\" style=\"margin-bottom: 20px;margin-left: auto;margin-right: auto;text-align: center;\"><div class=\"mojev-adlabel\">oglas<\/div><div style=\"height: 250px;\"><script async src=\"https:\/\/pagead2.googlesyndication.com\/pagead\/js\/adsbygoogle.js?client=ca-pub-8106111766207173\"\r\n     crossorigin=\"anonymous\"><\/script>\r\n<!-- Display-1 -->\r\n<ins class=\"adsbygoogle\"\r\n     style=\"display:block\"\r\n     data-ad-client=\"ca-pub-8106111766207173\"\r\n     data-ad-slot=\"1465712950\"\r\n     data-ad-format=\"auto\"\r\n     data-full-width-responsive=\"true\"><\/ins>\r\n<script>\r\n     (adsbygoogle = window.adsbygoogle || []).push({});\r\n<\/script><\/div><\/div>","protected":false},"excerpt":{"rendered":"<p>Kad \u017eena u svojim ranim \u010detrdesetima ostane udovica s dvoje djece, ne pro\u017eivljava samo traumu zbog gubitka supruga, ve\u0107 se na nju odjednom strmoglavi tisu\u0107u drugih problema. Valja pomo\u0107i djeci koja su tako\u0111er do\u017eivjela \u0161ok, nastaviti raditi, preslo\u017eiti financije, nau\u010diti biti majstor u ku\u0107i, pre\u017eivjeti i gubitak nekoliko ljudi koje je dotad smatrala prijateljima. Ako joj pak bilo koji mu\u0161karac kro\u010di u ku\u0107u, biju je jo\u0161 i zli jezici. Trpi i pla\u010de tek kad zatvori vrata svoje sobe &#8211; ta samo\u0107a postaje joj ujedno i najte\u017ee breme i najbolja prijateljica. Sve je to iskusila moja sugovornica Gordana Zrno (64) iz Zagreba, koja je nadnaravnim snagama uspjela isplivati iz neda\u0107a koje su je donijelo udovi\u0161tvo. Smiraj je na\u0161la tek sada, u mirovini, kad su djeca odselila i kad se navikla \u017eivjeti sama.<\/p>\n","protected":false},"author":15,"featured_media":65545,"comment_status":"closed","ping_status":"closed","sticky":false,"template":"","format":"standard","meta":{"footnotes":""},"categories":[2],"tags":[3332,3312,423,119],"class_list":["post-65530","post","type-post","status-publish","format-standard","has-post-thumbnail","hentry","category-mozaik","tag-smrt-supruznika","tag-udovistvo","tag-usamljenost","tag-zivot-2"],"_links":{"self":[{"href":"https:\/\/www.mojevrijeme.hr\/magazin\/wp-json\/wp\/v2\/posts\/65530","targetHints":{"allow":["GET"]}}],"collection":[{"href":"https:\/\/www.mojevrijeme.hr\/magazin\/wp-json\/wp\/v2\/posts"}],"about":[{"href":"https:\/\/www.mojevrijeme.hr\/magazin\/wp-json\/wp\/v2\/types\/post"}],"author":[{"embeddable":true,"href":"https:\/\/www.mojevrijeme.hr\/magazin\/wp-json\/wp\/v2\/users\/15"}],"replies":[{"embeddable":true,"href":"https:\/\/www.mojevrijeme.hr\/magazin\/wp-json\/wp\/v2\/comments?post=65530"}],"version-history":[{"count":0,"href":"https:\/\/www.mojevrijeme.hr\/magazin\/wp-json\/wp\/v2\/posts\/65530\/revisions"}],"wp:featuredmedia":[{"embeddable":true,"href":"https:\/\/www.mojevrijeme.hr\/magazin\/wp-json\/wp\/v2\/media\/65545"}],"wp:attachment":[{"href":"https:\/\/www.mojevrijeme.hr\/magazin\/wp-json\/wp\/v2\/media?parent=65530"}],"wp:term":[{"taxonomy":"category","embeddable":true,"href":"https:\/\/www.mojevrijeme.hr\/magazin\/wp-json\/wp\/v2\/categories?post=65530"},{"taxonomy":"post_tag","embeddable":true,"href":"https:\/\/www.mojevrijeme.hr\/magazin\/wp-json\/wp\/v2\/tags?post=65530"}],"curies":[{"name":"wp","href":"https:\/\/api.w.org\/{rel}","templated":true}]}}