{"id":65603,"date":"2022-12-01T13:01:23","date_gmt":"2022-12-01T12:01:23","guid":{"rendered":"https:\/\/www.mojevrijeme.hr\/magazin\/?p=65603"},"modified":"2022-12-01T13:01:54","modified_gmt":"2022-12-01T12:01:54","slug":"tomasevic-usprkos-vladinoj-odluci-dize-cijenu-vode-nece-biti-20-vec-15-posto-skuplja","status":"publish","type":"post","link":"https:\/\/www.mojevrijeme.hr\/magazin\/2022\/12\/tomasevic-usprkos-vladinoj-odluci-dize-cijenu-vode-nece-biti-20-vec-15-posto-skuplja\/","title":{"rendered":"Toma\u0161evi\u0107 usprkos Vladinoj odluci di\u017ee cijenu vode, ne\u0107e biti 20, ve\u0107 15 posto skuplja"},"content":{"rendered":"\n<p>Zagreba\u010dki gradona\u010delnik&nbsp;<strong>Tomislav Toma\u0161evi\u0107&nbsp;<\/strong>ostaje pri odluci o poskupljenju vode po\u010detkom idu\u0107e godine. Ipak, umjesto planiranih 20 posto, poskljupljenje \u0107e biti oko 15 posto. Osim toga, rekao je i da \u0107e poku\u0161ati odgoditi rok primjene poskupljenja vode.<\/p>\n\n\n\n<p>&#8220;Poskupljenje sigurno ne\u0107e i\u0107i odmah od 1. sije\u010dnja, ali ho\u0107e li i\u0107i od 1. velja\u010de ili o\u017eujka moramo jo\u0161 vidjeti&#8221;, rekao je.<\/p>\n\n\n\n<p>Podsjetimo, jutros je premijer Andrej Plenkovi\u0107 najavio da \u0107e odgoditi primjenu Uredbe za kori\u0161tenje voda, \u010dime \u0107e se omogu\u0107iti svim lokalnim jedinicama da ne bude potrebe za dizanjem cijena vode, osobito u velikih gradovima kao \u0161to su Zagreb i Split. \u201cTo je sve na tragu politike da dr\u017eimo udar na gra\u0111ane na minimalnoj razini\u201d, kazao je Plenkovi\u0107.<\/p><div id=\"mojev-4078338647\" class=\"mojev-u-tekstu mojev-entity-placement\" style=\"margin-left: auto;margin-right: auto;text-align: center;\"><div class=\"mojev-adlabel\">oglas<\/div><div style=\"height: 250px;\"><script async src=\"https:\/\/pagead2.googlesyndication.com\/pagead\/js\/adsbygoogle.js?client=ca-pub-8106111766207173\"\r\n     crossorigin=\"anonymous\"><\/script>\r\n<!-- Prikazni 1 u tekstu -->\r\n<ins class=\"adsbygoogle\"\r\n     style=\"display:block\"\r\n     data-ad-client=\"ca-pub-8106111766207173\"\r\n     data-ad-slot=\"8535551207\"\r\n     data-ad-format=\"auto\"\r\n     data-full-width-responsive=\"true\"><\/ins>\r\n<script>\r\n     (adsbygoogle = window.adsbygoogle || []).push({});\r\n<\/script><\/div><\/div><br style=\"clear: both; display: block; float: none;\"\/>\n<div id=\"mojev-137904921\" class=\"mojev-kraj-teksta mojev-entity-placement\" style=\"margin-bottom: 20px;margin-left: auto;margin-right: auto;text-align: center;\"><div class=\"mojev-adlabel\">oglas<\/div><div style=\"height: 250px;\"><script async src=\"https:\/\/pagead2.googlesyndication.com\/pagead\/js\/adsbygoogle.js?client=ca-pub-8106111766207173\"\r\n     crossorigin=\"anonymous\"><\/script>\r\n<!-- Display-1 -->\r\n<ins class=\"adsbygoogle\"\r\n     style=\"display:block\"\r\n     data-ad-client=\"ca-pub-8106111766207173\"\r\n     data-ad-slot=\"1465712950\"\r\n     data-ad-format=\"auto\"\r\n     data-full-width-responsive=\"true\"><\/ins>\r\n<script>\r\n     (adsbygoogle = window.adsbygoogle || []).push({});\r\n<\/script><\/div><\/div>","protected":false},"excerpt":{"rendered":"<p>Podsjetimo, jutros je premijer Andrej Plenkovi\u0107 najavio da \u0107e odgoditi primjen Uredbe za kori\u0161tenje voda, \u010dime \u0107e se omogu\u0107iti svim lokalnim jedinicama da ne bude potrebe za dizanjem cijena vode, osobito u velikih gradovima kao \u0161to su Zagreb i Split.<\/p>\n","protected":false},"author":1,"featured_media":63854,"comment_status":"closed","ping_status":"closed","sticky":false,"template":"","format":"standard","meta":{"footnotes":""},"categories":[9],"tags":[3265,236,2670,39],"class_list":["post-65603","post","type-post","status-publish","format-standard","has-post-thumbnail","hentry","category-vijesti","tag-poskupljenja","tag-standard","tag-tomislav-tomasevic","tag-zagreb"],"_links":{"self":[{"href":"https:\/\/www.mojevrijeme.hr\/magazin\/wp-json\/wp\/v2\/posts\/65603","targetHints":{"allow":["GET"]}}],"collection":[{"href":"https:\/\/www.mojevrijeme.hr\/magazin\/wp-json\/wp\/v2\/posts"}],"about":[{"href":"https:\/\/www.mojevrijeme.hr\/magazin\/wp-json\/wp\/v2\/types\/post"}],"author":[{"embeddable":true,"href":"https:\/\/www.mojevrijeme.hr\/magazin\/wp-json\/wp\/v2\/users\/1"}],"replies":[{"embeddable":true,"href":"https:\/\/www.mojevrijeme.hr\/magazin\/wp-json\/wp\/v2\/comments?post=65603"}],"version-history":[{"count":0,"href":"https:\/\/www.mojevrijeme.hr\/magazin\/wp-json\/wp\/v2\/posts\/65603\/revisions"}],"wp:featuredmedia":[{"embeddable":true,"href":"https:\/\/www.mojevrijeme.hr\/magazin\/wp-json\/wp\/v2\/media\/63854"}],"wp:attachment":[{"href":"https:\/\/www.mojevrijeme.hr\/magazin\/wp-json\/wp\/v2\/media?parent=65603"}],"wp:term":[{"taxonomy":"category","embeddable":true,"href":"https:\/\/www.mojevrijeme.hr\/magazin\/wp-json\/wp\/v2\/categories?post=65603"},{"taxonomy":"post_tag","embeddable":true,"href":"https:\/\/www.mojevrijeme.hr\/magazin\/wp-json\/wp\/v2\/tags?post=65603"}],"curies":[{"name":"wp","href":"https:\/\/api.w.org\/{rel}","templated":true}]}}