{"id":65646,"date":"2022-12-03T16:24:42","date_gmt":"2022-12-03T15:24:42","guid":{"rendered":"https:\/\/www.mojevrijeme.hr\/magazin\/?p=65646"},"modified":"2022-12-04T08:40:39","modified_gmt":"2022-12-04T07:40:39","slug":"zdravko-colic-u-jugoslaviji-nisam-smio-slaviti-bozic","status":"publish","type":"post","link":"https:\/\/www.mojevrijeme.hr\/magazin\/2022\/12\/zdravko-colic-u-jugoslaviji-nisam-smio-slaviti-bozic\/","title":{"rendered":"Zdravko \u010coli\u0107: U Jugoslaviji nisam smio slaviti Bo\u017ei\u0107, vjerski praznici nisu imali odobrenje"},"content":{"rendered":"\n<p>Nekada\u0161nji miljenik Jugoslavije \u010dija zvijezda nije potamnila ni nakon raspada te dr\u017eave, pjeva\u010d <strong>Zdravko \u010coli\u0107<\/strong>, gostovao je u programu Hrvatske televizije gdje je najavio bo\u017ei\u0107ne koncerte u Zagrebu. Naime, U Areni Zagreb nastupa <strong>26. i 27. prosinca<\/strong> i to u pratnji simfonijskog orkestra.<\/p>\n\n\n\n<p>Bila je to prilika da progovori i o biv\u0161oj dr\u017eavi u kojoj je obilje\u017eavanje vjerskih blagdana bilo nepo\u017eeljno u onim obiteljima \u010diji su \u010dlanovi radili u dr\u017eavnoj slu\u017ebi ili su imali ambicije biti rukovoditelji, politi\u010dari ili osobe koje oblikuju dru\u0161tveni \u017eivot. Nausprot tomu, pre\u0161utno prakticiranje vjere odobravalo se mahom &#8220;obi\u010dnom&#8221; neupravlja\u010dkom radni\u0161tvu i dijelu manje ambiciozne inteligencije.<\/p>\n\n\n\n<p>&#8220;Dok sam bio dijete, u ono vrijeme socijalizma, moj otac je radio u policiji. U dr\u017eavnom poslu nije se smjelo ni\u0161ta slaviti. Ni Uskrs, ni Bo\u017ei\u0107, ni Bajram. To je sve bilo zabranjeno. Iz djetinjstva nemam te bo\u017ei\u0107ne radosti&#8221;, kazao je ovaj pjeva\u010d ro\u0111en u Sarajevu 1951. godine, navode\u0107i da se umjesto Bo\u017ei\u0107a kitila jelka za proslavu Nove Godine.<\/p><div id=\"mojev-2549012250\" class=\"mojev-u-tekstu mojev-entity-placement\" style=\"margin-left: auto;margin-right: auto;text-align: center;\"><div class=\"mojev-adlabel\">oglas<\/div><div style=\"height: 250px;\"><script async src=\"https:\/\/pagead2.googlesyndication.com\/pagead\/js\/adsbygoogle.js?client=ca-pub-8106111766207173\"\r\n     crossorigin=\"anonymous\"><\/script>\r\n<!-- Prikazni 1 u tekstu -->\r\n<ins class=\"adsbygoogle\"\r\n     style=\"display:block\"\r\n     data-ad-client=\"ca-pub-8106111766207173\"\r\n     data-ad-slot=\"8535551207\"\r\n     data-ad-format=\"auto\"\r\n     data-full-width-responsive=\"true\"><\/ins>\r\n<script>\r\n     (adsbygoogle = window.adsbygoogle || []).push({});\r\n<\/script><\/div><\/div><br style=\"clear: both; display: block; float: none;\"\/>\n\n\n\n<p>&#8220;Ti vjerski praznici nisu imali odobrenje. Kasnije kada je sve to krenulo to drugim putem, svatko je to obilje\u017eavao na svoj na\u010din. Danas svatko ima pravo slaviti ono \u0161to ho\u0107e i voli&#8221;, zaklju\u010dio je.<\/p>\n<div id=\"mojev-4031418739\" class=\"mojev-kraj-teksta mojev-entity-placement\" style=\"margin-bottom: 20px;margin-left: auto;margin-right: auto;text-align: center;\"><div class=\"mojev-adlabel\">oglas<\/div><div style=\"height: 250px;\"><script async src=\"https:\/\/pagead2.googlesyndication.com\/pagead\/js\/adsbygoogle.js?client=ca-pub-8106111766207173\"\r\n     crossorigin=\"anonymous\"><\/script>\r\n<!-- Display-1 -->\r\n<ins class=\"adsbygoogle\"\r\n     style=\"display:block\"\r\n     data-ad-client=\"ca-pub-8106111766207173\"\r\n     data-ad-slot=\"1465712950\"\r\n     data-ad-format=\"auto\"\r\n     data-full-width-responsive=\"true\"><\/ins>\r\n<script>\r\n     (adsbygoogle = window.adsbygoogle || []).push({});\r\n<\/script><\/div><\/div>","protected":false},"excerpt":{"rendered":"<p>Omiljen i danas, posebno kod \u017eenske publike, Zdravko \u010coli\u0107 ka\u017ee da je publika uvijek zadovoljstvo, a prirodno je da \u017eenska publika vi\u0161e prati pjeva\u010de, prema kojima oduvijek ima vi\u0161e simpatija.<\/p>\n","protected":false},"author":1,"featured_media":65648,"comment_status":"closed","ping_status":"closed","sticky":false,"template":"","format":"standard","meta":{"footnotes":""},"categories":[84],"tags":[385,188,461],"class_list":["post-65646","post","type-post","status-publish","format-standard","has-post-thumbnail","hentry","category-show","tag-bozic","tag-jugoslavija","tag-zdravko-colic"],"_links":{"self":[{"href":"https:\/\/www.mojevrijeme.hr\/magazin\/wp-json\/wp\/v2\/posts\/65646","targetHints":{"allow":["GET"]}}],"collection":[{"href":"https:\/\/www.mojevrijeme.hr\/magazin\/wp-json\/wp\/v2\/posts"}],"about":[{"href":"https:\/\/www.mojevrijeme.hr\/magazin\/wp-json\/wp\/v2\/types\/post"}],"author":[{"embeddable":true,"href":"https:\/\/www.mojevrijeme.hr\/magazin\/wp-json\/wp\/v2\/users\/1"}],"replies":[{"embeddable":true,"href":"https:\/\/www.mojevrijeme.hr\/magazin\/wp-json\/wp\/v2\/comments?post=65646"}],"version-history":[{"count":0,"href":"https:\/\/www.mojevrijeme.hr\/magazin\/wp-json\/wp\/v2\/posts\/65646\/revisions"}],"wp:featuredmedia":[{"embeddable":true,"href":"https:\/\/www.mojevrijeme.hr\/magazin\/wp-json\/wp\/v2\/media\/65648"}],"wp:attachment":[{"href":"https:\/\/www.mojevrijeme.hr\/magazin\/wp-json\/wp\/v2\/media?parent=65646"}],"wp:term":[{"taxonomy":"category","embeddable":true,"href":"https:\/\/www.mojevrijeme.hr\/magazin\/wp-json\/wp\/v2\/categories?post=65646"},{"taxonomy":"post_tag","embeddable":true,"href":"https:\/\/www.mojevrijeme.hr\/magazin\/wp-json\/wp\/v2\/tags?post=65646"}],"curies":[{"name":"wp","href":"https:\/\/api.w.org\/{rel}","templated":true}]}}