{"id":65727,"date":"2022-12-06T12:23:29","date_gmt":"2022-12-06T11:23:29","guid":{"rendered":"https:\/\/www.mojevrijeme.hr\/magazin\/?p=65727"},"modified":"2022-12-08T11:40:19","modified_gmt":"2022-12-08T10:40:19","slug":"zlata-kipcic-89-nakon-suprugove-smrti-dugo-sam-trazila-smisao-u-samackom-zivotu","status":"publish","type":"post","link":"https:\/\/www.mojevrijeme.hr\/magazin\/2022\/12\/zlata-kipcic-89-nakon-suprugove-smrti-dugo-sam-trazila-smisao-u-samackom-zivotu\/","title":{"rendered":"Zlata Kip\u010di\u0107 (89): &#8216;Nakon suprugove smrti dugo sam tra\u017eila smisao u sama\u010dkom \u017eivotu&#8217;"},"content":{"rendered":"\n<p>Kad sam gospo\u0111u <strong>Zlatu Kip\u010di\u0107<\/strong> telefonski nazvala za intervju, pristala je bez puno sumnji\u010davih pitanja, \u0161tovi\u0161e, pozvala me rado u svoj dom na zagreba\u010dkom \u010crnomercu. Ispri\u010dala se \u0161to me ne mo\u017ee primiti ve\u0107 sutradan jer je morala i\u0107i na pogreb prijateljici Gordani, koju je poznavala od mladih dana i bile su bliske prijateljice. Kasnije sam iz na\u0161eg razgovora shvatila da jako dr\u017ei do posljednjeg ispra\u0107aja dragih ljudi \u2013 oti\u0107i \u0107e na pogreb i po ki\u0161i i po snijegu, pa i olujnom nevremenu.<\/p>\n\n\n\n<p>A ispratila je gospo\u0111a Zlata u svojih 89 godina brojne \u010dlanove obitelji, prijatelje, \u0161kolske kolege, kolege s posla. Najte\u017ee joj je, isti\u010de, prije 15 godina bilo zauvijek se rastati od supruga Viktora, koji je preminuo mjesec dana prije njihove 50. godi\u0161njice braka.<\/p>\n\n\n\n<p>Ka\u017ee mi tada gospo\u0111a Zlata da se zauvijek zaljubila jo\u0161 kao vrlo mlada tinejd\u017eerica. &#8220;Imala sam samo 16 godina kad sam se po\u010dela vi\u0111ati s tri godine starijim Viktorom. \u017divjeli smo u istoj ulici, 200 metara jedno od drugoga. Bila to je vrlo sna\u017ena, a prvih godina i vrlo burna veza &#8211; sva\u0111ali smo se i mirili i ipak se nakon sedam godina vjen\u010dali. Danas mogu re\u0107i da smo imali dobar brak&#8221;, rekla je gospo\u0111a Zlata.<\/p><div id=\"mojev-131667968\" class=\"mojev-u-tekstu mojev-entity-placement\" style=\"margin-left: auto;margin-right: auto;text-align: center;\"><div class=\"mojev-adlabel\">oglas<\/div><div style=\"height: 250px;\"><script async src=\"https:\/\/pagead2.googlesyndication.com\/pagead\/js\/adsbygoogle.js?client=ca-pub-8106111766207173\"\r\n     crossorigin=\"anonymous\"><\/script>\r\n<!-- Prikazni 1 u tekstu -->\r\n<ins class=\"adsbygoogle\"\r\n     style=\"display:block\"\r\n     data-ad-client=\"ca-pub-8106111766207173\"\r\n     data-ad-slot=\"8535551207\"\r\n     data-ad-format=\"auto\"\r\n     data-full-width-responsive=\"true\"><\/ins>\r\n<script>\r\n     (adsbygoogle = window.adsbygoogle || []).push({});\r\n<\/script><\/div><\/div><br style=\"clear: both; display: block; float: none;\"\/>\n\n\n\n<h3 class=\"wp-block-heading\">Uspje\u0161ne karijere supru\u017enika<\/h3>\n\n\n\n<p>Budu\u0107i da im se u \u017eivotu nije poslo\u017eilo da imaju djecu, okrenuli su se edukaciji, poslu i velikoj strasti prema putovanjima. Oboje su imali vrlo uspje\u0161ne karijere. Gospo\u0111a Zlata zavr\u0161ila je gimnaziju u Ku\u0161lanovoj, a potom diplomirala engleski i hrvatski jezik na Filozofskom fakultetu. Suprug je pak zavr\u0161io Grafi\u010dki fakultet i radio u struci, najprije u Grafi\u010dkom, a potom i kao direktor u Leksikografkom zavodu.<\/p>\n\n\n\n<p>Karijeru je gospo\u0111a Zlata odmah nakon diplome zapo\u010dela u jednoj ve\u010dernjoj \u0161koli, potom je godinu dana predavala engleski jezik u \u0161koli u Krapini, a nakon toga i u osnovnoj \u0161koli u Dobojskoj. Tada se u Zagrebu na poticaj prof. dr. Rudolfa Filipovi\u0107a, predstojnika Katedre za anglistiku Filozofskog fakulteta, po\u010delo pripremati osnivanje jezi\u010dne gimnazije s naglaskom na engleski jezik. Profesor Filipovi\u0107 je obilazio mnoge zagreba\u010dke \u0161kole i nazo\u010dio satovima engleskog te u novu gimnaziju doveo vrstan kadar \u2013 me\u0111u izabranima je bila i profesorica Zlata Kip\u010di\u0107. Bila je \u010dak i u odboru za sastavljanje programa budu\u0107e gimnazije, a posljednjih godina prije mirovine radila je na mjestu zamjenice ravnatelja.<\/p>\n\n\n\n<p>Na pitanje kakva je bila kao profesorica, odgovara: &#8220;Uvijek ka\u017eem, tko puno daje mo\u017ee i puno tra\u017eiti. Ja sam voljela rad u \u0161koli i davala sam svoj maksimum. Bila sam zato i stroga, ali pravedna, i nikad nisam poklanjala ocjene. Uvijek sam naglas rekla svaku ocjenu i pitala razred sla\u017ee li se. Znam da sam nekima bila strah i trepet, ali kad me danas sretnu, mnogi ka\u017eu da su me voljeli. Nasmijem se na to, znam da se zahtjevni profesori ba\u0161 i ne vole, ali vjerujem da su iskreni utoliko ukoliko su kasnije u \u017eivotu cijenili sve \u0161to su kod mene nau\u010dili. S u\u010denicima kojima sam bila i razrednica \u2013 a i sat razrednika odr\u017eavala sam im na engleskom &#8211; znala sam se ba\u0161 zbli\u017eiti, toliko da me i danas znaju posjetiti ako prolaze blizu moje ku\u0107e&#8221;, otkriva gospo\u0111a Kip\u010di\u0107 koja je kao vrsna profesorica nakon sedam godina rada dobila i stipendiju za usavr\u0161avanje znanja u Londonu. Bilo je to razdoblje kad su godinu dana ona i suprug \u017eivjeli odvojeno, no oboje su to razumski prihvatili znaju\u0107i da je to prilika koja se ne propu\u0161ta.<\/p>\n\n\n\n<h3 class=\"wp-block-heading\">Lijepi umirovljeni\u010dki dani uz supruga<\/h3>\n\n\n\n<p>U mirovinu je oti\u0161la sa 57 godina, ba\u0161 kada je zapo\u010deo Domovinski rat. Suprug je ve\u0107 bio u penziji, a kako su za radnog vijeka gradili vikendicu u Njivicama na otoku Krku, sada su napokon mogli u njoj istinski u\u017eivati. &#8220;Preslo\u017eili smo \u017eivot i ljeti bi po tri, \u010detiri mjeseca \u017eivjeli na Krku, a s jeseni se vra\u0107ali u Zagreb. Kad smo pak bili u Zagrebu, imali smo veliko dru\u0161tvo od nas osam parova i s njima bi i\u0161li na izlete, osobito planinarske, ili se dru\u017eili kod nekoga doma. Voljeli smo i skijati. Upla\u0107ivali smo si pretplatu za koncerte u Lisinskom, a imali smo i kazali\u0161nu pretplatu. Nastavili smo i putovati, a za \u017eivota smo posjetili mnoge zemlje svijeta: Sjevernu Ameriku, Kinu, Rusiju, Balti\u010dke zemlje, Egipat, Izrael, Libiju, ta tko \u0107e se svega i sjetiti&#8221;, govori mi.<\/p>\n\n\n\n<p>A sje\u0107a se gospo\u0111a Zlata na pragu desetog desetlje\u0107a \u017eivota nevjerojatno detaljno i precizno i va\u017enih godina, i doga\u0111aja, pa i izazovnih situacija od djetinjstva do danas. Sje\u0107a se \u010dak i osje\u0107aja koji ju je obuzeo kad se njezina majka nasmijala nakon \u0161to joj je prepri\u010dala neugodnu situaciju koju je do\u017eivjela u \u0161koli \u2013 u prvom razredu!<\/p>\n\n\n\n<figure class=\"wp-block-image size-large\"><img loading=\"lazy\" decoding=\"async\" width=\"740\" height=\"444\" src=\"https:\/\/www.mojevrijeme.hr\/magazin\/wp-content\/uploads\/2022\/12\/zlata-kipcic-2-740x444.jpg\" alt=\"\" class=\"wp-image-65753\" srcset=\"https:\/\/www.mojevrijeme.hr\/magazin\/wp-content\/uploads\/2022\/12\/zlata-kipcic-2-740x444.jpg 740w, https:\/\/www.mojevrijeme.hr\/magazin\/wp-content\/uploads\/2022\/12\/zlata-kipcic-2-636x382.jpg 636w, https:\/\/www.mojevrijeme.hr\/magazin\/wp-content\/uploads\/2022\/12\/zlata-kipcic-2-768x461.jpg 768w, https:\/\/www.mojevrijeme.hr\/magazin\/wp-content\/uploads\/2022\/12\/zlata-kipcic-2-1536x922.jpg 1536w, https:\/\/www.mojevrijeme.hr\/magazin\/wp-content\/uploads\/2022\/12\/zlata-kipcic-2-1500x900.jpg 1500w, https:\/\/www.mojevrijeme.hr\/magazin\/wp-content\/uploads\/2022\/12\/zlata-kipcic-2-1600x960.jpg 1600w, https:\/\/www.mojevrijeme.hr\/magazin\/wp-content\/uploads\/2022\/12\/zlata-kipcic-2-590x354.jpg 590w, https:\/\/www.mojevrijeme.hr\/magazin\/wp-content\/uploads\/2022\/12\/zlata-kipcic-2-400x240.jpg 400w, https:\/\/www.mojevrijeme.hr\/magazin\/wp-content\/uploads\/2022\/12\/zlata-kipcic-2-1000x600.jpg 1000w, https:\/\/www.mojevrijeme.hr\/magazin\/wp-content\/uploads\/2022\/12\/zlata-kipcic-2-820x492.jpg 820w, https:\/\/www.mojevrijeme.hr\/magazin\/wp-content\/uploads\/2022\/12\/zlata-kipcic-2-1080x648.jpg 1080w, https:\/\/www.mojevrijeme.hr\/magazin\/wp-content\/uploads\/2022\/12\/zlata-kipcic-2.jpg 2000w\" sizes=\"auto, (max-width: 740px) 100vw, 740px\" \/><figcaption class=\"wp-element-caption\">Zlata Kip\u010di\u0107 (foto: Gordana Arh)<\/figcaption><\/figure>\n\n\n\n<p>Potom mi je pokazala na neka od mnogih umjetni\u010dkih djela koji u lijepim okvirima krase zidove dnevnog boravka. &#8220;Ovo je Lackovi\u0107 Croata, ove dvije su Rabuzinove, on nam ih je osobno potpisao na humanitarnoj akciji koja je bila pokrenuta u svrhu borbe protiv raka. Ovdje imam Re\u017eeka, njega smo i osobno poznavali, ba\u0161 kao i Nikolu Reisera koji nam je i poklonio nekoliko njegovih slika. Ovo je Ra\u010dki, pa Ico Polovi\u0107, tamo je Zelinski. Osim \u0161to smo skupljali slike, suprug i ja voljeli smo i\u0107i i na izlo\u017ebe, sada vi\u0161e ne idem jer nemam s kim i to mi nedostaje&#8221;, rekla je gospo\u0111a Zlata.<\/p>\n\n\n\n<h3 class=\"wp-block-heading\">Kad samo\u0107a nije ugodna<\/h3>\n\n\n\n<p>Gospo\u0111a Kip\u010di\u0107 sama je i to joj ne smeta toliko za dugih zimskih ve\u010deri, koliko kad po\u017eeli partnera za odlazak upravo na kakvu lijepu izlo\u017ebu, u kazali\u0161te ili kino. &#8220;Sve su to mjesta na koja ne volim i\u0107i sama, a svi s kojima sam znala i\u0107i nakon suprugove smrti su ili onemo\u0107ali, ili pomrli. Zato iza\u0111em samo do du\u0107ana, i to svaki dan da se prisilim hodati. Ako samo dva dana ne iza\u0111em iz ku\u0107e, ve\u0107 to osjetim, osobito mi je problemati\u010dan kuk koji sam slomila prije dvije i pol godine. Zato se natjeram iza\u0107i, pa makar samo hodala amo-tamo po dvori\u0161tu. Jednom tjedno idem i na plac na Dolac, tamo imam svoje kumice za povr\u0107e, sir i vrhnje, svog mesara\u2026 Idem tramvajem, ve\u0107 dugo ne vozim. Pazim jedino da ne nosim ni\u0161ta te\u0161ko, imam kolica na kota\u010di\u0107e i to mi je izvrsno rje\u0161enje&#8221;, govori i dodaje da neko vrijeme, kad je ostala udovica i sama u stanu, nije imala volje ni kuhati, ali poslije je shvatila da mora nastaviti sa \u017eivotom.<\/p>\n\n\n\n<p>&#8220;Bilo mi je jako te\u0161ko, odjednom sama, s njegovim stvarima gdje god se okrenem. Onda sam odlu\u010dila najprije pokloniti njegovu odje\u0107u, jedino kravate nitko nije htio, ka\u017eu da vi\u0161e nisu u modi. Potom sam si rekla da moram nastaviti \u0161to normalnije \u017eivjeti, jer \u0161to du\u017ee budem psihofizi\u010dki dobro, to kasnije \u0107u morati u stara\u010dki dom. Ne volim tu pomisao, ni supruga unato\u010d te\u0161koj bolesti nisam dala u dom, brinula sam o njemu uz medicinsku sestra. Pa ipak, &nbsp;svojoj sam ne\u0107akinji rekla da je molim da me smjesti u dom \u010dim budem pokazivala prve znakove da vi\u0161e ne mogu sama dalje&#8221;, ka\u017ee mi bez gor\u010dine u glasu.<\/p>\n\n\n\n<p>Samo\u0107u joj, osim \u0161ogorice, ne\u0107aka i ne\u0107akinje koji \u017eive u prizemlju ku\u0107e, povremeno krate i \u0161kolski kolege koji su s njom maturirali prije 70 godina. &#8220;\u010cesto smo se sastajali, dugi niz godina u jednom restoranu u Marti\u0107evoj. A evo, za 70 godina mature smo si priu\u0161tili ve\u010deru u Kaptolskoj kleti, pa zavrijedili smo. \u0160teta jedino \u0161to nas je svake godine manje, ostalo nas je, od nas pedeset i dvoje, samo petero, i mo\u017eda nekolicina koji \u017eive vani i ne dolaze na okupljanja. \u0160alimo se tako kad se na\u0111emo da su ostala dva de\u010dka i tri dame. Ba\u0161 se dogovaramo da se vidimo prije Bo\u017ei\u0107a, veselim se tom susretu&#8221;, govori.<\/p>\n\n\n\n<h3 class=\"wp-block-heading\">Tvrdoglava &#8220;kao magarac&#8221;<\/h3>\n\n\n\n<p>Na pragu devedesete, gospo\u0111a Zlata jo\u0161 uvijek svaki dan \u010dita dnevne novine na koje se pretplatila. Svaku ve\u010der rje\u0161ava kri\u017ealjke, voli pogledati dobre dokumentarce, a kad su u pitanju serije, vrlo je izbirljiva i mo\u017ee je osvojiti samo pokoja krimi \u017eanra. A kako ne bi zaboravila engleski jezik, ve\u0107 godinama paralelno \u010dita dvije knjige. Jednu na hrvatskom, drugu na engleskom jeziku \u2013 potonju \u010dita tek po nekoliko stranica dnevno, ali zato &nbsp;naglas, da vje\u017eba izgovor.<\/p>\n\n\n\n<p>Za Bo\u017ei\u0107, ka\u017ee, ne\u0107e ispe\u0107i osam vrsta kola\u010da kao \u0161to ih je pekla kad je suprug bio \u017eiv, ali \u010detiri vrste je ve\u0107 odabrala. Razne recepte vadi iz neke od brojnih kuharica koje je kroz \u017eivot strastveno skupljala, ba\u0161 kao i rje\u010dnike stranih rije\u010di. &#8220;To su moji <em>hobby horses<\/em>&#8220;, naglasila je.<\/p>\n\n\n\n<p>Za kraj je jo\u0161 jednom ponovila da je u \u017eivotu uvijek nastojala stajati \u010dvrsto na zemlji. &#8220;Ne na dvije, na \u010detiri noge. Jo\u0161 su mi u\u0161i falile, pa da budem <em>kak<\/em> magarac tvrdoglava. Tako sam si i nakon suprugove smrti tvrdoglavo rekla da se moram prizemljiti, nastaviti sa \u017eivotom, tako bi u\u010dinio i suprug da je na mome mjestu. Nisam tolika vjernica da bi me vjera dr\u017eala na \u017eivotu, morala sam zato snagu prona\u0107i u sebi i pro\u017eivjeti starost najbolje \u0161to mogu.&#8221;<\/p>\n\n\n\n<p class=\"has-text-align-center has-text-color\" style=\"color:#666666;font-size:0.8rem\">Ovaj prilog je objavljen u sklopu projekta poticanja novinarske izvrsnosti Agencije za elektroni\u010dke medije.<\/p>\n<div id=\"mojev-398117362\" class=\"mojev-kraj-teksta mojev-entity-placement\" style=\"margin-bottom: 20px;margin-left: auto;margin-right: auto;text-align: center;\"><div class=\"mojev-adlabel\">oglas<\/div><div style=\"height: 250px;\"><script async src=\"https:\/\/pagead2.googlesyndication.com\/pagead\/js\/adsbygoogle.js?client=ca-pub-8106111766207173\"\r\n     crossorigin=\"anonymous\"><\/script>\r\n<!-- Display-1 -->\r\n<ins class=\"adsbygoogle\"\r\n     style=\"display:block\"\r\n     data-ad-client=\"ca-pub-8106111766207173\"\r\n     data-ad-slot=\"1465712950\"\r\n     data-ad-format=\"auto\"\r\n     data-full-width-responsive=\"true\"><\/ins>\r\n<script>\r\n     (adsbygoogle = window.adsbygoogle || []).push({});\r\n<\/script><\/div><\/div>","protected":false},"excerpt":{"rendered":"<p>Znala sam da gospo\u0111a Zlata Kip\u010di\u0107 \u017eivi sama i da ima 89 godina, pa sam se nemalo iznenadila kad sam pozvonila i \u010dula kako se netko hitro spu\u0161ta niz stepenice. Otvorila mi je visoka, vitka gospo\u0111a sasvim uspravnog hoda, dotjerana i blagog izraza lica. Uvela me u svoj zagreba\u010dki stan, svijetao, prostran i prepun uspomena koje je tijekom punih 50 godina stvarala sa suprugom Viktorom. Umjetni\u010dke slike na zidovima, vrijedne knjige i suveniri s putovanja svjedo\u010de o njihovim zajedni\u010dkim interesima, a uzdasi gospo\u0111e Zlate dok mi sve to pokazuje da ni\u0161ta nije isto nakon suprugove smrti. Dugo je o\u010dajavala i tek je, ka\u017ee, s vremenom prona\u0161la smisao u sama\u010dkom \u017eivotu.<\/p>\n","protected":false},"author":15,"featured_media":65751,"comment_status":"closed","ping_status":"closed","sticky":false,"template":"","format":"standard","meta":{"footnotes":""},"categories":[2],"tags":[3312,423],"class_list":["post-65727","post","type-post","status-publish","format-standard","has-post-thumbnail","hentry","category-mozaik","tag-udovistvo","tag-usamljenost"],"_links":{"self":[{"href":"https:\/\/www.mojevrijeme.hr\/magazin\/wp-json\/wp\/v2\/posts\/65727","targetHints":{"allow":["GET"]}}],"collection":[{"href":"https:\/\/www.mojevrijeme.hr\/magazin\/wp-json\/wp\/v2\/posts"}],"about":[{"href":"https:\/\/www.mojevrijeme.hr\/magazin\/wp-json\/wp\/v2\/types\/post"}],"author":[{"embeddable":true,"href":"https:\/\/www.mojevrijeme.hr\/magazin\/wp-json\/wp\/v2\/users\/15"}],"replies":[{"embeddable":true,"href":"https:\/\/www.mojevrijeme.hr\/magazin\/wp-json\/wp\/v2\/comments?post=65727"}],"version-history":[{"count":0,"href":"https:\/\/www.mojevrijeme.hr\/magazin\/wp-json\/wp\/v2\/posts\/65727\/revisions"}],"wp:featuredmedia":[{"embeddable":true,"href":"https:\/\/www.mojevrijeme.hr\/magazin\/wp-json\/wp\/v2\/media\/65751"}],"wp:attachment":[{"href":"https:\/\/www.mojevrijeme.hr\/magazin\/wp-json\/wp\/v2\/media?parent=65727"}],"wp:term":[{"taxonomy":"category","embeddable":true,"href":"https:\/\/www.mojevrijeme.hr\/magazin\/wp-json\/wp\/v2\/categories?post=65727"},{"taxonomy":"post_tag","embeddable":true,"href":"https:\/\/www.mojevrijeme.hr\/magazin\/wp-json\/wp\/v2\/tags?post=65727"}],"curies":[{"name":"wp","href":"https:\/\/api.w.org\/{rel}","templated":true}]}}