{"id":65959,"date":"2022-12-13T12:19:13","date_gmt":"2022-12-13T11:19:13","guid":{"rendered":"https:\/\/www.mojevrijeme.hr\/magazin\/?p=65959"},"modified":"2022-12-13T12:19:41","modified_gmt":"2022-12-13T11:19:41","slug":"tomasevic-otvorio-radove-na-izgradnji-gradskog-vocnjaka-u-podbrezju","status":"publish","type":"post","link":"https:\/\/www.mojevrijeme.hr\/magazin\/2022\/12\/tomasevic-otvorio-radove-na-izgradnji-gradskog-vocnjaka-u-podbrezju\/","title":{"rendered":"Toma\u0161evi\u0107 otvorio radove na izgradnji gradskog vo\u0107njaka u Podbre\u017eju"},"content":{"rendered":"\n<p>Zagreba\u010dki gradona\u010delnik <strong>Tomislav Toma\u0161evi\u0107<\/strong> otvorio je radove na izgradnji prvog zajedni\u010dkog urbanog vo\u0107njaka u Zagrebu u Podbre\u017eju.<\/p>\n\n\n\n<p>&#8220;Za\u0161to ne bismo imali vo\u0107njak u gradu? Danas \u0107emo zasaditi 19 jabuka, kasnije \u0107e biti ne\u0161to kru\u0161ki, aronija i ribizla, razli\u010ditih grmova i vo\u0107aka. To \u0107e dati bolju kvalitetu \u017eivota kvartu, zelenije povr\u0161ine. Za\u0161to tu u kona\u010dnici ne bi bile vo\u0107ke koje se mogu konzumirati i koje bilo tko mo\u017ee ubrati, kad one budu zrele?&#8221; kazao je.<\/p>\n\n\n\n<p>&#8220;S tim pilot-projektom krenuli smo u Podbre\u017eju, a planiramo ga pro\u0161iriti na druge kvartove. To rade i druge europske metropole. \u017delimo dobre prakse koje vidimo kod njih prenijeti u Zagreb. To je dobro i za biolo\u0161ku raznolikost. Postavit \u0107emo i multifunkcionalni travnjak za igru i rekreaciju, klupe i drugu urbanu opremu. Nadam se da \u0107e se vi\u0161e ljudi dru\u017eiti na ovom prostoru, nego \u0161to je to bio slu\u010daj do sada&#8221;, zaklju\u010dio je Toma\u0161evi\u0107.<\/p><div id=\"mojev-52343184\" class=\"mojev-u-tekstu mojev-entity-placement\" style=\"margin-left: auto;margin-right: auto;text-align: center;\"><div class=\"mojev-adlabel\">oglas<\/div><div style=\"height: 250px;\"><script async src=\"https:\/\/pagead2.googlesyndication.com\/pagead\/js\/adsbygoogle.js?client=ca-pub-8106111766207173\"\r\n     crossorigin=\"anonymous\"><\/script>\r\n<!-- Prikazni 1 u tekstu -->\r\n<ins class=\"adsbygoogle\"\r\n     style=\"display:block\"\r\n     data-ad-client=\"ca-pub-8106111766207173\"\r\n     data-ad-slot=\"8535551207\"\r\n     data-ad-format=\"auto\"\r\n     data-full-width-responsive=\"true\"><\/ins>\r\n<script>\r\n     (adsbygoogle = window.adsbygoogle || []).push({});\r\n<\/script><\/div><\/div><br style=\"clear: both; display: block; float: none;\"\/>\n<div id=\"mojev-3257549411\" class=\"mojev-kraj-teksta mojev-entity-placement\" style=\"margin-bottom: 20px;margin-left: auto;margin-right: auto;text-align: center;\"><div class=\"mojev-adlabel\">oglas<\/div><div style=\"height: 250px;\"><script async src=\"https:\/\/pagead2.googlesyndication.com\/pagead\/js\/adsbygoogle.js?client=ca-pub-8106111766207173\"\r\n     crossorigin=\"anonymous\"><\/script>\r\n<!-- Display-1 -->\r\n<ins class=\"adsbygoogle\"\r\n     style=\"display:block\"\r\n     data-ad-client=\"ca-pub-8106111766207173\"\r\n     data-ad-slot=\"1465712950\"\r\n     data-ad-format=\"auto\"\r\n     data-full-width-responsive=\"true\"><\/ins>\r\n<script>\r\n     (adsbygoogle = window.adsbygoogle || []).push({});\r\n<\/script><\/div><\/div>","protected":false},"excerpt":{"rendered":"<p>Postavit \u0107emo i multifunkcionalni travnjak za igru i rekreaciju, klupe i drugu urbanu opremu, kazao je gradona\u010delnik.<\/p>\n","protected":false},"author":1,"featured_media":65960,"comment_status":"closed","ping_status":"closed","sticky":false,"template":"","format":"standard","meta":{"footnotes":""},"categories":[9],"tags":[2670,3336,39],"class_list":["post-65959","post","type-post","status-publish","format-standard","has-post-thumbnail","hentry","category-vijesti","tag-tomislav-tomasevic","tag-urbani-vocnjaci","tag-zagreb"],"_links":{"self":[{"href":"https:\/\/www.mojevrijeme.hr\/magazin\/wp-json\/wp\/v2\/posts\/65959","targetHints":{"allow":["GET"]}}],"collection":[{"href":"https:\/\/www.mojevrijeme.hr\/magazin\/wp-json\/wp\/v2\/posts"}],"about":[{"href":"https:\/\/www.mojevrijeme.hr\/magazin\/wp-json\/wp\/v2\/types\/post"}],"author":[{"embeddable":true,"href":"https:\/\/www.mojevrijeme.hr\/magazin\/wp-json\/wp\/v2\/users\/1"}],"replies":[{"embeddable":true,"href":"https:\/\/www.mojevrijeme.hr\/magazin\/wp-json\/wp\/v2\/comments?post=65959"}],"version-history":[{"count":0,"href":"https:\/\/www.mojevrijeme.hr\/magazin\/wp-json\/wp\/v2\/posts\/65959\/revisions"}],"wp:featuredmedia":[{"embeddable":true,"href":"https:\/\/www.mojevrijeme.hr\/magazin\/wp-json\/wp\/v2\/media\/65960"}],"wp:attachment":[{"href":"https:\/\/www.mojevrijeme.hr\/magazin\/wp-json\/wp\/v2\/media?parent=65959"}],"wp:term":[{"taxonomy":"category","embeddable":true,"href":"https:\/\/www.mojevrijeme.hr\/magazin\/wp-json\/wp\/v2\/categories?post=65959"},{"taxonomy":"post_tag","embeddable":true,"href":"https:\/\/www.mojevrijeme.hr\/magazin\/wp-json\/wp\/v2\/tags?post=65959"}],"curies":[{"name":"wp","href":"https:\/\/api.w.org\/{rel}","templated":true}]}}