{"id":65975,"date":"2022-12-14T10:00:33","date_gmt":"2022-12-14T09:00:33","guid":{"rendered":"https:\/\/www.mojevrijeme.hr\/magazin\/?p=65975"},"modified":"2022-12-14T10:21:18","modified_gmt":"2022-12-14T09:21:18","slug":"drzavotvorni-sport-i-bozic-koji-nije-dosao-zasto-hrvati-luduju-za-nogometom","status":"publish","type":"post","link":"https:\/\/www.mojevrijeme.hr\/magazin\/2022\/12\/drzavotvorni-sport-i-bozic-koji-nije-dosao-zasto-hrvati-luduju-za-nogometom\/","title":{"rendered":"Dr\u017eavotvorni sport i &#8216;Bo\u017ei\u0107 koji nije do\u0161ao&#8217;: Za\u0161to Hrvati luduju za nogometom?"},"content":{"rendered":"\n<p>Nakon pobjede nad Brazilom u \u010detvrtfinalu Mundijala sve se \u010dinilo mogu\u0107im; i novi nogometni stadion u Zagrebu, i poraz Argentine, i zlato koje \u0107e Vatreni donijeti iz apsolutne monarhije o kojoj hrvatski gra\u0111ani ni danas ne znaju previ\u0161e, pi\u0161e u analizi sino\u0107njeg nogometnog poraza <a href=\"https:\/\/www.dw.com\/hr\/%C5%A1to-je-hrvatima-nogomet\/a-64085614\" target=\"_blank\" rel=\"noreferrer noopener\">Deutsche Welle<\/a>.<\/p>\n\n\n\n<p>I vi\u0161e nikoga nije brinulo \u0161to je \u0161kolama dano na volju prekidati nastavu kako bi u\u010denici mogli pratiti utakmice, a vijest da su pojedini trgova\u010dki lanci ju\u010der skratili radno vrijeme da bi njihovi radnici do 20 sati bili pred televizorima \u2013 do\u010dekana je kao posve normalna stvar.<\/p>\n\n\n\n<p>Barem \u0161to se glavnog grada ti\u010de, dan je bio sve\u010dan. Kao dan uo\u010di Bo\u017ei\u0107a, samo \u0161to Bo\u017ei\u0107 nije do\u0161ao. Mo\u017eda je dio tog ugo\u0111aja \u010dinilo i neobi\u010dno godi\u0161nje doba za odvijanje Svjetskog prvenstva u nogometu i posljedi\u010dni izostanak pra\u0107enja utakmica na terasama kvartovskih kafi\u0107a.<\/p><div id=\"mojev-1299684819\" class=\"mojev-u-tekstu mojev-entity-placement\" style=\"margin-left: auto;margin-right: auto;text-align: center;\"><div class=\"mojev-adlabel\">oglas<\/div><div style=\"height: 250px;\"><script async src=\"https:\/\/pagead2.googlesyndication.com\/pagead\/js\/adsbygoogle.js?client=ca-pub-8106111766207173\"\r\n     crossorigin=\"anonymous\"><\/script>\r\n<!-- Prikazni 1 u tekstu -->\r\n<ins class=\"adsbygoogle\"\r\n     style=\"display:block\"\r\n     data-ad-client=\"ca-pub-8106111766207173\"\r\n     data-ad-slot=\"8535551207\"\r\n     data-ad-format=\"auto\"\r\n     data-full-width-responsive=\"true\"><\/ins>\r\n<script>\r\n     (adsbygoogle = window.adsbygoogle || []).push({});\r\n<\/script><\/div><\/div><br style=\"clear: both; display: block; float: none;\"\/>\n\n\n\n<p>Navija\u010di su uglavnom utakmice pratili u svojim domovima ili, u najboljem slu\u010daju, na gradskim trgovima. A onda su, usprkos porazu, iza\u0161li na ulice s bakljama kako bi pokazali da se ne odri\u010du svojih idola, \u010dak ni kad gube. I bronca sjaji, poru\u010dili su utu\u010deni sportski novinari i komentatori televizijskih emisija, najavljuju\u0107i subotnju borbu za tre\u0107e mjesto me\u0111u najboljim mom\u010dadima svijeta.<\/p>\n\n\n\n<h3 class=\"wp-block-heading\">Nogometni nacionalizmi\u2026<\/h3>\n\n\n\n<p>Nogomet je u Hrvatskoj velika stvar, neodvojiva od politike i nacije i to jo\u0161 iz vremena Jugoslavije. Nogometna dr\u017eava je projekt prvog hrvatskog predsjednika Franje Tu\u0111mana koji je kroz klupsku i reprezentativnu scenu bildao nacionalni identitet, ali i brend dr\u017eave u svijetu. U tim prvim godinama, ka\u017eu neki svjedoci, mom\u010dadi su se slagale u salonu Tu\u0111manove vile na Pantov\u010daku, a nogomet je bio izlaz u svijet koji je tek upoznavao samostalnu Hrvatsku. Upravo u tome vidi se klica nogometnog uspjeha dr\u017eave koja ima manje od 4 milijuna stanovnika. U tome, ali i \u010dudesno funkcionalnom probiru i odgoju mladih talenata unutar sustava slo\u017eenog oko zagreba\u010dkog Dinama.<\/p>\n\n\n\n<p>I danas su nogomet i nacionalizmi neraskidivo vezani na podru\u010dju biv\u0161e Jugoslavije. Potvrdilo se to i u slu\u010daju provokativnog vratara kanadske reprezentacije Milana Borjana sklonog parolama o takozvanoj Srpskoj Krajini s jedne strane i hrvatskih navija\u010da naoru\u017eanih neukusnim traktor-transparentima s druge strane. Vidjelo se to i u brojnim sukobima koji su izbijali na dru\u0161tvenim mre\u017eama. \u201eHrvati su sjajni, ali ne mogu da im \u010destitam\u201c, \u010desto su ispisivali komentatori iz Srbije. S druge strane, neki visokotira\u017eni hrvatski mediji posegnuli su za tra\u017eenjem \u201eneprijatelja hrvatske sre\u0107e&#8221; pa su opsesivno mjerili koliko su srpski, ali i bo\u0161nja\u010dki, novinari i sportski komentatori kroz televizijske programe prizivali poraz hrvatske vrste.<\/p>\n\n\n\n<h3 class=\"wp-block-heading\">\u2026 ali i dobrosusjedsko sportsko po\u0161tenje!<\/h3>\n\n\n\n<p>No bilo bi pogre\u0161no i \u0161tetno ne spomenuti i brojne iskrene komentare podr\u0161ke hrvatskoj reprezentaciji koji su do\u0161li, \u0161to putem dru\u0161tvenih mre\u017ea, \u0161to putem klasi\u010dnih medija iz Srbije i Bosne i Hercegovine. Usprkos pogor\u0161anim odnosima Hrvatske s tim susjednim dr\u017eavama, poruka \u201eSre\u0107no, kom\u0161ije!\u201c nije bila rijetkost pod najavama sino\u0107nje utakmice. Dapa\u010de, \u010dini se da je ta svjesnost kako ljudi u \u201eregiji\u201c imaju puno vi\u0161e zajedni\u010dkog, nego razli\u010ditog, bila nagla\u0161enija nego u vrijeme prija\u0161njih svjetskih i europskih prvenstava.<\/p>\n\n\n\n<figure class=\"wp-block-image size-large\"><img loading=\"lazy\" decoding=\"async\" width=\"740\" height=\"416\" src=\"https:\/\/www.mojevrijeme.hr\/magazin\/wp-content\/uploads\/2022\/12\/luka-modric-740x416.jpg\" alt=\"Hrvatska Brazil utakmica Katar\" class=\"wp-image-65862\" srcset=\"https:\/\/www.mojevrijeme.hr\/magazin\/wp-content\/uploads\/2022\/12\/luka-modric-740x416.jpg 740w, https:\/\/www.mojevrijeme.hr\/magazin\/wp-content\/uploads\/2022\/12\/luka-modric-636x358.jpg 636w, https:\/\/www.mojevrijeme.hr\/magazin\/wp-content\/uploads\/2022\/12\/luka-modric-768x432.jpg 768w, https:\/\/www.mojevrijeme.hr\/magazin\/wp-content\/uploads\/2022\/12\/luka-modric-1536x864.jpg 1536w, https:\/\/www.mojevrijeme.hr\/magazin\/wp-content\/uploads\/2022\/12\/luka-modric-2048x1152.jpg 2048w, https:\/\/www.mojevrijeme.hr\/magazin\/wp-content\/uploads\/2022\/12\/luka-modric-1080x608.jpg 1080w\" sizes=\"auto, (max-width: 740px) 100vw, 740px\" \/><figcaption class=\"wp-element-caption\">Luka Modri\u0107 (screenshot: Youtube)<\/figcaption><\/figure>\n\n\n\n<h3 class=\"wp-block-heading\">Prognanik i ribarev sin<\/h3>\n\n\n\n<p>Iako \u0107e ratna pro\u0161lost te\u0161ko potonuti u zaborav, Hrvati su skloni zaboravljati grijehe svojih sportskih idola, ba\u0161 kao \u0161to su i neki od njih zaboravni na su\u0111enjima za kriminal i korupciju u nogometu. Me\u0111u bezbrojnim panegiricima ispisanih u slavu Luke Modri\u0107a nemogu\u0107e je prona\u0107i podsje\u0107anje na njegovo svjedo\u010denje tijekom su\u0111enja gazdi hrvatskog nogometa Zdravku Mami\u0107u i pripadnicima njegova klana.<\/p>\n\n\n\n<p>Dakako, ljubav prema Modri\u0107u puno je kompleksnija od samih sportskih rezultata i njegove selektivne amnezije. Ta pri\u010da o dje\u010daku koji je kao \u017ertva rata i prognanik s obrova\u010dkog kr\u0161a do\u0161ao do nogometnog Olimpa, va\u017ena je Hrvatima, jer to je to\u010dka u kojoj se jo\u0161 jednom isprepli\u0107u sport i domoljublje. A proteklih dana mogle su ju zasjeniti samo pri\u010de o drugom reprezentativcu &#8211; Jo\u0161ku Gvardiolu. On je pak novoste\u010denu medijsku slavu podijelio s ocem, prodava\u010dem ribe na zagreba\u010dkoj tr\u017enici Dolac, pred \u010dijim su \u0161tandom danima de\u017eurali novinari. Pri\u010da o uspje\u0161nom sinu skromnog prodava\u010da ribe u samo nekoliko dana obi\u0161la je svijet.<\/p>\n\n\n\n<p>Upravo su ta skromnost i po\u017ertvovnost kvalitete koje izbornik Zlatko Dali\u0107 uspje\u0161no promovira kao temeljne vrijednosti hrvatske reprezentacije \u010dije je uspjehe u Kataru posvetio braniteljima. Osim \u0161to je tako jo\u0161 jednom potvrdio nogometnu dr\u017eavotvornost, ovaj izbornik koji neskriveno zastupa konzervativne i katoli\u010dke vrijednosti, izazvao je puno pitanja iz suprotnog svjetonazorskog tabora. Za\u0161to samo braniteljima? Za\u0161to ne neprivilegiranima, izbjeglicama, homoseksualcima koji tako\u0111er bodre reprezentaciju? Za\u0161to ne siroma\u0161nima i umirovljenicima? Ili zlostavljanim \u017eenama?<\/p>\n\n\n\n<h2 class=\"wp-block-heading\">Nogometni gigant bez pravog stadiona<\/h2>\n\n\n\n<p>I tko bi, zapravo, trebao platiti novi nacionalni stadion u Zagrebu? Za\u0161to ne Hrvatski nogometni savez i sami reprezentativci koji \u0107e na Mundijalu dobiti astronomske nov\u010dane nagrade? Pitanja su to onih gra\u0111ana koji strahuju da bi se prijeko potreban stadion mogao pla\u0107ati novcem svih onih kojima izbornik Dali\u0107 ne\u0107e posvetiti niti jedan uspjeh hrvatske reprezentacije.<\/p>\n\n\n\n<p>Premijer Andrej Plenkovi\u0107 (HDZ) ka\u017ee da \u0107e se tro\u0161ak izgradnje podijeliti izme\u0111u dr\u017eave, Grada Zagreba, Dinama, sponzora, UEFA-e i FIFA-e. \u201cNa taj na\u010din podi\u0107i \u0107emo i sportsku infrastrukturu koja se odnosi na nogomet na razinu koja je primjerenija.\u201d Objasnio je tako prije nekoliko dana uz navod da strani dr\u017eavnici u Hrvatskoj vide nogometnog giganta, usprkos \u010dinjenici da je centralno mjesto hrvatskog nogometa derutna maksimirska arena na kraju grada koja je trebala biti rashodovana prije nekoliko desetlje\u0107a.<\/p>\n\n\n\n<p>Dodu\u0161e, i 2018. godine, nakon reprezentativnih nastupa u Rusiji, premijer je obe\u0107ao novi stadion. \u201eKad ako ne sad?\u201c zapitao se navode\u0107i da \u0107e \u201eZdravko (Mari\u0107, tada\u0161nji ministar financija) na\u0107i novac\u201c. No vi\u0161e od \u010detiri godine kasnije &#8211; nema ni Zdravka, ni stadiona, zaklju\u010duje u analizi Sini\u0161a Bogdani\u0107, novinar <a rel=\"noreferrer noopener\" href=\"https:\/\/www.dw.com\/hr\/%C5%A1to-je-hrvatima-nogomet\/a-64085614\" target=\"_blank\">Deutsche Wellea<\/a> u tekstu naslovljenom &#8220;\u0160to je Hrvatima nogomet?&#8221;<\/p>\n<div id=\"mojev-4014505647\" class=\"mojev-kraj-teksta mojev-entity-placement\" style=\"margin-bottom: 20px;margin-left: auto;margin-right: auto;text-align: center;\"><div class=\"mojev-adlabel\">oglas<\/div><div style=\"height: 250px;\"><script async src=\"https:\/\/pagead2.googlesyndication.com\/pagead\/js\/adsbygoogle.js?client=ca-pub-8106111766207173\"\r\n     crossorigin=\"anonymous\"><\/script>\r\n<!-- Display-1 -->\r\n<ins class=\"adsbygoogle\"\r\n     style=\"display:block\"\r\n     data-ad-client=\"ca-pub-8106111766207173\"\r\n     data-ad-slot=\"1465712950\"\r\n     data-ad-format=\"auto\"\r\n     data-full-width-responsive=\"true\"><\/ins>\r\n<script>\r\n     (adsbygoogle = window.adsbygoogle || []).push({});\r\n<\/script><\/div><\/div>","protected":false},"excerpt":{"rendered":"<p>Sino\u0107 je splasnula euforija koja je nekoliko tjedana vladala Hrvatskom. Reprezentacija \u0107e se, u najboljem slu\u010daju, vratiti s broncom. No i to je veliki uspjeh male dr\u017eave, mantra je koja se ponavlja i ovoga jutra.<\/p>\n","protected":false},"author":1,"featured_media":65938,"comment_status":"closed","ping_status":"closed","sticky":false,"template":"","format":"standard","meta":{"footnotes":""},"categories":[2],"tags":[1322,1296],"class_list":["post-65975","post","type-post","status-publish","format-standard","has-post-thumbnail","hentry","category-mozaik","tag-luka-modric","tag-nogomet"],"_links":{"self":[{"href":"https:\/\/www.mojevrijeme.hr\/magazin\/wp-json\/wp\/v2\/posts\/65975","targetHints":{"allow":["GET"]}}],"collection":[{"href":"https:\/\/www.mojevrijeme.hr\/magazin\/wp-json\/wp\/v2\/posts"}],"about":[{"href":"https:\/\/www.mojevrijeme.hr\/magazin\/wp-json\/wp\/v2\/types\/post"}],"author":[{"embeddable":true,"href":"https:\/\/www.mojevrijeme.hr\/magazin\/wp-json\/wp\/v2\/users\/1"}],"replies":[{"embeddable":true,"href":"https:\/\/www.mojevrijeme.hr\/magazin\/wp-json\/wp\/v2\/comments?post=65975"}],"version-history":[{"count":0,"href":"https:\/\/www.mojevrijeme.hr\/magazin\/wp-json\/wp\/v2\/posts\/65975\/revisions"}],"wp:featuredmedia":[{"embeddable":true,"href":"https:\/\/www.mojevrijeme.hr\/magazin\/wp-json\/wp\/v2\/media\/65938"}],"wp:attachment":[{"href":"https:\/\/www.mojevrijeme.hr\/magazin\/wp-json\/wp\/v2\/media?parent=65975"}],"wp:term":[{"taxonomy":"category","embeddable":true,"href":"https:\/\/www.mojevrijeme.hr\/magazin\/wp-json\/wp\/v2\/categories?post=65975"},{"taxonomy":"post_tag","embeddable":true,"href":"https:\/\/www.mojevrijeme.hr\/magazin\/wp-json\/wp\/v2\/tags?post=65975"}],"curies":[{"name":"wp","href":"https:\/\/api.w.org\/{rel}","templated":true}]}}