{"id":66131,"date":"2022-12-21T09:08:59","date_gmt":"2022-12-21T08:08:59","guid":{"rendered":"https:\/\/www.mojevrijeme.hr\/magazin\/?p=66131"},"modified":"2022-12-21T09:19:29","modified_gmt":"2022-12-21T08:19:29","slug":"https-www-glas-koncila-hr-nasi-razgovori-kako-se-trebaju-odjenuti-citacice-i-citaci-na-misnom-slavlju","status":"publish","type":"post","link":"https:\/\/www.mojevrijeme.hr\/magazin\/2022\/12\/https-www-glas-koncila-hr-nasi-razgovori-kako-se-trebaju-odjenuti-citacice-i-citaci-na-misnom-slavlju\/","title":{"rendered":"\u0160okirana vjernica: \u017dene na misi \u010ditaju u tajicama. Mu\u0161karce navode na bludne misli! To je sablazan!"},"content":{"rendered":"\n<p>\u0160to je primjereno odjenuti u crkvu, a \u0161to nije? Pitanje je to koje vjernici \u010desto postavljaju katoli\u010dkom listu Glas Koncila. No jedna je \u010ditateljica oti\u0161la korak dalje pa je za, navodno, neprimjereno odijevanje optu\u017eila feminizam, a kao \u017ertve toga ozna\u010dila je &#8211; mu\u0161karce. U nastavku pro\u010ditajte njeno pismo, ali i odgovor <a href=\"https:\/\/www.glas-koncila.hr\/nasi-razgovori-kako-se-trebaju-odjenuti-citacice-i-citaci-na-misnom-slavlju\/\" target=\"_blank\" rel=\"noreferrer noopener\">Glasa Koncila<\/a>. <\/p>\n\n\n\n<p>&#8220;Pi\u0161em nakon dugoga promi\u0161ljanja jer je ovo goru\u0107e pitanje unutar mise, zbog dostojanstva liturgije. Kako je danas moderno promicati prava \u017eena, feminizam je uzeo maha, tako je i Crkva promijenila svoj odnos prema \u017eenama. Tu ima pozitivnih i negativnih strana. Vezano uz znakove vremena oko nas, upozorila bih da ve\u0107 nekoliko godina u svojoj \u017eupi, ali i dalje, \u010dak po otocima, primje\u0107ujem praksu koja se ugnijezdila, a to je da \u017eene izlaze za ambon i \u010ditaju Bo\u017eju rije\u010d neprikladno odjevene te \u0161ire sablazan u \u017eupi i me\u0111u \u017eupljanima&#8221;, navodi zabrinuta \u010ditateljica. <\/p>\n\n\n\n<p>&#8220;U pitanju su tajice, uske, pripijene hla\u010de, ili \u010dak uske ko\u017ene hla\u010de, kratke suknje, uske majice \u2013 \u010dak s natpisima, \u0161portske tenisice. Sve to mo\u017ee se svakomu dogoditi \u2013 lo\u0161 ti je dan i ba\u0161 te prozovu da \u010dita\u0161, a nisi prikladno odjeven. Me\u0111utim, ovo se ponavlja iz dana u dan, iz tjedna u tjedan. Jo\u0161 je vi\u0161e sabla\u017enjivo to da \u010dasne sestre zovu ba\u0161 te osobe da \u010ditaju! Redovito su one vrhunski \u010dita\u010di, tu nema zamjerke (no vrlo \u010desto bez dubine i pro\u017eivljenosti teksta), ali je li to dovoljno? Ljudi nakon takva \u010ditanja Bo\u017eje rije\u010di izlaze ljuti i sabla\u017enjeni. Uop\u0107e se ne komentira \u0161to je re\u010deno u evan\u0111elju, poslanici i sl., nego kako je \u017eena za ambonom nekulturno odjevena i kako ju nije sram stajati takva pred mladim sve\u0107enicima. Nedavno mi se po\u017ealio mladi otac \u010detvero djece, koji svakodnevno ide na misu, da se ne mo\u017ee osloboditi bludnih misli, da redovito ide na ispovijed, ali je u ropstvu. Drugi se mu\u0161karac odao psihi\u010dkomu napastovanju \u017eena, \u010deka ih poslije mise i udvara im se nepristojno. Takvo se \u0161to prije nije u tolikoj mjeri doga\u0111alo! A da ne govorimo o skandalima koji potresaju Crkvu! Trebalo bi u\u010diniti ne\u0161to s tim stvarima.&#8221;<\/p><div id=\"mojev-3066526026\" class=\"mojev-u-tekstu mojev-entity-placement\" style=\"margin-left: auto;margin-right: auto;text-align: center;\"><div class=\"mojev-adlabel\">oglas<\/div><div style=\"height: 250px;\"><script async src=\"https:\/\/pagead2.googlesyndication.com\/pagead\/js\/adsbygoogle.js?client=ca-pub-8106111766207173\"\r\n     crossorigin=\"anonymous\"><\/script>\r\n<!-- Prikazni 1 u tekstu -->\r\n<ins class=\"adsbygoogle\"\r\n     style=\"display:block\"\r\n     data-ad-client=\"ca-pub-8106111766207173\"\r\n     data-ad-slot=\"8535551207\"\r\n     data-ad-format=\"auto\"\r\n     data-full-width-responsive=\"true\"><\/ins>\r\n<script>\r\n     (adsbygoogle = window.adsbygoogle || []).push({});\r\n<\/script><\/div><\/div><br style=\"clear: both; display: block; float: none;\"\/>\n\n\n\n<p>&#8220;U Me\u0111ugorju je za\u017eivjela lijepa praksa da svi \u010dita\u010di imaju bijele duge haljine. To izgleda prikladno i primjereno svetomu prostoru. Ne zaboravimo da se radi na neki na\u010din o &#8216;sveti\u0161tu nad sveti\u0161tima&#8217;, o proslavi muke, smrti i uskrsnu\u0107a na\u0161ega Gospodina. Dok on za nas na misi umire mu\u010den i odba\u010den, mi imamo &#8216;cirkus za ambonom&#8217;. Svakako bi trebalo uklju\u010diti u grupe koje podu\u010davaju \u010dita\u010de i ozbiljnu poduku o odijevanju, i sve\u0107enik bi trebao biti taj koji bi osobu trebao udaljiti i blago upozoriti ako \u017eeli \u010ditati u takvu stanju. A stoji pitanje i za\u0161to nema vrlih mu\u017eeva, laika koji \u0107e nam sna\u017eno navijestiti Rije\u010d? Ako se znamo odijevati u kazali\u0161tu, na sudu i u sli\u010dnim prostorima, bio bi red znati to u\u010diniti u najva\u017enijem prostoru na\u0161ega \u017eivota \u2013 crkvi&#8221;, zaklju\u010duje \u010ditateljica. <\/p>\n\n\n\n<p>&#8220;\u010cini nam se da odgovor mo\u017eemo prona\u0107i u posljednjoj re\u010denici Va\u0161ega pitanja, koja zapravo govori o prikladnosti \u2013 kako odijevanja, tako i pona\u0161anja&#8221;, odgovara Glas Koncila pa nastavlja: &#8220;Mons. dr. Ivan \u0160a\u0161ko isti\u010de da \u010dita\u010d &#8216;nosi odgovornost koja zahtijeva ne samo svijest crkvenosti slu\u017ebe, nego i doli\u010dnu pripravu za slu\u017ebu \u010ditanja&#8217;, ali tako\u0111er upozorava da u svakodnevnoj praksi ima i pogrje\u0161nih pristupa: Koliko je samo \u010dita\u010da koji su \u2018na\u0111eni u zadnji \u010das\u2019, ili onih odre\u0111enih, jer nitko drugi ne \u017eeli \u010ditati, jer je to posao za \u2018mla\u0111e\u2019, jer je to \u2018preblizu oltaru\u2019, jer je to vezano uz vjeronauk djece, kao da je sudjelovanje u liturgiji svedeno zaista na promatranje, a ne na \u2018su-djelovanje\u2019. Tom opomenom mons. \u0160a\u0161ko zapravo govori svima nama \u2013 svakomu vjerniku. \u0160to smo mi u\u010dinili, \u0161to smo poduzeli, jesmo li se sami potrudili ili smo ostali samo &#8216;promatra\u010di&#8217; onoga \u0161to se doga\u0111a u crkvi i s \u010dita\u010dicama i \u010dita\u010dima i jesmo li se i mi priklju\u010dili &#8216;raznim \u0161kolama, te\u010dajevima \u010ditanja liturgijskih skupina koje pripravljaju liturgiju&#8217;? I dok nabraja vi\u0161e smjerova za pripravu \u010dita\u010da, mons. \u0160a\u0161ko kao peti navodi: Uza sve ovo va\u017ean je ponekad i vanjski izgled, ve\u0107 prema prilikama slavljenja; ne treba biti strogo uokviren u propise, ve\u0107 izgra\u0111en tako da \u010ditava osoba \u010dita\u010da progovara Rije\u010d, odje\u0107om, pokretima, glasom\u2026 To njegovo razmi\u0161ljanje mo\u017ee &#8216;uokviriti&#8217; uzre\u010dica: Pametnomu dosta!&#8221;<\/p>\n<div id=\"mojev-2104155389\" class=\"mojev-kraj-teksta mojev-entity-placement\" style=\"margin-bottom: 20px;margin-left: auto;margin-right: auto;text-align: center;\"><div class=\"mojev-adlabel\">oglas<\/div><div style=\"height: 250px;\"><script async src=\"https:\/\/pagead2.googlesyndication.com\/pagead\/js\/adsbygoogle.js?client=ca-pub-8106111766207173\"\r\n     crossorigin=\"anonymous\"><\/script>\r\n<!-- Display-1 -->\r\n<ins class=\"adsbygoogle\"\r\n     style=\"display:block\"\r\n     data-ad-client=\"ca-pub-8106111766207173\"\r\n     data-ad-slot=\"1465712950\"\r\n     data-ad-format=\"auto\"\r\n     data-full-width-responsive=\"true\"><\/ins>\r\n<script>\r\n     (adsbygoogle = window.adsbygoogle || []).push({});\r\n<\/script><\/div><\/div>","protected":false},"excerpt":{"rendered":"<p>U Me\u0111ugorju je za\u017eivjela lijepa praksa da svi \u010dita\u010di imaju bijele duge haljine. To izgleda prikladno i primjereno svetomu prostoru, predla\u017ee \u010ditateljica.<\/p>\n","protected":false},"author":1,"featured_media":66133,"comment_status":"closed","ping_status":"closed","sticky":false,"template":"","format":"standard","meta":{"footnotes":""},"categories":[2],"tags":[1070,374,713],"class_list":["post-66131","post","type-post","status-publish","format-standard","has-post-thumbnail","hentry","category-mozaik","tag-katolici","tag-odjeca","tag-vjera"],"_links":{"self":[{"href":"https:\/\/www.mojevrijeme.hr\/magazin\/wp-json\/wp\/v2\/posts\/66131","targetHints":{"allow":["GET"]}}],"collection":[{"href":"https:\/\/www.mojevrijeme.hr\/magazin\/wp-json\/wp\/v2\/posts"}],"about":[{"href":"https:\/\/www.mojevrijeme.hr\/magazin\/wp-json\/wp\/v2\/types\/post"}],"author":[{"embeddable":true,"href":"https:\/\/www.mojevrijeme.hr\/magazin\/wp-json\/wp\/v2\/users\/1"}],"replies":[{"embeddable":true,"href":"https:\/\/www.mojevrijeme.hr\/magazin\/wp-json\/wp\/v2\/comments?post=66131"}],"version-history":[{"count":0,"href":"https:\/\/www.mojevrijeme.hr\/magazin\/wp-json\/wp\/v2\/posts\/66131\/revisions"}],"wp:featuredmedia":[{"embeddable":true,"href":"https:\/\/www.mojevrijeme.hr\/magazin\/wp-json\/wp\/v2\/media\/66133"}],"wp:attachment":[{"href":"https:\/\/www.mojevrijeme.hr\/magazin\/wp-json\/wp\/v2\/media?parent=66131"}],"wp:term":[{"taxonomy":"category","embeddable":true,"href":"https:\/\/www.mojevrijeme.hr\/magazin\/wp-json\/wp\/v2\/categories?post=66131"},{"taxonomy":"post_tag","embeddable":true,"href":"https:\/\/www.mojevrijeme.hr\/magazin\/wp-json\/wp\/v2\/tags?post=66131"}],"curies":[{"name":"wp","href":"https:\/\/api.w.org\/{rel}","templated":true}]}}