{"id":66151,"date":"2022-12-21T19:32:10","date_gmt":"2022-12-21T18:32:10","guid":{"rendered":"https:\/\/www.mojevrijeme.hr\/magazin\/?p=66151"},"modified":"2022-12-21T20:08:32","modified_gmt":"2022-12-21T19:08:32","slug":"vragolasti-francuz-ima-88-godina-i-prava-je-seks-bomba","status":"publish","type":"post","link":"https:\/\/www.mojevrijeme.hr\/magazin\/2022\/12\/vragolasti-francuz-ima-88-godina-i-prava-je-seks-bomba\/","title":{"rendered":"Vragolasti Francuz ima 88 godina i prava je seks bomba!"},"content":{"rendered":"\n<p>Francuska bolnica djelomi\u010dno je evakuirana u subotu nakon \u0161to je stariji gra\u0111anin do\u0161ao potra\u017eiti pomo\u0107. Naime, 88-godi\u0161nji pacijent posjetio je bolnicu Sainte Musse u Toulonu kako bi uklonio granatu iz rektuma, no ujedno je izazvao i pravu paniku u toj ustanovi, izvijestio je francuski magazin <em>Var-Matin<\/em>.<\/p>\n\n\n\n<p>&#8220;Uzbuna se dogodila u subotu nave\u010der oko 21 sat, a situacija je zahtijevala profesionalne pirotehni\u010dare, evakuaciju odraslih i pedijatrijskih hitnih slu\u010dajeva te preusmjeravanje novih hitnih slu\u010dajeva&#8221;, izjavio je glasnogovornik bolnice. &#8220;Morali smo upravljati rizikom u realnom vremenu&#8221;, dodao je predstavnik bolnice koji ka\u017ee da su poduzete sve mjere opreza. <\/p>\n\n\n\n<p>Stru\u010dnjaci za razminiravanje na mjestu doga\u0111aja utvrdili su da postoji vrlo mala mogu\u0107nost da granata eksplodira u \u010dovjeku. &#8220;Umirili su nas rekav\u0161i nam da se radi o kolekcionarskom predmetu iz Prvog svjetskog rata koji je koristila francuska vojska&#8221;, navela je bolnica. Zaprepa\u0161teni lije\u010dnici su nakon toga iz mu\u0161kar\u010deve stra\u017enjice poku\u0161ali izvu\u0107i 20 centimetara dug i pet centimetara \u0161irok predmet, no na kraju mu je ipak bila nu\u017ena operacija.<\/p><div id=\"mojev-4095264806\" class=\"mojev-u-tekstu mojev-entity-placement\" style=\"margin-left: auto;margin-right: auto;text-align: center;\"><div class=\"mojev-adlabel\">oglas<\/div><div style=\"height: 250px;\"><script async src=\"https:\/\/pagead2.googlesyndication.com\/pagead\/js\/adsbygoogle.js?client=ca-pub-8106111766207173\"\r\n     crossorigin=\"anonymous\"><\/script>\r\n<!-- Prikazni 1 u tekstu -->\r\n<ins class=\"adsbygoogle\"\r\n     style=\"display:block\"\r\n     data-ad-client=\"ca-pub-8106111766207173\"\r\n     data-ad-slot=\"8535551207\"\r\n     data-ad-format=\"auto\"\r\n     data-full-width-responsive=\"true\"><\/ins>\r\n<script>\r\n     (adsbygoogle = window.adsbygoogle || []).push({});\r\n<\/script><\/div><\/div><br style=\"clear: both; display: block; float: none;\"\/>\n\n\n\n<p>Vjeruje se da je pacijent umetnuo predmet u svoj anus radi seksualnog u\u017eitka. &#8220;Jabuka, mango ili \u010dak limenka pjene za brijanje&#8230; Navikli smo nalaziti te neobi\u010dne predmete umetnute tamo gdje ne bi trebali biti&#8221;, izjavio je jedan lije\u010dnik. &#8220;Ali granatu? Nikada!&#8221;<\/p>\n\n\n\n<p>Prema najnovijim informacijama, pacijent je stabilno te se o\u010dekuje potpuni oporavak. <\/p>\n<div id=\"mojev-363268890\" class=\"mojev-kraj-teksta mojev-entity-placement\" style=\"margin-bottom: 20px;margin-left: auto;margin-right: auto;text-align: center;\"><div class=\"mojev-adlabel\">oglas<\/div><div style=\"height: 250px;\"><script async src=\"https:\/\/pagead2.googlesyndication.com\/pagead\/js\/adsbygoogle.js?client=ca-pub-8106111766207173\"\r\n     crossorigin=\"anonymous\"><\/script>\r\n<!-- Display-1 -->\r\n<ins class=\"adsbygoogle\"\r\n     style=\"display:block\"\r\n     data-ad-client=\"ca-pub-8106111766207173\"\r\n     data-ad-slot=\"1465712950\"\r\n     data-ad-format=\"auto\"\r\n     data-full-width-responsive=\"true\"><\/ins>\r\n<script>\r\n     (adsbygoogle = window.adsbygoogle || []).push({});\r\n<\/script><\/div><\/div>","protected":false},"excerpt":{"rendered":"<p>Uzbuna se dogodila u subotu nave\u010der, a situacija je zahtijevala profesionalnog pirotehni\u010dara, evakuaciju odraslih i pedijatrijskih hitnih slu\u010dajeva, kao i preusmjeravanje novih hitnih slu\u010dajeva.<\/p>\n","protected":false},"author":1,"featured_media":66154,"comment_status":"closed","ping_status":"closed","sticky":false,"template":"","format":"standard","meta":{"footnotes":""},"categories":[10],"tags":[734,260],"class_list":["post-66151","post","type-post","status-publish","format-standard","has-post-thumbnail","hentry","category-ljubav","tag-francuska","tag-zanimljivosti"],"_links":{"self":[{"href":"https:\/\/www.mojevrijeme.hr\/magazin\/wp-json\/wp\/v2\/posts\/66151","targetHints":{"allow":["GET"]}}],"collection":[{"href":"https:\/\/www.mojevrijeme.hr\/magazin\/wp-json\/wp\/v2\/posts"}],"about":[{"href":"https:\/\/www.mojevrijeme.hr\/magazin\/wp-json\/wp\/v2\/types\/post"}],"author":[{"embeddable":true,"href":"https:\/\/www.mojevrijeme.hr\/magazin\/wp-json\/wp\/v2\/users\/1"}],"replies":[{"embeddable":true,"href":"https:\/\/www.mojevrijeme.hr\/magazin\/wp-json\/wp\/v2\/comments?post=66151"}],"version-history":[{"count":0,"href":"https:\/\/www.mojevrijeme.hr\/magazin\/wp-json\/wp\/v2\/posts\/66151\/revisions"}],"wp:featuredmedia":[{"embeddable":true,"href":"https:\/\/www.mojevrijeme.hr\/magazin\/wp-json\/wp\/v2\/media\/66154"}],"wp:attachment":[{"href":"https:\/\/www.mojevrijeme.hr\/magazin\/wp-json\/wp\/v2\/media?parent=66151"}],"wp:term":[{"taxonomy":"category","embeddable":true,"href":"https:\/\/www.mojevrijeme.hr\/magazin\/wp-json\/wp\/v2\/categories?post=66151"},{"taxonomy":"post_tag","embeddable":true,"href":"https:\/\/www.mojevrijeme.hr\/magazin\/wp-json\/wp\/v2\/tags?post=66151"}],"curies":[{"name":"wp","href":"https:\/\/api.w.org\/{rel}","templated":true}]}}