{"id":66169,"date":"2022-12-22T13:02:50","date_gmt":"2022-12-22T12:02:50","guid":{"rendered":"https:\/\/www.mojevrijeme.hr\/magazin\/?p=66169"},"modified":"2022-12-22T13:53:25","modified_gmt":"2022-12-22T12:53:25","slug":"700-milijuna-kuna-za-umirovljenike-plenkovic-najavio-novi-dodatak","status":"publish","type":"post","link":"https:\/\/www.mojevrijeme.hr\/magazin\/2022\/12\/700-milijuna-kuna-za-umirovljenike-plenkovic-najavio-novi-dodatak\/","title":{"rendered":"700 milijuna kuna za umirovljenike i nezaposlene! Plenkovi\u0107 najavio novi dodatak"},"content":{"rendered":"\n<p>Na dana\u0161njoj sjednici Vlade rh, premijer Andrej Plenkovi\u0107 (HDZ) istaknuo je da je Vlada odlu\u010dila donijeti jo\u0161 jedan paket mjera pomo\u0107i koji \u0107e danas usvojiti.<\/p>\n\n\n\n<p>&#8220;Cilj je da odre\u0111ene u\u0161tede koje su napravljene u prora\u010dunu sada preusmjerimo onim ciljnim skupinama u hrvatskom dru\u0161tvu kojima je pomo\u0107 najpotrebnija. Ovo su mjere koje imaju svoj socijalni karakter, koje ponovno obuhva\u0107aju umirovljenike s ni\u017eim mirovinskim primanjima, osobe s invaliditetom, nezaposlene i sve korisnike sustava socijalne skrbi, kao i korisnike doplatka za djecu&#8221;, objasnio je. <\/p>\n\n\n\n<p>&#8220;Mi \u0107emo na ovaj na\u010din obuhvatiti gotovo milijun korisnika. Bit \u0107e dodijeljeno ne\u0161to vi\u0161e od 700 milijuna kuna. Rije\u010d je o jednokratnoj nov\u010danoj pomo\u0107i umirovljenicima s mirovinom do 4.360 kuna&#8221;, rekao je premijer Plenkovi\u0107. \u00a0Dodatak \u0107e, ovisno o visini mirovine, iznositi od 400 do 1.200 kuna.<\/p><div id=\"mojev-289831036\" class=\"mojev-u-tekstu mojev-entity-placement\" style=\"margin-left: auto;margin-right: auto;text-align: center;\"><div class=\"mojev-adlabel\">oglas<\/div><div style=\"height: 250px;\"><script async src=\"https:\/\/pagead2.googlesyndication.com\/pagead\/js\/adsbygoogle.js?client=ca-pub-8106111766207173\"\r\n     crossorigin=\"anonymous\"><\/script>\r\n<!-- Prikazni 1 u tekstu -->\r\n<ins class=\"adsbygoogle\"\r\n     style=\"display:block\"\r\n     data-ad-client=\"ca-pub-8106111766207173\"\r\n     data-ad-slot=\"8535551207\"\r\n     data-ad-format=\"auto\"\r\n     data-full-width-responsive=\"true\"><\/ins>\r\n<script>\r\n     (adsbygoogle = window.adsbygoogle || []).push({});\r\n<\/script><\/div><\/div><br style=\"clear: both; display: block; float: none;\"\/>\n\n\n\n<p>&#8220;Donijet \u0107emo i odluku za jednokratnu pomo\u0107 stradalima u potresu, onima koji su i dalje zbrinuti u privremenom smje\u0161taju i to \u0107emo povezati s nastavkom paketa mjera koji dr\u017eimo dvije godine, a rije\u010d je otpisu potra\u017eivanja i naknade za elektri\u010dnu i toplinsku energiju&#8221;, zaklju\u010dio je. <\/p>\n<div id=\"mojev-3139814008\" class=\"mojev-kraj-teksta mojev-entity-placement\" style=\"margin-bottom: 20px;margin-left: auto;margin-right: auto;text-align: center;\"><div class=\"mojev-adlabel\">oglas<\/div><div style=\"height: 250px;\"><script async src=\"https:\/\/pagead2.googlesyndication.com\/pagead\/js\/adsbygoogle.js?client=ca-pub-8106111766207173\"\r\n     crossorigin=\"anonymous\"><\/script>\r\n<!-- Display-1 -->\r\n<ins class=\"adsbygoogle\"\r\n     style=\"display:block\"\r\n     data-ad-client=\"ca-pub-8106111766207173\"\r\n     data-ad-slot=\"1465712950\"\r\n     data-ad-format=\"auto\"\r\n     data-full-width-responsive=\"true\"><\/ins>\r\n<script>\r\n     (adsbygoogle = window.adsbygoogle || []).push({});\r\n<\/script><\/div><\/div>","protected":false},"excerpt":{"rendered":"<p>Na dana\u0161njoj sjednici Vlade rh, premijer Andrej Plenkovi\u0107 (HDZ) istaknuo je da je Vlada odlu\u010dila donijeti jo\u0161 jedan paket mjera pomo\u0107i koji \u0107e danas usvojiti. &#8220;Cilj je da odre\u0111ene u\u0161tede koje su napravljene u prora\u010dunu sada preusmjerimo onim ciljnim skupinama u hrvatskom dru\u0161tvu kojima je pomo\u0107 najpotrebnija. Ovo su mjere koje imaju svoj socijalni karakter, [&hellip;]<\/p>\n","protected":false},"author":1,"featured_media":39635,"comment_status":"closed","ping_status":"closed","sticky":false,"template":"","format":"standard","meta":{"footnotes":""},"categories":[9],"tags":[17,1865,236],"class_list":["post-66169","post","type-post","status-publish","format-standard","has-post-thumbnail","hentry","category-vijesti","tag-novac","tag-socijalne-naknade","tag-standard"],"_links":{"self":[{"href":"https:\/\/www.mojevrijeme.hr\/magazin\/wp-json\/wp\/v2\/posts\/66169","targetHints":{"allow":["GET"]}}],"collection":[{"href":"https:\/\/www.mojevrijeme.hr\/magazin\/wp-json\/wp\/v2\/posts"}],"about":[{"href":"https:\/\/www.mojevrijeme.hr\/magazin\/wp-json\/wp\/v2\/types\/post"}],"author":[{"embeddable":true,"href":"https:\/\/www.mojevrijeme.hr\/magazin\/wp-json\/wp\/v2\/users\/1"}],"replies":[{"embeddable":true,"href":"https:\/\/www.mojevrijeme.hr\/magazin\/wp-json\/wp\/v2\/comments?post=66169"}],"version-history":[{"count":0,"href":"https:\/\/www.mojevrijeme.hr\/magazin\/wp-json\/wp\/v2\/posts\/66169\/revisions"}],"wp:featuredmedia":[{"embeddable":true,"href":"https:\/\/www.mojevrijeme.hr\/magazin\/wp-json\/wp\/v2\/media\/39635"}],"wp:attachment":[{"href":"https:\/\/www.mojevrijeme.hr\/magazin\/wp-json\/wp\/v2\/media?parent=66169"}],"wp:term":[{"taxonomy":"category","embeddable":true,"href":"https:\/\/www.mojevrijeme.hr\/magazin\/wp-json\/wp\/v2\/categories?post=66169"},{"taxonomy":"post_tag","embeddable":true,"href":"https:\/\/www.mojevrijeme.hr\/magazin\/wp-json\/wp\/v2\/tags?post=66169"}],"curies":[{"name":"wp","href":"https:\/\/api.w.org\/{rel}","templated":true}]}}