{"id":66260,"date":"2022-12-23T20:35:13","date_gmt":"2022-12-23T19:35:13","guid":{"rendered":"https:\/\/www.mojevrijeme.hr\/magazin\/?p=66260"},"modified":"2022-12-23T21:03:13","modified_gmt":"2022-12-23T20:03:13","slug":"massimo-otac-je-bio-slijepi-partizan-majka-ga-je-upoznala-prije-operacije","status":"publish","type":"post","link":"https:\/\/www.mojevrijeme.hr\/magazin\/2022\/12\/massimo-otac-je-bio-slijepi-partizan-majka-ga-je-upoznala-prije-operacije\/","title":{"rendered":"Massimo Savi\u0107: Otac je bio slijepi partizan, majka ga je upoznala prije operacije"},"content":{"rendered":"\n<p>U hrvatskim medijima malo je toga zabilje\u017eeno o privatnom \u017eivotu i \u017eivopisnom djetinjstvu pjeva\u010da <strong>Massima Savi\u0107a<\/strong> koji je s majkom \u017eivio u nekoliko zemalja pa \u010dak i na nekoliko kontinenata. Italija je, kazao je to za televiziju Pink pro\u0161le godine, njegova druga domovina. <\/p>\n\n\n\n<p>&#8220;Imam pravo na talijansko dr\u017eavljanstvo, ali ga nisam uzeo. Jako mi je je bilo lijepo kod djeda Giovannija&nbsp;i bake&nbsp;Ane u Aversi pored Napulja. Godinu i pol sam bio kod njih i u Milanu prije nego smo oti\u0161li u Australiju.\u201c<\/p>\n\n\n\n<p>Majka Elda je, ispri\u010dao je Massimo, bila avanturisti\u010dkog karaktera. Bila je jedna od devetero sestara i bra\u0107e koji su bili razasuti po svijetu. &#8220;Moju majku su tada pozvale njene dvije sestre da se oku\u0161a u \u017eivotu u Australiji. Tamo mi je bilo jako lijepo. Iako mi je Italija najljep\u0161a.&#8221;<\/p><div id=\"mojev-2156662137\" class=\"mojev-u-tekstu mojev-entity-placement\" style=\"margin-left: auto;margin-right: auto;text-align: center;\"><div class=\"mojev-adlabel\">oglas<\/div><div style=\"height: 250px;\"><script async src=\"https:\/\/pagead2.googlesyndication.com\/pagead\/js\/adsbygoogle.js?client=ca-pub-8106111766207173\"\r\n     crossorigin=\"anonymous\"><\/script>\r\n<!-- Prikazni 1 u tekstu -->\r\n<ins class=\"adsbygoogle\"\r\n     style=\"display:block\"\r\n     data-ad-client=\"ca-pub-8106111766207173\"\r\n     data-ad-slot=\"8535551207\"\r\n     data-ad-format=\"auto\"\r\n     data-full-width-responsive=\"true\"><\/ins>\r\n<script>\r\n     (adsbygoogle = window.adsbygoogle || []).push({});\r\n<\/script><\/div><\/div><br style=\"clear: both; display: block; float: none;\"\/>\n\n\n\n<p>O putu u Australiju je rekao: &#8220;Tada je bio zatvoren Sueski kanal pa je brod na kojem smo bili majka i ja dugo putovao; Genova, Messina na Siciliji, Malta, Gibraltar, izlaz iz Gibraltara, Kanarsko oto\u010dje, oko Afrike\u2026 Sje\u0107am se maskenbala i ga\u0111anja jajima na palubi na ekvatoru. I\u0161li smo oko Rta dobre nade, malo Durban\u2026 Sje\u0107am se da je nekom gospodinu pozlilo pa smo skrenuli u Indiju, potom smo otplovili za Perth. U Sidneyu sam dvije godine i\u0161ao u \u0161kolu.&#8221;<\/p>\n\n\n\n<h3 class=\"wp-block-heading\">Limuzina s darovima<\/h3>\n\n\n\n<p>Posebno su mu te\u0161ki trenuci bili kada su mu se rastali majka Elda i otac Sergio. &#8220;No nisu bili tako te\u0161ki da bi ostavili traga na meni. Bio sam vrlo zreo u shva\u0107anjima, znao sam da su stvari privremene, da vrijeme prolazi, da ja rastem i da \u0107e sve biti dobro&#8221;, dodao je.<\/p>\n\n\n\n<p>Odnos majke i oca opisao je turbulentnim, romanti\u010dnim i \u010dudnim. Upoznali su se kada je majka, ina\u010de medicinska sestra, do\u0161la posjetiti brata na zagreba\u010dkom Rebru. &#8220;Oni su se upoznali kada je on bio slijep prije njegove operacije za koju se mislilo da je ne\u0107e pre\u017eivjeti. Otac je oslijepio na Visu, jer je bio kurir Glavnog \u0161taba. Bio je vrlo oblikovani mladi partizan. Kad je bilo bombardiranje Visa, kad su mislili da je Tito na Visu, geler ga je pogodio i uklije\u0161tio mu je o\u010dni \u017eivac. Nije vidio do 1961. godine.&#8221;<\/p>\n\n\n\n<p>&#8220;Doslovce su se sudarili na hodniku u bolnici, a potom su se susreli u kapelici na molitvi. Prije operacije rekao je mojoj majci: &#8216;Mogu li vas posjetiti kada progledam pa da se vjen\u010damo?&#8217; Uz vrlo jaku dioptriju progledao je, javio se majci 1961. godine telegramom i oni su se vjen\u010dali. Na kraju ih je rastavila bolest, kada su mu dijagnosticirali leukemiju. Jednostavno se upla\u0161io i samo oti\u0161ao. Neko vrijeme nismo ni znali gdje je, a onda smo doznali da \u017eivi s nekom \u017eenom. Ne bilo kojom, ve\u0107 onom koja tako\u0111er umire od raka. Kao da je \u017eelio i\u0107i na groblje slonova, ali sa istima kao \u0161to je on. Stra\u0161no ga je pogodila ta bolest&#8221;, kazao je.<\/p>\n\n\n\n<p>Kroz razgovor se prisjetio i kako mu je otac za ro\u0111endane poklone slao limuzinom u rudarsku Ra\u0161u u Istru. &#8220;Uvijek je pazio da na moj ro\u0111endan avangardno pred na\u0161u ku\u0107u dolazi limuzina s darovima.&#8221;<\/p>\n<div id=\"mojev-3221589750\" class=\"mojev-kraj-teksta mojev-entity-placement\" style=\"margin-bottom: 20px;margin-left: auto;margin-right: auto;text-align: center;\"><div class=\"mojev-adlabel\">oglas<\/div><div style=\"height: 250px;\"><script async src=\"https:\/\/pagead2.googlesyndication.com\/pagead\/js\/adsbygoogle.js?client=ca-pub-8106111766207173\"\r\n     crossorigin=\"anonymous\"><\/script>\r\n<!-- Display-1 -->\r\n<ins class=\"adsbygoogle\"\r\n     style=\"display:block\"\r\n     data-ad-client=\"ca-pub-8106111766207173\"\r\n     data-ad-slot=\"1465712950\"\r\n     data-ad-format=\"auto\"\r\n     data-full-width-responsive=\"true\"><\/ins>\r\n<script>\r\n     (adsbygoogle = window.adsbygoogle || []).push({});\r\n<\/script><\/div><\/div>","protected":false},"excerpt":{"rendered":"<p>Odnos majke i oca opisao je turbulentnim, romanti\u010dnim i \u010dudnim. Upoznali su se kada je on bio slijep prije operacije za koju se mislilo da je ne\u0107e pre\u017eivjeti.<\/p>\n","protected":false},"author":1,"featured_media":66267,"comment_status":"closed","ping_status":"closed","sticky":false,"template":"","format":"standard","meta":{"footnotes":""},"categories":[84],"tags":[2266,3340],"class_list":["post-66260","post","type-post","status-publish","format-standard","has-post-thumbnail","hentry","category-show","tag-glazbenici","tag-massimo-savic"],"_links":{"self":[{"href":"https:\/\/www.mojevrijeme.hr\/magazin\/wp-json\/wp\/v2\/posts\/66260","targetHints":{"allow":["GET"]}}],"collection":[{"href":"https:\/\/www.mojevrijeme.hr\/magazin\/wp-json\/wp\/v2\/posts"}],"about":[{"href":"https:\/\/www.mojevrijeme.hr\/magazin\/wp-json\/wp\/v2\/types\/post"}],"author":[{"embeddable":true,"href":"https:\/\/www.mojevrijeme.hr\/magazin\/wp-json\/wp\/v2\/users\/1"}],"replies":[{"embeddable":true,"href":"https:\/\/www.mojevrijeme.hr\/magazin\/wp-json\/wp\/v2\/comments?post=66260"}],"version-history":[{"count":0,"href":"https:\/\/www.mojevrijeme.hr\/magazin\/wp-json\/wp\/v2\/posts\/66260\/revisions"}],"wp:featuredmedia":[{"embeddable":true,"href":"https:\/\/www.mojevrijeme.hr\/magazin\/wp-json\/wp\/v2\/media\/66267"}],"wp:attachment":[{"href":"https:\/\/www.mojevrijeme.hr\/magazin\/wp-json\/wp\/v2\/media?parent=66260"}],"wp:term":[{"taxonomy":"category","embeddable":true,"href":"https:\/\/www.mojevrijeme.hr\/magazin\/wp-json\/wp\/v2\/categories?post=66260"},{"taxonomy":"post_tag","embeddable":true,"href":"https:\/\/www.mojevrijeme.hr\/magazin\/wp-json\/wp\/v2\/tags?post=66260"}],"curies":[{"name":"wp","href":"https:\/\/api.w.org\/{rel}","templated":true}]}}