{"id":6640,"date":"2016-03-06T15:35:58","date_gmt":"2016-03-06T14:35:58","guid":{"rendered":"http:\/\/www.mojevrijeme.hr\/magazin\/?p=6640"},"modified":"2016-03-12T08:26:58","modified_gmt":"2016-03-12T07:26:58","slug":"racuni-za-struju-do-kraja-godine-rastu-za-30-kuna","status":"publish","type":"post","link":"https:\/\/www.mojevrijeme.hr\/magazin\/2016\/03\/racuni-za-struju-do-kraja-godine-rastu-za-30-kuna\/","title":{"rendered":"Ra\u010duni za struju do kraja godine rastu za 30 kuna"},"content":{"rendered":"<p>Do kraja godine ra\u010duni za struju u prosjeku bi mogli biti ve\u0107i za 30 kuna. Zbog obveza prema Europskoj Uniji, pove\u0107at \u0107e se iznos naknade za poticanje obnovljivih izvora energije, javlja <a href=\"http:\/\/dnevnik.hr\/vijesti\/hrvatska\/racuni-za-struju-ce-do-kraja-2016-opet-porasti-za-30-kuna-u-prosjeku---428772.html\" target=\"_blank\">Nova TV<\/a>.<\/p>\n<p>Zbog naknade za poticanje ra\u010duni su ve\u0107i od 2007. Tad se za potro\u0161eni kilovat sat pla\u0107alo manje od lipe. Svake sljede\u0107e pomalo se pove\u0107avala, a od 2010. do danas potro\u0161a\u010di izdvajaju 3 i pol lipe. Do kraja godine, o\u010dekuje se, naknada \u0107e biti ve\u0107a od 5 lipa, a stru\u010dnjaci procjenjuju da bi u idu\u0107im godinama mogla narasti na \u010dak 12 i pol lipa po potro\u0161enom kilovat satu.<\/p>\n<p>&#8220;Poskupljenje se doga\u0111a zbog toga \u0161to je pro\u0161le godine potpisano dosta novih ugovora o otkupu elektri\u010dne energije sa proizvo\u0111a\u010dima iz obnovljivih izvora, prete\u017eno biomase i drugi dio razloga je \u0161to se dio tro\u0161ka, zna\u010di obnovljivih sa obnovljivih proizvo\u0111a\u010da energije prebacuje na gra\u0111anstvo, na finalne potro\u0161a\u010de&#8221;, poja\u0161njava <strong>Edo Jerki\u0107<\/strong>, stru\u010dnjak za obnovljive izvore energije.<\/p><div id=\"mojev-1481253926\" class=\"mojev-u-tekstu mojev-entity-placement\" style=\"margin-left: auto;margin-right: auto;text-align: center;\"><div class=\"mojev-adlabel\">oglas<\/div><div style=\"height: 250px;\"><script async src=\"https:\/\/pagead2.googlesyndication.com\/pagead\/js\/adsbygoogle.js?client=ca-pub-8106111766207173\"\r\n     crossorigin=\"anonymous\"><\/script>\r\n<!-- Prikazni 1 u tekstu -->\r\n<ins class=\"adsbygoogle\"\r\n     style=\"display:block\"\r\n     data-ad-client=\"ca-pub-8106111766207173\"\r\n     data-ad-slot=\"8535551207\"\r\n     data-ad-format=\"auto\"\r\n     data-full-width-responsive=\"true\"><\/ins>\r\n<script>\r\n     (adsbygoogle = window.adsbygoogle || []).push({});\r\n<\/script><\/div><\/div><br style=\"clear: both; display: block; float: none;\"\/>\n<p>Jednostavnije re\u010deno, potro\u0161a\u010di subvencioniraju proizvo\u0111a\u010de. Prema novoj cijeni, za prosje\u010dno bi ku\u0107anstvo to zna\u010dilo izdvajanje oko 400 kuna na godinu. &#8220;Za proizvo\u0111a\u010de zna\u010di da smo evo, da \u0107emo u sljede\u0107ih godinu, dvije vidjeti porast investicija u obnovljive izvore energije i da \u0107e se kroz to otvarati dosta novih radnih mjesta&#8221;, ka\u017ee Jerki\u0107 za Novu TV.<\/p>\n<div id=\"mojev-1338163226\" class=\"mojev-kraj-teksta mojev-entity-placement\" style=\"margin-bottom: 20px;margin-left: auto;margin-right: auto;text-align: center;\"><div class=\"mojev-adlabel\">oglas<\/div><div style=\"height: 250px;\"><script async src=\"https:\/\/pagead2.googlesyndication.com\/pagead\/js\/adsbygoogle.js?client=ca-pub-8106111766207173\"\r\n     crossorigin=\"anonymous\"><\/script>\r\n<!-- Display-1 -->\r\n<ins class=\"adsbygoogle\"\r\n     style=\"display:block\"\r\n     data-ad-client=\"ca-pub-8106111766207173\"\r\n     data-ad-slot=\"1465712950\"\r\n     data-ad-format=\"auto\"\r\n     data-full-width-responsive=\"true\"><\/ins>\r\n<script>\r\n     (adsbygoogle = window.adsbygoogle || []).push({});\r\n<\/script><\/div><\/div>","protected":false},"excerpt":{"rendered":"<p>Poskupljenje se doga\u0111a zbog toga \u0161to je pro\u0161le godine potpisano dosta novih ugovora o otkupu elektri\u010dne energije sa proizvo\u0111a\u010dima iz obnovljivih izvora, prete\u017eno biomase i drugi dio razloga je \u0161to se dio tro\u0161ka, zna\u010di obnovljivih sa obnovljivih proizvo\u0111a\u010da energije prebacuje na gra\u0111anstvo, na finalne potro\u0161a\u010de.<\/p>\n","protected":false},"author":2,"featured_media":6641,"comment_status":"closed","ping_status":"open","sticky":false,"template":"","format":"standard","meta":{"footnotes":""},"categories":[9],"tags":[17,737,487],"class_list":["post-6640","post","type-post","status-publish","format-standard","has-post-thumbnail","hentry","category-vijesti","tag-novac","tag-rezije","tag-struja"],"_links":{"self":[{"href":"https:\/\/www.mojevrijeme.hr\/magazin\/wp-json\/wp\/v2\/posts\/6640","targetHints":{"allow":["GET"]}}],"collection":[{"href":"https:\/\/www.mojevrijeme.hr\/magazin\/wp-json\/wp\/v2\/posts"}],"about":[{"href":"https:\/\/www.mojevrijeme.hr\/magazin\/wp-json\/wp\/v2\/types\/post"}],"author":[{"embeddable":true,"href":"https:\/\/www.mojevrijeme.hr\/magazin\/wp-json\/wp\/v2\/users\/2"}],"replies":[{"embeddable":true,"href":"https:\/\/www.mojevrijeme.hr\/magazin\/wp-json\/wp\/v2\/comments?post=6640"}],"version-history":[{"count":0,"href":"https:\/\/www.mojevrijeme.hr\/magazin\/wp-json\/wp\/v2\/posts\/6640\/revisions"}],"wp:featuredmedia":[{"embeddable":true,"href":"https:\/\/www.mojevrijeme.hr\/magazin\/wp-json\/wp\/v2\/media\/6641"}],"wp:attachment":[{"href":"https:\/\/www.mojevrijeme.hr\/magazin\/wp-json\/wp\/v2\/media?parent=6640"}],"wp:term":[{"taxonomy":"category","embeddable":true,"href":"https:\/\/www.mojevrijeme.hr\/magazin\/wp-json\/wp\/v2\/categories?post=6640"},{"taxonomy":"post_tag","embeddable":true,"href":"https:\/\/www.mojevrijeme.hr\/magazin\/wp-json\/wp\/v2\/tags?post=6640"}],"curies":[{"name":"wp","href":"https:\/\/api.w.org\/{rel}","templated":true}]}}