{"id":66408,"date":"2022-12-29T11:28:27","date_gmt":"2022-12-29T10:28:27","guid":{"rendered":"https:\/\/www.mojevrijeme.hr\/magazin\/?p=66408"},"modified":"2022-12-29T11:28:28","modified_gmt":"2022-12-29T10:28:28","slug":"papa-benedikt-xvi-umire-no-ne-zeli-u-bolnicu","status":"publish","type":"post","link":"https:\/\/www.mojevrijeme.hr\/magazin\/2022\/12\/papa-benedikt-xvi-umire-no-ne-zeli-u-bolnicu\/","title":{"rendered":"Papa Benedikt XVI. umire, no ne \u017eeli u bolnicu"},"content":{"rendered":"\n<p>Predstavnici Katoli\u010dke crkve \u0161irom svijeta pozvali su vjernike da se mole za umirovljenog papu Benedikta XVI. Iz Vatikana je priop\u0107eno da se njegovo zdravstveno stanje pogor\u0161alo. Ali, papa ne \u017eeli u bolnicu, javlja <a href=\"https:\/\/www.dw.com\/hr\/papa-benedikt-xvi-na-samrti\/a-64234746\" target=\"_blank\" rel=\"noreferrer noopener\">DW<\/a>.<\/p>\n\n\n\n<p>Poglavar Katoli\u010dke crkve papa Franjo je u svom kratkom obra\u0107anju tijekom op\u0107e audijencije u srijedu pozvao vjernike da se mole za 95-godi\u0161njeg Benedikta koji je, kako je rekao, &#8220;jako bolestan&#8221;, a njema\u010dki mediji, me\u0111u kojim i Drugi program njema\u010dke televizije ZDF prenose da je papa na &#8220;samrtnoj postelji&#8221;. Nakon audijencije papa Franjo je posjetio svog prethodnika.<\/p>\n\n\n\n<h3 class=\"wp-block-heading\">Molitva na dru\u0161tvenim mre\u017eama<\/h3>\n\n\n\n<p>Pozivu na molitvu pridru\u017eili su se visoki crkveni du\u017enosnici i biskupije na vi\u0161e kontinenata. Biskupska konferencija SAD-a, na primjer, objavila je molitvu za Benedikta na Instagramu; i predsjednik Francuske biskupske konferencije oglasio se na dru\u0161tvenim mre\u017eama.<\/p><div id=\"mojev-318217157\" class=\"mojev-u-tekstu mojev-entity-placement\" style=\"margin-left: auto;margin-right: auto;text-align: center;\"><div class=\"mojev-adlabel\">oglas<\/div><div style=\"height: 250px;\"><script async src=\"https:\/\/pagead2.googlesyndication.com\/pagead\/js\/adsbygoogle.js?client=ca-pub-8106111766207173\"\r\n     crossorigin=\"anonymous\"><\/script>\r\n<!-- Prikazni 1 u tekstu -->\r\n<ins class=\"adsbygoogle\"\r\n     style=\"display:block\"\r\n     data-ad-client=\"ca-pub-8106111766207173\"\r\n     data-ad-slot=\"8535551207\"\r\n     data-ad-format=\"auto\"\r\n     data-full-width-responsive=\"true\"><\/ins>\r\n<script>\r\n     (adsbygoogle = window.adsbygoogle || []).push({});\r\n<\/script><\/div><\/div><br style=\"clear: both; display: block; float: none;\"\/>\n\n\n\n<p>I kelnski nadbiskup Rainer Maria Woelki, kojega je Benedikt imenovao kardinalom 2012., pridru\u017eio se pozivu na molitvu, kao i drugo sve\u0107enstvo. Me\u0111u njima su bili Georg B\u00e4tzing, predsjednik Njema\u010dke biskupske konferencije i biskup Limburga, minhenski nadbiskup i kardinal Reinhard Marx, te biskup Rudolf Voderholzer iz Regensburga.<\/p>\n\n\n\n<h3 class=\"wp-block-heading\">Benedikt o\u010dito ne \u017eeli biti smje\u0161ten u bolnicu<\/h3>\n\n\n\n<p>Prema izvje\u0161tajima novinske agencije Ansa, 95-godi\u0161nji Benedikt je nekoliko dana imao problema s di\u0161nim organima. A iz Vatikana je priop\u0107eno da se Benediktovo zdravstveno stanje pogor\u0161ava i da su njegove vitalne tjelesne funkcije sve lo\u0161ije, &#8220;uklju\u010duju\u0107i i funkcije srca&#8221;.<\/p>\n\n\n\n<p>Ju\u010der je glasnogovornik Vatikana rekao da je situacija &#8220;pod kontrolom&#8221; i da se Benedikt nalazi pod stalnim lije\u010dni\u010dkim nadzorom. Prema ranijim izvje\u0161tajima, on ne \u017eeli biti smje\u0161ten u bolnicu, a u njegovoj rezidenciji u nekada\u0161njem samostanu Mater Ecclesiae u Vatikanskim vrtovima postoji sva nu\u017ena medicinska oprema.<\/p>\n<div id=\"mojev-1225553766\" class=\"mojev-kraj-teksta mojev-entity-placement\" style=\"margin-bottom: 20px;margin-left: auto;margin-right: auto;text-align: center;\"><div class=\"mojev-adlabel\">oglas<\/div><div style=\"height: 250px;\"><script async src=\"https:\/\/pagead2.googlesyndication.com\/pagead\/js\/adsbygoogle.js?client=ca-pub-8106111766207173\"\r\n     crossorigin=\"anonymous\"><\/script>\r\n<!-- Display-1 -->\r\n<ins class=\"adsbygoogle\"\r\n     style=\"display:block\"\r\n     data-ad-client=\"ca-pub-8106111766207173\"\r\n     data-ad-slot=\"1465712950\"\r\n     data-ad-format=\"auto\"\r\n     data-full-width-responsive=\"true\"><\/ins>\r\n<script>\r\n     (adsbygoogle = window.adsbygoogle || []).push({});\r\n<\/script><\/div><\/div>","protected":false},"excerpt":{"rendered":"<p>Iz Vatikana je priop\u0107eno da se Benediktovo zdravstveno stanje pogor\u0161ava i da su njegove vitalne tjelesne funkcije sve lo\u0161ije, uklju\u010duju\u0107i i funkcije srca.<\/p>\n","protected":false},"author":1,"featured_media":66409,"comment_status":"closed","ping_status":"closed","sticky":false,"template":"","format":"standard","meta":{"footnotes":""},"categories":[9],"tags":[739,1070,3341],"class_list":["post-66408","post","type-post","status-publish","format-standard","has-post-thumbnail","hentry","category-vijesti","tag-crkva","tag-katolici","tag-papa-benedikt"],"_links":{"self":[{"href":"https:\/\/www.mojevrijeme.hr\/magazin\/wp-json\/wp\/v2\/posts\/66408","targetHints":{"allow":["GET"]}}],"collection":[{"href":"https:\/\/www.mojevrijeme.hr\/magazin\/wp-json\/wp\/v2\/posts"}],"about":[{"href":"https:\/\/www.mojevrijeme.hr\/magazin\/wp-json\/wp\/v2\/types\/post"}],"author":[{"embeddable":true,"href":"https:\/\/www.mojevrijeme.hr\/magazin\/wp-json\/wp\/v2\/users\/1"}],"replies":[{"embeddable":true,"href":"https:\/\/www.mojevrijeme.hr\/magazin\/wp-json\/wp\/v2\/comments?post=66408"}],"version-history":[{"count":0,"href":"https:\/\/www.mojevrijeme.hr\/magazin\/wp-json\/wp\/v2\/posts\/66408\/revisions"}],"wp:featuredmedia":[{"embeddable":true,"href":"https:\/\/www.mojevrijeme.hr\/magazin\/wp-json\/wp\/v2\/media\/66409"}],"wp:attachment":[{"href":"https:\/\/www.mojevrijeme.hr\/magazin\/wp-json\/wp\/v2\/media?parent=66408"}],"wp:term":[{"taxonomy":"category","embeddable":true,"href":"https:\/\/www.mojevrijeme.hr\/magazin\/wp-json\/wp\/v2\/categories?post=66408"},{"taxonomy":"post_tag","embeddable":true,"href":"https:\/\/www.mojevrijeme.hr\/magazin\/wp-json\/wp\/v2\/tags?post=66408"}],"curies":[{"name":"wp","href":"https:\/\/api.w.org\/{rel}","templated":true}]}}