{"id":66420,"date":"2022-12-30T01:08:02","date_gmt":"2022-12-30T00:08:02","guid":{"rendered":"https:\/\/www.mojevrijeme.hr\/magazin\/?p=66420"},"modified":"2023-01-01T19:11:13","modified_gmt":"2023-01-01T18:11:13","slug":"vidovnjakinja-verna-cubrilo-otkriva-umirovljenicima-sto-ih-ceka-u-novoj-godini","status":"publish","type":"post","link":"https:\/\/www.mojevrijeme.hr\/magazin\/2022\/12\/vidovnjakinja-verna-cubrilo-otkriva-umirovljenicima-sto-ih-ceka-u-novoj-godini\/","title":{"rendered":"Vidovnjakinja Verna \u010cubrilo otkriva umirovljenicima \u0161to ih \u010deka u novoj godini"},"content":{"rendered":"\n<p>S poznatom hrvatskom proricateljicom <strong>Vernom \u010cubrilo<\/strong> razgovarali smo o godini koja nam kuca na vrata. Ho\u0107e li ona umirovljenicima biti bolja od godine na izmaku i \u010demu se mogu nadati? Na\u0161a proslavljena vidovnjakinja donosi pregr\u0161t dobrih vijesti koje \u0107e razveseliti mnoge. <\/p>\n\n\n\n<p>Jer stanje \u0107e biti stabilno lo\u0161e. A mo\u017eda \u010dak i lo\u0161ije, ka\u017ee. Prava je to prilika za nastavak \u017euganja na dru\u0161tvenim mre\u017eama te vje\u017ebanje pasivnosti i kukanja kao nacionalnog sporta, obrazla\u017ee ekskluzivno za <strong>MojeVrijeme<\/strong>. Cijeli razgovor pro\u010ditajte u nastavku.<\/p>\n\n\n\n<p><strong>Gospo\u0111o \u010cubrilo, za po\u010detak nam recite \u0161to \u0107e se dogoditi s mirovinskim fondovima? Ho\u0107e li oni presahnuti? Znate kako ono ide; novac, ljubav i zdravlje.<\/strong><\/p><div id=\"mojev-3099464951\" class=\"mojev-u-tekstu mojev-entity-placement\" style=\"margin-left: auto;margin-right: auto;text-align: center;\"><div class=\"mojev-adlabel\">oglas<\/div><div style=\"height: 250px;\"><script async src=\"https:\/\/pagead2.googlesyndication.com\/pagead\/js\/adsbygoogle.js?client=ca-pub-8106111766207173\"\r\n     crossorigin=\"anonymous\"><\/script>\r\n<!-- Prikazni 1 u tekstu -->\r\n<ins class=\"adsbygoogle\"\r\n     style=\"display:block\"\r\n     data-ad-client=\"ca-pub-8106111766207173\"\r\n     data-ad-slot=\"8535551207\"\r\n     data-ad-format=\"auto\"\r\n     data-full-width-responsive=\"true\"><\/ins>\r\n<script>\r\n     (adsbygoogle = window.adsbygoogle || []).push({});\r\n<\/script><\/div><\/div><br style=\"clear: both; display: block; float: none;\"\/>\n\n\n\n<p>Kada je rije\u010d o dr\u017eavnoj mirovini, ona je sigurna i ne treba se bojati da ne\u0107e biti ispla\u0107ena. Jo\u0161 se nije dogodilo da mirovina bude toliko mala da umirovljenicima ne bude dovoljno. Rije\u010d je o ubikvisti\u010dkim organizmima. To vam zna\u010di da uspijevaju u svim uvjetima.<\/p>\n\n\n\n<p><strong>Zna\u010di, od prosvjeda ne\u0107e biti ni\u0161ta? Umirovljenici ne\u0107e iza\u0107i na ulice?<\/strong><\/p>\n\n\n\n<p>Ma kakvi! Uvrije\u0111eno pr\u0111enje u kau\u010d i o\u010dekivanje da se drugi bore za njihova prava je zapisano u zvijezdama kada je rije\u010d o na\u0161im penzi\u0107ima, ako me razumijete. Evo, prori\u010dem, mnoge \u0107e uvrijediti \u010dak i ovaj na\u0161 razgovor. Idu\u0107a godina biti \u0107e te\u0161ka, ali premijer Andrej Plenkovi\u0107 mo\u017ee biti miran \u0161to se penzionera ti\u010de. Penzioneri \u0107e i dalje za svoje stanje kriviti umirovljeni\u010dke udruge u koje se nisu u\u010dlanili i o\u010dekivati da se za njihova prava bore politi\u010dari za koje nisu glasali.<\/p>\n\n\n\n<p><strong>A ljubav, je li i ona zapisana &nbsp;u zvijezdama hrvatskim umirovljenicima?<\/strong><\/p>\n\n\n\n<p>2023. godina biti \u0107e godina ljubavi za hrvatske umirovljenike. Posebno \u0107e obljubljene biti bake s njema\u010dkim mirovinama, kako me\u0111u unucima, tako i me\u0111u vlastitom djecom.<\/p>\n\n\n\n<p><strong>Mislila sam na drugu vrstu ljubavi<\/strong>.<\/p>\n\n\n\n<p>\u0160to se romanti\u010dne ljubavi ti\u010de, brojnim hrvatskim umirovljenicama su\u0111ena je veza sa zgodnim ameri\u010dkim marincima koji \u0107e im se javiti preko Facebooka. I pokoji umirovljenik zaljubit \u0107e se u zgodnu ameri\u010dku vojnikinju. \u010citati \u0107ete o svemu u medijima.<\/p>\n\n\n\n<p><strong>Kad smo ve\u0107 kod Facebooka, sve je vi\u0161e umirovljenika na dru\u0161tvenim mre\u017eama. Ka\u017eu da je Facebook ve\u0107 danas mre\u017ea za penzionere. \u0160to \u0107e se doga\u0111ati na tom planu?<\/strong><\/p>\n\n\n\n<p>Taj trend \u0107e se nastaviti i u 2023. godini. Facebook \u0107e i dalje umirovljenicima biti omiljeno mjesto za dezinformiranje. Savjetujem vam da objavljujete \u0161to ljep\u0161e sli\u010dice, jer penzioneri \u0107e i dalje \u010ditati samo naslove i gledati sli\u010dice da bi na temelju toga donijeli krivi zaklju\u010dak i napisali jo\u0161 proma\u0161eniji komentar. Ne nadajte se lijepoj budu\u0107nosti. Zapravo, da ste pametni, pisali biste samo naslove, umjesto da tro\u0161ite svoje i moje vrijeme.<\/p>\n\n\n\n<p><strong>Zna\u010di i vi ste primijetili taj trend ne\u010ditanja i nerazumijevanja pro\u010ditanoga na \u0161to se nadovezuju agresivni i uvredljivi komentari prema novinarima i drugim komentatorima?<\/strong><\/p>\n\n\n\n<p>Kao \u0161to je na\u0161 poznati filozof Lavoslav Fofonjka rekao, nekada su samo rodbina i susjedi znali da ste nepametni, a danas, zahvaljuju\u0107i internetu, to mo\u017eete pokazati cijelome svijetu i jo\u0161 se ponositi time. Svi ti &#8220;haha\u010di&#8221; pod vijestima o umrlima, svi ti koji komentiraju &#8220;nisam \u010ditao, ali&#8230;&#8221; i oni koji se razumiju od epidemiologije preko nogometa do monetarne politike i geopolitike&#8230; Nemojte se ljutiti, izgledate kao obrazovana \u017eena. Ali ni vi ba\u0161 niste previ\u0161e bistri ako s toliko godina u dupetu o\u010dekujete da \u0107e se stvari u 2023. godini promijeniti nabolje. Jedino \u0161to \u010dovje\u010danstvu mo\u017ee pomo\u0107i je da teleoperatori ukinu jeftini internet na mobitelima, a to se sigurno ne\u0107e dogoditi.<\/p>\n\n\n\n<p><strong>Ho\u0107e li se Jugoslavija vratiti? Mnogi na\u0161i komentatori na Facebooku i danas pla\u010du za njom. Mole da vas to pitamo.<\/strong><\/p>\n\n\n\n<p>Iskustveno, to nije isklju\u010deno. Vidite da su brojne europske zemlje najavile redukcije struje, a i s gorivom smo <em>li-la<\/em>. Mo\u017eda opet postanemo ovisni o ameri\u010dkoj pomo\u0107i kao nekad. To su te male slatke stvari u kojima \u0107e jugonostalgi\u010dari mo\u0107i u\u017eivati. No ako me pitate ho\u0107e li umirovljenici opet biti mladi, gladni \u017eivota, neinformirani o politici i, \u0161to je najva\u017enije, spolno aktivni \u2013 to se ne\u0107e dogoditi. Jugoslavija se ne\u0107e vratiti. Moja kristalna kugla ka\u017ee da \u0107ete imati vi\u0161e klikova ako to stavite u naslov.<\/p>\n\n\n\n<p><strong>Okrenimo se vedrijim temama. \u0160to je sa zdravljem i zdravstvom?<\/strong><\/p>\n\n\n\n<p>\u0160to se mentalnog zdravlja ti\u010de, treba li nakon svega re\u010denoga tro\u0161iti rije\u010di? Fizi\u010dko zdravlje \u0107e biti jadno, \u0161to zna\u010di da \u0107e biti u savr\u0161enom skladu s mentalnim stanjem nacije. Najva\u017enije je da \u0107e umirovljenici i idu\u0107e godine imati grijane \u010dekaonice u zdravstvenim ustanovama. Pre\u017eivjet \u0107emo. Uostalom, \u0161to \u0107e nam zdravstvo pored svih tih &#8220;stru\u010dljaka&#8221; na Facebooku?<\/p>\n<div id=\"mojev-3976230465\" class=\"mojev-kraj-teksta mojev-entity-placement\" style=\"margin-bottom: 20px;margin-left: auto;margin-right: auto;text-align: center;\"><div class=\"mojev-adlabel\">oglas<\/div><div style=\"height: 250px;\"><script async src=\"https:\/\/pagead2.googlesyndication.com\/pagead\/js\/adsbygoogle.js?client=ca-pub-8106111766207173\"\r\n     crossorigin=\"anonymous\"><\/script>\r\n<!-- Display-1 -->\r\n<ins class=\"adsbygoogle\"\r\n     style=\"display:block\"\r\n     data-ad-client=\"ca-pub-8106111766207173\"\r\n     data-ad-slot=\"1465712950\"\r\n     data-ad-format=\"auto\"\r\n     data-full-width-responsive=\"true\"><\/ins>\r\n<script>\r\n     (adsbygoogle = window.adsbygoogle || []).push({});\r\n<\/script><\/div><\/div>","protected":false},"excerpt":{"rendered":"<p>Vrijeme je kada podvla\u010dimo crtu pod starom i okre\u0107emo se prema novoj godini. Svaki po\u010detak prilika je za novi rast, no \u0161to ako nam je su\u0111eno da ostanemo patuljci? Samo zvijezde znaju. I kristalna kugla na\u0161e sugovornice. <\/p>\n","protected":false},"author":11,"featured_media":66421,"comment_status":"closed","ping_status":"closed","sticky":false,"template":"","format":"standard","meta":{"footnotes":""},"categories":[2,2743],"tags":[393,1297],"class_list":["post-66420","post","type-post","status-publish","format-standard","has-post-thumbnail","hentry","category-mozaik","category-humor-i-satira","tag-nova-godina","tag-satira"],"_links":{"self":[{"href":"https:\/\/www.mojevrijeme.hr\/magazin\/wp-json\/wp\/v2\/posts\/66420","targetHints":{"allow":["GET"]}}],"collection":[{"href":"https:\/\/www.mojevrijeme.hr\/magazin\/wp-json\/wp\/v2\/posts"}],"about":[{"href":"https:\/\/www.mojevrijeme.hr\/magazin\/wp-json\/wp\/v2\/types\/post"}],"author":[{"embeddable":true,"href":"https:\/\/www.mojevrijeme.hr\/magazin\/wp-json\/wp\/v2\/users\/11"}],"replies":[{"embeddable":true,"href":"https:\/\/www.mojevrijeme.hr\/magazin\/wp-json\/wp\/v2\/comments?post=66420"}],"version-history":[{"count":0,"href":"https:\/\/www.mojevrijeme.hr\/magazin\/wp-json\/wp\/v2\/posts\/66420\/revisions"}],"wp:featuredmedia":[{"embeddable":true,"href":"https:\/\/www.mojevrijeme.hr\/magazin\/wp-json\/wp\/v2\/media\/66421"}],"wp:attachment":[{"href":"https:\/\/www.mojevrijeme.hr\/magazin\/wp-json\/wp\/v2\/media?parent=66420"}],"wp:term":[{"taxonomy":"category","embeddable":true,"href":"https:\/\/www.mojevrijeme.hr\/magazin\/wp-json\/wp\/v2\/categories?post=66420"},{"taxonomy":"post_tag","embeddable":true,"href":"https:\/\/www.mojevrijeme.hr\/magazin\/wp-json\/wp\/v2\/tags?post=66420"}],"curies":[{"name":"wp","href":"https:\/\/api.w.org\/{rel}","templated":true}]}}