{"id":66462,"date":"2022-12-30T09:08:01","date_gmt":"2022-12-30T08:08:01","guid":{"rendered":"https:\/\/www.mojevrijeme.hr\/magazin\/?p=66462"},"modified":"2022-12-30T09:10:20","modified_gmt":"2022-12-30T08:10:20","slug":"radno-vrijeme-trgovina-na-staru-godinu-31-12-2022-i-novu-godinu-1-1-2023","status":"publish","type":"post","link":"https:\/\/www.mojevrijeme.hr\/magazin\/2022\/12\/radno-vrijeme-trgovina-na-staru-godinu-31-12-2022-i-novu-godinu-1-1-2023\/","title":{"rendered":"Radno vrijeme trgovina na Staru godinu (31. 12. 2022.) i Novu godinu (1. 1. 2023.)"},"content":{"rendered":"\n<h3 class=\"wp-block-heading\">Konzum<\/h3>\n\n\n\n<p>Konzum u subotu radi prema prilago\u0111enom radnom vremenu. U nedjelju \u0107e trgovine biti zatvorene. Kako \u0107e u subotu raditi va\u0161a trgovina provjerite <a rel=\"noreferrer noopener\" href=\"https:\/\/www.konzum.hr\/trgovine\" target=\"_blank\"><strong>ovdje<\/strong><\/a>.<\/p>\n\n\n\n<h3 class=\"wp-block-heading\">Spar i Interspar<\/h3>\n\n\n\n<p>U subotu \u0107e Interspar hipermarketi raditi po skra\u0107enom radnom vremenu do 16 ili 17 sati, dok \u0107e svi Spar supermarketi raditi do 17 sati. U nedjelju trgovine ne\u0107e raditi. Detalje za najbli\u017eu poslovnicu potra\u017eite na ovoj <a rel=\"noreferrer noopener\" href=\"https:\/\/www.spar.hr\/lokacije\" target=\"_blank\"><strong>poveznici<\/strong><\/a>.<\/p>\n\n\n\n<h3 class=\"wp-block-heading\">Lidl<\/h3>\n\n\n\n<p>Lidlove poslovnice u subotu \u0107e raditi do 14 sati, dok na samu Novu godinu ne\u0107e raditi. Vi\u0161e informacija potra\u017eite <a rel=\"noreferrer noopener\" href=\"https:\/\/www.lidl.hr\/\" target=\"_blank\">ovdje<\/a>.<\/p><div id=\"mojev-644665987\" class=\"mojev-u-tekstu mojev-entity-placement\" style=\"margin-left: auto;margin-right: auto;text-align: center;\"><div class=\"mojev-adlabel\">oglas<\/div><div style=\"height: 250px;\"><script async src=\"https:\/\/pagead2.googlesyndication.com\/pagead\/js\/adsbygoogle.js?client=ca-pub-8106111766207173\"\r\n     crossorigin=\"anonymous\"><\/script>\r\n<!-- Prikazni 1 u tekstu -->\r\n<ins class=\"adsbygoogle\"\r\n     style=\"display:block\"\r\n     data-ad-client=\"ca-pub-8106111766207173\"\r\n     data-ad-slot=\"8535551207\"\r\n     data-ad-format=\"auto\"\r\n     data-full-width-responsive=\"true\"><\/ins>\r\n<script>\r\n     (adsbygoogle = window.adsbygoogle || []).push({});\r\n<\/script><\/div><\/div><br style=\"clear: both; display: block; float: none;\"\/>\n\n\n\n<h3 class=\"wp-block-heading\">Kaufland<\/h3>\n\n\n\n<p>Trgovine Kauflanda u subotu rade do 18 sati. U nedjelju su zatvorene. Vi\u0161e pro\u010ditajte na stranicama <a href=\"https:\/\/www.kaufland.hr\/usluge\/poslovnica.html\" target=\"_blank\" rel=\"noreferrer noopener\">Kauflanda<\/a>.<\/p>\n\n\n\n<h3 class=\"wp-block-heading\">Studenac<\/h3>\n\n\n\n<p>Trgovine Studenca u subotu rade po prilago\u0111enom radnom vremenu. U nedjelju \u0107e biti zatvorene. Radno vrijeme vama najbli\u017ee poslovnice potra\u017eite <a href=\"https:\/\/www.studenac.hr\/uploads\/rv-blagdani-12.2022.pdf\" target=\"_blank\" rel=\"noreferrer noopener\">ovdje<\/a>. <\/p>\n\n\n\n<h3 class=\"wp-block-heading\">Plodine<\/h3>\n\n\n\n<p>lodine u subotu rade skra\u0107eno, do 18 sati. U nedjelju su trgovine zatvorene.&nbsp;Vi\u0161e detalja prona\u0111ite na ovoj <a rel=\"noreferrer noopener\" href=\"https:\/\/www.plodine.hr\/obavijesti\/39\/radno-vrijeme-supermarketa-plodine-za-nadolazece-blagdane\" target=\"_blank\"><strong>poveznici<\/strong><\/a>.<\/p>\n\n\n\n<h3 class=\"wp-block-heading\">Arena centar<\/h3>\n\n\n\n<p>Trgovine u Arena Centru u subotu rade do 16 sati. U nedjelju je centar zatvoren. Vi\u0161e detalja pro\u010ditajte <a rel=\"noreferrer noopener\" href=\"https:\/\/www.arenacentar.hr\/hr\/radno-vrijeme\/\" target=\"_blank\"><strong>ovdje<\/strong><\/a>.<\/p>\n\n\n\n<h3 class=\"wp-block-heading\">Avenue Mall<\/h3>\n\n\n\n<p>Osim poslovnice Fine, trgovine, banka i po\u0161ta u Avenue Mallu u subotu radi do 18 sati.&nbsp; U nedjelju je centar zatvoren. Vi\u0161e informacija dostupno je&nbsp;<a rel=\"noreferrer noopener\" href=\"https:\/\/avenuemall.hr\/info\/blagdansko-radno-vrijeme\/1166\" target=\"_blank\"><strong>ovdje<\/strong><\/a>.<\/p>\n\n\n\n<h3 class=\"wp-block-heading\">City Center one<\/h3>\n\n\n\n<p><a href=\"https:\/\/citycenterone.hr\/zagreb-west\/novosti\/radno-vrijeme-u-prosincu\/\" target=\"_blank\" rel=\"noreferrer noopener\">City Center one West<\/a>,&nbsp;<a href=\"https:\/\/citycenterone.hr\/zagreb-east\/novosti\/radno-vrijeme-prosinac\/\" target=\"_blank\" rel=\"noreferrer noopener\">City Center one East<\/a>&nbsp;i&nbsp;<a href=\"https:\/\/citycenterone.hr\/split\/novosti\/radno-vrijeme-prosinac\/\" target=\"_blank\" rel=\"noreferrer noopener\">City Center one Split<\/a>&nbsp;u subotu rade do 17 sati. Centri su u nedjelju zatvoreni.<\/p>\n\n\n\n<h3 class=\"wp-block-heading\">Portanova<\/h3>\n\n\n\n<p>Trgovine u centru u subotu rade do 17 sati, po\u0161ta ne radi. U nedjelju trgovine ne rade. Vi\u0161e informacija o radnom vremenu mo\u017ee se prona\u0107i&nbsp;<a rel=\"noreferrer noopener\" href=\"https:\/\/portanova.hr\/hr\/vijesti\/2204-radno-vrijeme-za-blagdane\" target=\"_blank\"><strong>ovdje<\/strong><\/a>.<\/p>\n\n\n\n<h3 class=\"wp-block-heading\">Tower Center Rijeka<\/h3>\n\n\n\n<p>Trgovine u centru u subotu rade do 17 sati. U nedjelju su zatvorene.<\/p>\n<div id=\"mojev-353759676\" class=\"mojev-kraj-teksta mojev-entity-placement\" style=\"margin-bottom: 20px;margin-left: auto;margin-right: auto;text-align: center;\"><div class=\"mojev-adlabel\">oglas<\/div><div style=\"height: 250px;\"><script async src=\"https:\/\/pagead2.googlesyndication.com\/pagead\/js\/adsbygoogle.js?client=ca-pub-8106111766207173\"\r\n     crossorigin=\"anonymous\"><\/script>\r\n<!-- Display-1 -->\r\n<ins class=\"adsbygoogle\"\r\n     style=\"display:block\"\r\n     data-ad-client=\"ca-pub-8106111766207173\"\r\n     data-ad-slot=\"1465712950\"\r\n     data-ad-format=\"auto\"\r\n     data-full-width-responsive=\"true\"><\/ins>\r\n<script>\r\n     (adsbygoogle = window.adsbygoogle || []).push({});\r\n<\/script><\/div><\/div>","protected":false},"excerpt":{"rendered":"<p>Ba\u0161 kao i Bo\u017ei\u0107, Nova godina (1. sije\u010dnja) ovoga puta pada u nedjelju. O\u010dekivano, trgovine \u0107e taj dan svoja vrata dr\u017eati zatvorenima pa se valja opskrbiti na Staru godinu ili Silvestrovo. U nastavku pro\u010ditajte kada i gdje to mo\u017eete u\u010diniti.<\/p>\n","protected":false},"author":1,"featured_media":66474,"comment_status":"closed","ping_status":"closed","sticky":false,"template":"","format":"standard","meta":{"footnotes":""},"categories":[9],"tags":[393,2271,1073],"class_list":["post-66462","post","type-post","status-publish","format-standard","has-post-thumbnail","hentry","category-vijesti","tag-nova-godina","tag-radno-vrijeme","tag-trgovine"],"_links":{"self":[{"href":"https:\/\/www.mojevrijeme.hr\/magazin\/wp-json\/wp\/v2\/posts\/66462","targetHints":{"allow":["GET"]}}],"collection":[{"href":"https:\/\/www.mojevrijeme.hr\/magazin\/wp-json\/wp\/v2\/posts"}],"about":[{"href":"https:\/\/www.mojevrijeme.hr\/magazin\/wp-json\/wp\/v2\/types\/post"}],"author":[{"embeddable":true,"href":"https:\/\/www.mojevrijeme.hr\/magazin\/wp-json\/wp\/v2\/users\/1"}],"replies":[{"embeddable":true,"href":"https:\/\/www.mojevrijeme.hr\/magazin\/wp-json\/wp\/v2\/comments?post=66462"}],"version-history":[{"count":0,"href":"https:\/\/www.mojevrijeme.hr\/magazin\/wp-json\/wp\/v2\/posts\/66462\/revisions"}],"wp:featuredmedia":[{"embeddable":true,"href":"https:\/\/www.mojevrijeme.hr\/magazin\/wp-json\/wp\/v2\/media\/66474"}],"wp:attachment":[{"href":"https:\/\/www.mojevrijeme.hr\/magazin\/wp-json\/wp\/v2\/media?parent=66462"}],"wp:term":[{"taxonomy":"category","embeddable":true,"href":"https:\/\/www.mojevrijeme.hr\/magazin\/wp-json\/wp\/v2\/categories?post=66462"},{"taxonomy":"post_tag","embeddable":true,"href":"https:\/\/www.mojevrijeme.hr\/magazin\/wp-json\/wp\/v2\/tags?post=66462"}],"curies":[{"name":"wp","href":"https:\/\/api.w.org\/{rel}","templated":true}]}}