{"id":6658,"date":"2016-03-08T10:39:23","date_gmt":"2016-03-08T09:39:23","guid":{"rendered":"http:\/\/www.mojevrijeme.hr\/magazin\/?p=6658"},"modified":"2016-03-12T08:26:15","modified_gmt":"2016-03-12T07:26:15","slug":"oliver-mlakar-jugoslaviju-vidim-kao-sjajan-savez-suverenih-drzava","status":"publish","type":"post","link":"https:\/\/www.mojevrijeme.hr\/magazin\/2016\/03\/oliver-mlakar-jugoslaviju-vidim-kao-sjajan-savez-suverenih-drzava\/","title":{"rendered":"Oliver Mlakar: Jugoslaviju vidim kao sjajan savez suverenih dr\u017eava"},"content":{"rendered":"<p><em>&#8220;Nisam nikada nekoj posebnoj stranci pripadao. Moja stranka je moja obitelj. To je ova moja osnovna obiteljska \u0107elija, kojoj svim srcem i du\u0161om pripadam i mojoj profesiji. To su moja strana\u010dka uvjerenja&#8221;, govorio je <strong>u o\u017eujku 1991.<\/strong> godine proslavljeni hrvatski voditelj Oliver Mlakar u op\u0161irnom razgovoru <strong>za beogradske TV novosti<\/strong>. Politici se, u me\u0111uvremenu, ipak, pribli\u017eio i to kao voditelj velikih skupova Hrvatske demokratske zajednice.<\/em><\/p>\n<p>&#8212;<\/p>\n<p>I ovog \u010detvrtka &#8220;Kviskoteka&#8221; \u0107e u celoj Jugoslaviji okupiti brojne gledaoce pored malih ekrana. Trenutno je to u Hrvatskoj najgledanija emisija, a najpopularnija osoba Hrvatske TV je Oliver Mlakar.\u00a0Tako pokazuju rezultati nedavnog nau\u010dnog istra\u017eivanja gledanosti emisija i rejting lista novinara i voditelja. Na toj listi Mlakar je u poprili\u010dnoj prednosti u odnosu na druge kolege.\u00a0Ni u ostalim krajevima njegova popularnost nije mala. Rado je vi\u0111en gost na mnogim estradnim scenama, gostovao je i udrugim TV ku\u0107ama. Simpatije publike sticao je i kao voditelj i kao prevodilac, ogledao se i u kreacijama delova emisija.<\/p><div id=\"mojev-3553906178\" class=\"mojev-u-tekstu mojev-entity-placement\" style=\"margin-left: auto;margin-right: auto;text-align: center;\"><div class=\"mojev-adlabel\">oglas<\/div><div style=\"height: 250px;\"><script async src=\"https:\/\/pagead2.googlesyndication.com\/pagead\/js\/adsbygoogle.js?client=ca-pub-8106111766207173\"\r\n     crossorigin=\"anonymous\"><\/script>\r\n<!-- Prikazni 1 u tekstu -->\r\n<ins class=\"adsbygoogle\"\r\n     style=\"display:block\"\r\n     data-ad-client=\"ca-pub-8106111766207173\"\r\n     data-ad-slot=\"8535551207\"\r\n     data-ad-format=\"auto\"\r\n     data-full-width-responsive=\"true\"><\/ins>\r\n<script>\r\n     (adsbygoogle = window.adsbygoogle || []).push({});\r\n<\/script><\/div><\/div><br style=\"clear: both; display: block; float: none;\"\/>\n<p><strong>Ko je, u stvari, Oliver Mlakar, \u010dime se bavi?<\/strong><\/p>\n<p>&#8220;Najjednostavnije, ja sam voditelj. Radim i neke druge stvari. U toku ovih tridesetak godina, od kada sam u ovom poslu, bio sam i prevodilac, urednik i novinar. Sada radim samo &#8220;Kviskoteku&#8221;. Tu sam voditelj, ali u pripremama tako\u0111e, sudjelujem. Ima i dosta novinarskog posla.\u00a0Recimo, rubrika detekcije, u kojoj otkrivamo jednu od tri osobe. Jako je dobro primljena kod gledalaca. Na pripremi tog dijela emisije jako sam anga\u017eiran. Naravno, ne biram te osobe, to radi redakcija s urednikom, na \u010delu. Ali, ja pripremam taj razgovor, dogovaram se s izabranim osobama, mi se dru\u017eimo i nastojimo da taj dio emisije bude \u0161to zanimljiviji i kvalitetniji. To je taj neki moj novinarski udio.<\/p>\n<p>Na kraju krajeva, cijela &#8220;Kviskoteka&#8221;, to vo\u0111enje programa, ima neminovno u sebi nekakvog novinarskog elementa, jer ja nemam napisanu konferansu. Istina, imam samo zadani scenarij, jedan okvirni, u kojem ja onda improviziram, nekad malo uspje\u0161nije, nekada manje uspje\u0161no.\u00a0Osnovno je ipak voditeljstvo.\u00a0&#8220;Kviskoteka&#8221; se kod nas prikazuje ve\u0107 jedanaest godina. Po\u010deo je Hetrih i vodio prvih nekoliko godina. Kada je oti\u0161ao u penziju, ja sam usko\u010dio i&#8230;<\/p>\n<p>Sasvim sam netalentiran za vo\u0111enje evidencija koliko sam \u010dega uradio, koliko sam godina ne\u0161to radio, ali mislim da poslednjih pet ili \u0161est godina radim stalno &#8220;Kviskoteku&#8221;. Ima dosta epizoda i dosta se dugo odr\u017eala sa velikom popularno\u0161\u0107u.<\/p>\n<div id=\"attachment_6661\" style=\"width: 646px\" class=\"wp-caption aligncenter\"><img loading=\"lazy\" decoding=\"async\" aria-describedby=\"caption-attachment-6661\" class=\"size-medium wp-image-6661\" src=\"http:\/\/www.mojevrijeme.hr\/magazin\/wp-content\/uploads\/2016\/03\/lepa-brena-vlado-kalember-636x352.jpg\" alt=\"kako je lepa brena izgledala nekad?\" width=\"636\" height=\"352\" srcset=\"https:\/\/www.mojevrijeme.hr\/magazin\/wp-content\/uploads\/2016\/03\/lepa-brena-vlado-kalember-636x352.jpg 636w, https:\/\/www.mojevrijeme.hr\/magazin\/wp-content\/uploads\/2016\/03\/lepa-brena-vlado-kalember.jpg 740w\" sizes=\"auto, (max-width: 636px) 100vw, 636px\" \/><p id=\"caption-attachment-6661\" class=\"wp-caption-text\">Lepa Brena i Vlado Kalember na naslovnicama TV novosti<\/p><\/div>\n<p><strong>Radili ste dosta i van televizije. Kako ste sa\u010duvali svojstvenost u obra\u0107anju publici?<\/strong><\/p>\n<p>Istina, ja sam puno radio i izvan televizije. Mo\u017eda mi je to i donijelo nekakvu sigurnost, le\u017eernost koju onda mogu ispoljiti u takvim kontakt emisijama kao \u0161to je &#8220;Kviskoteka&#8221;. Uvijek sam rado nastupao pred publikom, u\u017eivao na raznim festivalima, modnim revijama, raznoraznim koncertima. Uglavnom, gdje god je trebalo da voditelj ne\u0161to napravi, mene su pozivali.<\/p>\n<p>Uvijek sam se rado odazivao na takve pozive. To mi je donijelo, naravno, mnogo iskustva, koje sam onda mogao dobro iskoristiti i na televiziji. Uostalom, u mladosti sam se malo i glumom bavio. \u010cak, jako davno kao amater, kao student, u jednom amaterskom dru\u0161tvu pripremali smo predstavu.\u00a0Re\u017eirao je Bo\u017eidar Violi\u0107, danas veliko ime na\u0161ega teatra. \u010cak smo igrali i u dramskom kazali\u0161tu &#8220;Gavela&#8221;&#8230; Malo sam uvijek imao neko nagnu\u0107e ka nekakvim nastupima. Onda se to valjda osje\u0107a i u na\u010dinu rada i u vo\u0111enju mojih emisija.<\/p>\n<p>Nisam svjesno radio na tome da o\u010duvam dostojanstvo profesije, ve\u0107 sam jednostavno takav \u010dovjek. Svaki posao sam radio maksimalno profesionalno i s punom ozbiljno\u0161\u0107u. Jednostavno, ne\u0161to drugo nije dolazilo u obzir. Tako je i\u0161lo iz godine u godinu.\u00a0Mo\u017eda je zbog toga sada i taj ozbiljan minuli rad donio i neke rezultate. Vidim da po nekim anketama ljudi glasaju za mene, kao najboljega u mom poslu. To je onda valjda, znate, rezultat.<\/p>\n<p>Sje\u0107am se mojih po\u010detaka: bio sam i upla\u0161en i krut i zbunjen, i nikakav jednostavno. To je takav posao gdje nema \u0161kole, gdje jednostavno mora\u0161 raditi, raditi. \u0160to vi\u0161e radi\u0161, ako ima\u0161 malo smisla i ako si malo ambiciozan i ako se trudi\u0161 &#8211; mogu do\u0107i i neki rezultati.\u00a0Ostao sam uporan u poslu i izgleda da su ipak neki rezultati do\u0161li.<\/p>\n<p><strong>Govori se da sa HTV treba da odu neke poznate li\u010dnosti. Pominje se i mogu\u0107nost va\u0161eg penzionisanja. Mo\u017ee li neko koga publika tra\u017ei i voli u penziju?<\/strong><\/p>\n<p>Ve\u0107 ste dali odgovor. Naravno da ne bi trebalo. Negdje sam ve\u0107 spomenuo Majka Bon\u0111orna, koji ima deset godina vi\u0161e od mene, a ovoga \u010dasa na talijanskoj televiziji vodi tri kviz emisije. Ja mislim da nikome ne pada na pamet da ga skine s ekrana, jer je \u010dovjek koji privla\u010di gledaoce, koji donosi sponzore, na kraju krajeva &#8211; \u010dini jedan program prihvatljivim i gledanim.\u00a0Svakoj televiziji je stalo da ima takvo \u0161to. Jer, uz gledane programe vi mo\u017eete plasirati i ono \u0161to je komercijalno. A danas se \u017eivi od takvih emisija koje moraju nekakav dohodak, odnosno prihod donijeti.<\/p>\n<p>\u010cinjenica je da sam se ja na\u0161ao, sticajem biolo\u0161kih okolnosti, na tom popisu za mirovinu. Navr\u0161io sam pedeset i pet godina i imam trideset godina radnoga sta\u017ea. Dakle, to su oni minimalni uvjeti koji zakonski omogu\u0107avaju \u010dovjeku odlazak u prijevremenu mirovinu.\u00a0Dakle, ja nemam niti dovoljno godina \u017eivota, niti dovoljno godina sta\u017ea da bih oti\u0161ao u kakvu-takvu pristojnu mirovinu. Bila bi to nekakva prijevremena, moglo bi se prije re\u0107i &#8211; prisilna mirovina. Istina je da nas ima previ\u0161e u Televiziji i treba smanjiti broj zaposlenih, ali ovaj na\u010din na koji se krenulo nije ba\u0161 najsretniji.<\/p>\n<p>Trebalo bi napraviti selekciju, jer se mo\u017ee desiti da ostanu ljudi koji ne rade dovoljno, a da odu oni koji su i te kako potrebni. Optimista sam i mislim da \u0107u na kraju ipak biti izuzet sa tog popisa, iako li\u010dno mislim da se nisam niti trebao na\u0107i na njemu. Da je televizija htjela mene da za\u0161titi, trebalo me odmah skinuti s tog popisa, tako da danas ne bi morali o tome ni razgovarati.\u00a0Niti bih ja morao na ulici svakom prolazniku obja\u0161njavati da to sve nije ba\u0161 tako i na neki na\u010din braniti i televiziju i sebe.\u00a0U stvari, to je unijelo neki nemir i u moj privatan \u017eivot. Ljudi me i ku\u0107i nazivaju. Mislim da tome nisam trebao biti izlo\u017een, iako \u0107e, ja vjerujem, to sve dobro zavr\u0161iti.<\/p>\n<p>Ako ipak odem u penziju, ja \u0107u na kraju i dalje raditi.\u00a0Sama \u010dinjenica da ja sada razmi\u0161ljam da li sam star, da li uop\u0107e mogu raditi, ne prija. Stvori se neka nesigurnost koja u mom poslu ba\u0161 i nije potrebna. Imam relativno malu pla\u0107u, nekih 12 milijardi, nakon 30 godina sta\u017ea i moja bi penzija bila \u010detiri-pet milijardi, ako bi sutra, prekosutra oti\u0161ao u tu prijevremenu.<\/p>\n<p>Mnogo govorimo o tr\u017ei\u0161tu, ali to tr\u017ei\u0161te kod nas jo\u0161 nije za\u017eivilo. Nema, na \u017ealost, ni konkurencije. Bilo bi sjajno kada bi postojala jo\u0161 jedna televizija u Hrvatskoj, jedna konkurentska televizija. Bilo bi dosta ljudi, koji bi sada trebali i\u0107i u penziju, a mogli bi napraviti jedan fini program.\u00a0Onda bi mogli konkurirati ovoj sada\u0161njoj. Ali, nema ni toga. Na zapadu, ako ide jedan dobar program, u njega treba ulo\u017eiti i treba ga dr\u017eati i \u010duvati, jer \u0107e donijeti prihod.<\/p>\n<div id=\"attachment_6660\" style=\"width: 646px\" class=\"wp-caption aligncenter\"><img loading=\"lazy\" decoding=\"async\" aria-describedby=\"caption-attachment-6660\" class=\"size-medium wp-image-6660\" src=\"http:\/\/www.mojevrijeme.hr\/magazin\/wp-content\/uploads\/2016\/03\/oliver-mlakar-kisobran-636x352.jpg\" alt=\"Oliver Mlakar\" width=\"636\" height=\"352\" srcset=\"https:\/\/www.mojevrijeme.hr\/magazin\/wp-content\/uploads\/2016\/03\/oliver-mlakar-kisobran-636x352.jpg 636w, https:\/\/www.mojevrijeme.hr\/magazin\/wp-content\/uploads\/2016\/03\/oliver-mlakar-kisobran.jpg 740w\" sizes=\"auto, (max-width: 636px) 100vw, 636px\" \/><p id=\"caption-attachment-6660\" class=\"wp-caption-text\">foto: Studio 1971.<\/p><\/div>\n<p><strong>Kada ipak odete u penziju, \u010dime \u0107ete se baviti?<\/strong><\/p>\n<p>Imam toliko interesovanja da ne znam \u0161to bi mogao eliminirati uop\u0107e. Vjerujem da \u0107u jo\u0161 raditi i na televiziji, jer to je medij koji volim. Imam dosta iskustva. Moja obitelj ima jednu malu galeriju slika ispod svodova uspinja\u010de u starom dijelu Zagreba.\u00a0Velika smo obitelj koja se dobro sla\u017ee, dobili smo unuka prije \u0161est mjeseci. Imamo i strastveni hobi, to su dva mala psa (crni patuljasti \u0161nauceri, od kojih je jedan pro\u0161logodi\u0161nji evropski prvak, prim. E. \u0106.). \u00a0Za obitelj, normalan \u017eivot i dan koji traje 24 sata &#8211; mislim da je to dovoljno.<\/p>\n<p><strong>U doma\u0107em TV prostoru do sada niste dobili valjanog naslednika. Kako vidite podmla\u0111ivanje voditeljskog poziva?<\/strong><\/p>\n<p>Nije to lako objasniti. Nekoliko se komponenata prepli\u0107e. U prvom redu, mladi ljudi nisu dovoljno ustrajni. Mo\u017eda im se ne pru\u017ea dovoljno \u0161anse. Nema ni dovoljno programa da bi oni mogli pokazati \u0161to znaju. Kod nas u Hrvatskoj TV postoji sada Drugi kanal, koncipiran kao kontakt program, sa puno mladih voditelja koji to sada rade.\u00a0Mislim da \u0107e se me\u0111u njima na\u0107i ljudi koji \u0107e mo\u0107i i dalje raditi taj posao. Sada tako izgleda da ja nemam nasljednika, ali kada bih se sutra razbolio ili oti\u0161ao doista u penziju, neko bi ve\u0107 usko\u010dio u emisiju.\u00a0Vjerujem u mlade koji \u0107e iskoristiti svoju \u0161ansu.<\/p>\n<p><strong>Va\u0161e osnovno oru\u017eje je jezik. Trpi li on promjene? Javljaju se u poslednje vreme neki novi izrazi, nove re\u010di, kroatizacija u svim emisijama Hrvatske TV.<\/strong><\/p>\n<p>Osje\u0107am da se jezik po malo mijenja. Uglavnom govorim kao \u0161to sam govorio i do sada. Niti to mogu preko no\u0107i mijenjati, niti me netko na to primorava, koliko znam nitko nije primoravan. Ipak, \u010de\u0161\u0107e se \u010duju neke zaboravljene rije\u010di koje se nisu koristile.\u00a0Mislim da je to dobro. Ima jako lijepih hrvatskih rije\u010di koje su bez ikakvog razloga nestale i koje se dosta stidljivo ponovo javljaju. Donose mo\u017eda pomalo i arhai\u010dnost tom jeziku, ali i nekakav poseban \u0161arm.<\/p>\n<p>Apsolutno sam za to da se jezik mijenja, da ima svoju osobenost, da se ljudi izra\u017eavaju onako kako se najbolje osje\u0107aju, bez ikakvih prepreka ili granica. Nema nikakve prisile, da se sada recimo mora re\u0107i Europa, umjesto Evropa. Mo\u017eete re\u0107i i jedno i drugo.<\/p>\n<p><strong>Danas, kada se politika u sve upli\u0107e &#8211; kako da se sa\u010duva \u010dast profesije?<\/strong><\/p>\n<p>U svojoj profesiji ne osje\u0107am nikakav problem te vrste. \u010covjek samo mora biti savjestan, profesionalno obavljati svoj osao, onako kako ga je uvijek radio.<\/p>\n<p><strong>\u010cesto ste ranije bili gost Beograda i na estradnim podijumima i u jednoj de\u010dijoj emisiji ste igrali &#8211; sebe. Ne\u0161to vas u poslednje vreme nema?<\/strong><\/p>\n<p>Pa to je prirodno. Vidite kako smo se podijelili. Politi\u010dari su nas uspjeli zavaditi.<\/p>\n<p><strong>U Beogradu je brojna va\u0161a publika, tu su i va\u0161i prijatelji. U kakvim odnosima ste ostali? Da li vas i dalje pozivaju?<\/strong><\/p>\n<p>Naravno, jo\u0161 uvijek imam prijatelja u Beogradu. Nikada ta prijateljstva nisu bila tako prisna, da bismo se posje\u0107ivali ili nazivali telefonom. Mislim da se ona nisu pokvarila ni malo i da \u0107u ja uvijek rado sresti Mi\u0107u Orlovi\u0107a i on mene, a tako je i sa mnogim drugim kolegama sa beogradske televizije.<\/p>\n<p><strong>Kakav je va\u0161 odnos prema publici koja vas veoma ceni i van Hrvatske?<\/strong><\/p>\n<p>Ja po\u0161tujem svakoga gledaoca iz bilo kog kraja da je. Uop\u0107e ne pravim nikakve razlike. Mislim da op\u0107enito me\u0111u ljudima i ne postoje, ne prave se razlike.<\/p>\n<p><strong>Sve \u0161to se de\u0161avalo oko &#8220;Evrovizije 90&#8221; odmah je tuma\u010deno kao ogra\u0111ivanje hrvatskog medijskog prostora od svega \u0161to je Jugoslovensko. Kako danas gledate na sve to?<\/strong><\/p>\n<p>Mislim da se nije ni\u0161ta posebno doga\u0111alo, osim onoga incidenta sa voditeljima. A taj incident nije uop\u0107e bio povezan s politikom, iako se on ispolitizirao. Takva je izgleda situacija kod nas posljednjih godina da nam je politika postala sudbina.\u00a0Kad pogleda\u0161 kroz prozor, neko ve\u0107 misli da se bavi\u0161 politikom i da ne\u0161to politizira\u0161&#8230;<\/p>\n<p>To je bila stvar isklju\u010divo profesionalne i ljudske prirode. Voditelji su bili odabrani mjesec dana prije samoga natjecanja, iako se to moglo u\u010diniti mnogo, mnogo ranije.\u00a0Tog \u010dasa kada je ve\u0107 re\u010deno ko vodi, ko je rezerva, onda je to trebalo biti zavr\u0161ena stvar. Tim prije \u0161to je, sude\u0107i prema reakciji i kritike i gledalaca, izbor bio u redu.\u00a0Do\u0161lo je do nekakvih polarizacija, ali ne razumijem zbog \u010dega. Isti oni koji su nas odredili za voditelje po\u010deli su pomalo navijati za mla\u0111i par.<\/p>\n<p>To smo Helga i ja osjetili, da se ne\u0161to sa strane kuha, ali uop\u0107e ne zbog toga \u0161to je netko iz Beograda ili Zagreba. Mislili smo samo da taj odnos prema nama nije u redu i jednostavno smo par dana prije, kada je Radman (Goran Radman direktor TV Zagreb i izvr\u0161ni producent &#8220;Evrovizije 90&#8221; prim. E. \u0106.) rekao i javno na televiziji da se jo\u0161 ne zna ko \u0107e voditi, smatrali da je nedopustivo da se stavljamo u takvu situaciju.\u00a0Zato smo mi dali te ostavke koje su se shvatile svakako, da se ne vra\u0107amo na tu politiku.<\/p>\n<p><strong>Kako danas gledate na te doga\u0111aje? Da li je sve moglo da se re\u0161i iza zatvorenih vrata?<\/strong><\/p>\n<p>Mo\u017eda se i moglo. Vjerojatno. Izgleda da ni Helga ni ja nismo bili svjesni kakva \u0107e se lavina odmotati nakon tog na\u0161eg poteza. Ja sam se sam upla\u0161io toga.\u00a0Morali smo se vratiti, jer su protesti gledalaca (preko Radio Sljemena) bili veliki. U\u017easan je bio to revolt. Sada kada o tome razmi\u0161ljam &#8211; mo\u017eda to nismo trebali tako napraviti, ali&#8230;<\/p>\n<p><strong>Da li ste \u010duli da su pretili Dubravki Markovi\u0107 u to vreme da ne sme da se pojavi kao voditelj?<\/strong><\/p>\n<p>Ne\u0161to sam \u010duo, ne\u0161to pro\u010ditao, ako je to tako, onda mi je doista \u017eao. Sve to je nepotrebno. Uvijek u svemu ima, u tim ekstremnim situacijama lu\u0111aka spremnih da prijete. Ne bi mo\u017eda trebalo previ\u0161e pridavati va\u017enosti tome.<\/p>\n<p><strong>Kako vidite jugoslovensku stvarnost danas &#8211; kako se ose\u0107ate?<\/strong><\/p>\n<p>Poku\u0161avam se izolirati iz svega toga, iako mi potpuno ne uspijeva. Jednostavno, ho\u0107e\u0161-ne\u0107e\u0161 mora\u0161 razmi\u0161ljati i poku\u0161ati vidjeti kako to izgleda. Vrlo je komplicirano, o\u010dito. Nesloga je totalna. Ni na ju\u010dera\u0161njoj sjednici Predsjedni\u0161tva stavovi se nisu pribli\u017eili ni malo. Ja sam optimist, mislim da su to sada tvrdi pregovori koji \u0107e donijeti neke rezultate na kraju.<\/p>\n<p>Jugoslaviju vidim u budu\u0107nosti kao sjajan savez suverenih dr\u017eava. Ovo ne govorim stoga \u0161to je to stav Hrvatske vlade, nego mi se \u010dini da je to ne\u0161to \u0161to je sasvim prihvatljivo, \u0161to ne bi moglo nikome \u0161koditi i smetati, a \u0161to bi nam kona\u010dno donijelo mir u na\u0161 prostor.\u00a0Ipak,<\/p>\n<p><strong>\u0160ta vi, kao intelektualac, mislite o filmu koji je snimila JNA o naoru\u017eavanju u Hrvatskoj?<\/strong><\/p>\n<p>Mislim da je bila velika gre\u0161ka \u0161to je on uop\u0107e bio emitiran. To je nepopravljiva gre\u0161ka i to se jednostavno nije smjelo dogoditi. Da se to dogodilo u jednom demokratskom dru\u0161tvu, kao \u0161to je recimo Amerika, koliko sam upoznat s njihovim pravnim normama, da se na taj na\u010din nekoga \u0161pijuniralo u njegovom privatnom stanu, ve\u0107 bi bili u zatvoru, bez obzira \u0161to su oni otkrili.<\/p>\n<p><strong>Neosporno da je oru\u017eje stiglo i da ga ima. Nije li to naoru\u017eavanje dokaz nekog velikog straha od Srba u Hrvatskoj?<\/strong><\/p>\n<p>Nije, ne vidim ja to tako. Koliko sam informiran, kao gra\u0111anin, ne znam da li to sve na\u0161e novine pi\u0161u, ali pro\u010ditao sam da je na\u0161a teritorijalna obrana razoru\u017eana svojevremeno. Ne vidim razloga \u0161to se to napravilo. Nakon toga je Hrvatska, suverena Hrvatska, htjela imati svoj milicijski sastav, koji je morao imati i neko naoru\u017eanje. Onda je kupila to naoru\u017eanje za taj sastav.<\/p>\n<p>Uvjeren sam da on nije naoru\u017ean zbog toga da bi se nekoga napalo i da bi se napravila neka pobuna, nego jednostavno zbog toga da ta jedna dr\u017eava koja se zove Hrvatska, mo\u017ee se zvati i druga\u010dije, ima jedan sastav koji mo\u017ee tu zemlju braniti od bilo koga ko bi je napao ili tko bi htio praviti bilo kakve nerede.<\/p>\n<p>Mislim da tom strahu nema mjesta.\u00a0\u010cini mi se da se ipak vi\u0161e pi\u0161e o nekom strahu od Hrvata, nego od Srba.\u00a0Ili je to obostrani strah.\u00a0Mo\u017ee biti da toga i ima, ali \u010dovjek kao ja, koji \u017eivim u ovom okru\u017eenju, ne vidi nigdje nikakvu opasnost niti razlog za strah. Mo\u017eda je to pogre\u0161an dojam, ali&#8230;<\/p>\n<p><strong>Ranije ste rado gostovali i u drugim krajevima. Da vas sada pozovu, da li biste se odazvali?<\/strong><\/p>\n<p>Pa naravno. Za\u0161to da ne?<\/p>\n<p><strong>Da li pripadate nekoj stranci i kakva su va\u0161a strana\u010dka opredeljenja?<\/strong><\/p>\n<p>Nisam nikada nekoj posebnoj stranci pripadao. Moja stranka je moja obitelj. To je ova moja osnovna obiteljska \u0107elija, kojoj svim srcem i du\u0161om pripadam i mojoj profesiji. To su moja strana\u010dka uvjerenja.<\/p>\n<p><strong>Ima li u va\u0161oj profesiji nekog dela kog se niste dotakli, ne\u0161to \u0161to je ostalo kao profesionalna \u017eelja?<\/strong><\/p>\n<p>Ne znam. Mislim da nije. Mnoge sam stvari radio i oku\u0161ao se u svemu. \u010cini mi se da mi je ovo nekako i\u0161lo najbolje i sa najmanje napora sam uspio raditi posao, te sam u njemu i ostao. Mo\u017eda je to bila malo i komocija ili nedovoljna ambicija da se probam na ne\u010demu drugom vi\u0161e anga\u017eirati.<\/p>\n<p><strong>Da niste bili voditelj, \u010dime biste se bavili?<\/strong><\/p>\n<p>Mo\u017eda bih bio negdje profesor francuskog jezika. Kada sam po\u010dinjao, radio sam u institutu kod doktora Guberine koji je na\u0161 poznati stru\u010dnjak za ispitivanje i lije\u010denje gluhih. On ima svoje metode, i krug svojih suradnika me\u0111u kojima sam i ja bio. Mo\u017eda bih negdje u nauci zavr\u0161io.<\/p>\n<p><em>Teme intervjua bile su iscrpljene. Privode\u0107i razgovor kraju, nametnuo se i razgovor o umiljatim ku\u0107nim ljubimcima. Svojom pitomo\u0161\u0107u i lepotom mame svakoga ko poseti Mlakarove. Govore\u0107i o ljubavi prema psima, doma\u0107in je izme\u0111u ostaloga otkrio i jo\u0161 jednu tajnu:\u00a0&#8220;Moja supruga toliko voli pse da bih, kada bih se ponovo rodio, \u017eelio da budem &#8211; pas moje \u017eene.&#8221;\u00a0Bila je to najljubavnija izreka koju je va\u0161 reporter, dragi \u010ditaoci ikada \u010duo.\u00a0Ne znam sigurno da li je i gospo\u0111a Mlakar \u010dula ovaj deo razgovora, koji se sasvim slu\u010dajno vodio ba\u0161 na dan Svetog Valentina.<\/em><\/p>\n<p><em>\/autorica:\u00a0Emina \u0106iri\u0107, TV novosti,\u00a0o\u017eujak\u00a01991.\/<a href=\"http:\/\/www.yugopapir.com\/\" target=\"_blank\">Yugopapir<\/a>\/<\/em><\/p>\n<div id=\"mojev-2244076481\" class=\"mojev-kraj-teksta mojev-entity-placement\" style=\"margin-bottom: 20px;margin-left: auto;margin-right: auto;text-align: center;\"><div class=\"mojev-adlabel\">oglas<\/div><div style=\"height: 250px;\"><script async src=\"https:\/\/pagead2.googlesyndication.com\/pagead\/js\/adsbygoogle.js?client=ca-pub-8106111766207173\"\r\n     crossorigin=\"anonymous\"><\/script>\r\n<!-- Display-1 -->\r\n<ins class=\"adsbygoogle\"\r\n     style=\"display:block\"\r\n     data-ad-client=\"ca-pub-8106111766207173\"\r\n     data-ad-slot=\"1465712950\"\r\n     data-ad-format=\"auto\"\r\n     data-full-width-responsive=\"true\"><\/ins>\r\n<script>\r\n     (adsbygoogle = window.adsbygoogle || []).push({});\r\n<\/script><\/div><\/div>","protected":false},"excerpt":{"rendered":"<p>Mi se i dalje mo\u017eemo zvati Jugoslavija, ali neka sporazum bude na zdravim ekonomskim temeljima, pa da se ide dalje zajedno, ali ipak da svaka jedinka u toj Jugoslaviji ima nekakav svoj suverenitet i svoje pravo i svoj udio u toj zajedni\u010dkoj dr\u017eavi.<\/p>\n","protected":false},"author":2,"featured_media":6666,"comment_status":"closed","ping_status":"open","sticky":false,"template":"","format":"standard","meta":{"footnotes":""},"categories":[84],"tags":[449,188,769,328,142],"class_list":["post-6658","post","type-post","status-publish","format-standard","has-post-thumbnail","hentry","category-show","tag-helga-vlahovic","tag-jugoslavija","tag-oliver-mlakar","tag-retro","tag-televizija"],"_links":{"self":[{"href":"https:\/\/www.mojevrijeme.hr\/magazin\/wp-json\/wp\/v2\/posts\/6658","targetHints":{"allow":["GET"]}}],"collection":[{"href":"https:\/\/www.mojevrijeme.hr\/magazin\/wp-json\/wp\/v2\/posts"}],"about":[{"href":"https:\/\/www.mojevrijeme.hr\/magazin\/wp-json\/wp\/v2\/types\/post"}],"author":[{"embeddable":true,"href":"https:\/\/www.mojevrijeme.hr\/magazin\/wp-json\/wp\/v2\/users\/2"}],"replies":[{"embeddable":true,"href":"https:\/\/www.mojevrijeme.hr\/magazin\/wp-json\/wp\/v2\/comments?post=6658"}],"version-history":[{"count":0,"href":"https:\/\/www.mojevrijeme.hr\/magazin\/wp-json\/wp\/v2\/posts\/6658\/revisions"}],"wp:featuredmedia":[{"embeddable":true,"href":"https:\/\/www.mojevrijeme.hr\/magazin\/wp-json\/wp\/v2\/media\/6666"}],"wp:attachment":[{"href":"https:\/\/www.mojevrijeme.hr\/magazin\/wp-json\/wp\/v2\/media?parent=6658"}],"wp:term":[{"taxonomy":"category","embeddable":true,"href":"https:\/\/www.mojevrijeme.hr\/magazin\/wp-json\/wp\/v2\/categories?post=6658"},{"taxonomy":"post_tag","embeddable":true,"href":"https:\/\/www.mojevrijeme.hr\/magazin\/wp-json\/wp\/v2\/tags?post=6658"}],"curies":[{"name":"wp","href":"https:\/\/api.w.org\/{rel}","templated":true}]}}