{"id":66604,"date":"2023-01-04T12:45:32","date_gmt":"2023-01-04T11:45:32","guid":{"rendered":"https:\/\/www.mojevrijeme.hr\/magazin\/?p=66604"},"modified":"2023-01-04T12:46:54","modified_gmt":"2023-01-04T11:46:54","slug":"cijene-luduju-trgovci-najavili-nova-poskupljenja-frizeri-poskupjeli-jer-su-im-kovanice-problem","status":"publish","type":"post","link":"https:\/\/www.mojevrijeme.hr\/magazin\/2023\/01\/cijene-luduju-trgovci-najavili-nova-poskupljenja-frizeri-poskupjeli-jer-su-im-kovanice-problem\/","title":{"rendered":"Cijene luduju, trgovci najavili nova poskupljenja, frizeri poskupjeli jer su im kovanice &#8216;problem&#8217;"},"content":{"rendered":"\n<p>Dru\u0161tvene mre\u017ee zatrpane su komentarima potro\u0161a\u010da koji uspore\u0111uju cijene osnovnih \u017eivotnih artikala prije i nakon ulaska u eurozonu. Nesumnjivo, velik dio trgovaca poskupio je artikle zaokru\u017eiv\u0161i cijene u eurima navi\u0161e, \u0161to je potaknulo raspravu izme\u0111u Vlade, trgovaca i gra\u0111ana.<\/p>\n\n\n\n<p>Posebno je bizarno obja\u0161njene <strong>Ivone Obri\u0107\u00a0<\/strong>iz Ceha frizera, kozmeti\u010dara i pedikera Rijeka koja je za Novu TV zaokru\u017eivanje cijena u eurima objasnila uz evidentan smijeh u kameru. &#8220;Cijene su prilago\u0111ene tako da\u00a0nema ba\u0161 previ\u0161e kovanica\u00a0jer bi nam to radilo problem zbog bankomata, zato \u0161to oni ne primaju kovanice. Ne\u0161to je oti\u0161lo gore, ne\u0161to dolje, ali je sve u svemu\u00a0<strong>postignuta je nekakva najzlatnija sredina<\/strong>&#8220;, rekla je Obri\u0107. S klijentima zbog toga, ka\u017ee, nema problema. &#8220;Imamo dobre klijente&#8221;, objasnila je.<\/p>\n\n\n\n<p>&#8220;Komentar gra\u0111ana u velikoj je&nbsp;mjeri proma\u0161en.<strong>&nbsp;Ve\u0107ina poskupljenja ne doga\u0111a se zbog uvo\u0111enja eura<\/strong>. Poskupljenja su se dogodila i prije, u zadnjem kvartalu pro\u0161le godine, i nastavit \u0107e se u prvom kvartalu 2023. zbog svih tro\u0161kova koji je pogodio sektor trgovine&#8221;, rekao je za Novu TV Denis \u010cupi\u0107, predsjednik Udruge trgovine i logistike.<\/p><div id=\"mojev-1510971320\" class=\"mojev-u-tekstu mojev-entity-placement\" style=\"margin-left: auto;margin-right: auto;text-align: center;\"><div class=\"mojev-adlabel\">oglas<\/div><div style=\"height: 250px;\"><script async src=\"https:\/\/pagead2.googlesyndication.com\/pagead\/js\/adsbygoogle.js?client=ca-pub-8106111766207173\"\r\n     crossorigin=\"anonymous\"><\/script>\r\n<!-- Prikazni 1 u tekstu -->\r\n<ins class=\"adsbygoogle\"\r\n     style=\"display:block\"\r\n     data-ad-client=\"ca-pub-8106111766207173\"\r\n     data-ad-slot=\"8535551207\"\r\n     data-ad-format=\"auto\"\r\n     data-full-width-responsive=\"true\"><\/ins>\r\n<script>\r\n     (adsbygoogle = window.adsbygoogle || []).push({});\r\n<\/script><\/div><\/div><br style=\"clear: both; display: block; float: none;\"\/>\n\n\n\n<p>&#8220;Treba napomenuti da s krajem pro\u0161le godine zavr\u0161avaju terminski ugovori za struju. Iako ove mjere koje je Vlada donijela jesu ubla\u017eile rast cijena energenata, ve\u0107ini trgovaca su ra\u010duni koje su dobili u 12. mjesecu, a posebno oni koje \u0107e imati u narednim mjesecima nekoliko puta ve\u0107i nego \u0161to su bili prije. Krajem ograni\u010denja cijena u \u010detvrtom mjesecu bit \u0107e jo\u0161 i ve\u0107i. S druge strane, vidjeli&nbsp;smo da je ve\u0107ina&nbsp;<strong>gradova za pet posto povisila cijene parkinga<\/strong>, a nismo vidjeli da se upire prstom u gradona\u010delnike&#8221;, dodao je \u010cupi\u0107. <\/p>\n\n\n\n<p>Istovremeno je Martin Eva\u010di\u0107, predsjednik Udruge trgovina pri HUP-u, u programu N1 televizije objasnio za\u0161to je do udara na standard do\u0161lo te je najavio i nova poskupljenja.<\/p>\n\n\n\n<p>&#8220;Mi se nemamo zbog \u010dega urazumiti. Vladi \u0107emo idu\u0107i tjedan dostaviti najavu preko 40 novih cjenika. Do porasta cijena nije do\u0161lo dizanjem mar\u017ei trgovaca nego zbog inflatornih pritisaka, zbog rasta sirovina i energije, zbog porasta tro\u0161kova proizvodnje, a od 1.2. imamo najavu preko 40 novih cjenika\u201d, rekao je te dodao: \u201cTo nisu onakva pove\u0107anja kakva su bila u prvom valu ali opet su pove\u0107anja.&nbsp;Vlada&nbsp;i Ministarstvo gospodarstva bi trebali provjeriti na\u0161e mar\u017ee i cjenike koje smo dostavili i zajedno s nama i proivo\u0111a\u010dima sjesti i razgovarati o tome tko mo\u017ee izdr\u017eati teret novih tro\u0161kova, a ne da se trgovci prikazuju kao netko tko je dizao cijene&#8221;, kazao je Eva\u010di\u0107.<\/p>\n<div id=\"mojev-2468651014\" class=\"mojev-kraj-teksta mojev-entity-placement\" style=\"margin-bottom: 20px;margin-left: auto;margin-right: auto;text-align: center;\"><div class=\"mojev-adlabel\">oglas<\/div><div style=\"height: 250px;\"><script async src=\"https:\/\/pagead2.googlesyndication.com\/pagead\/js\/adsbygoogle.js?client=ca-pub-8106111766207173\"\r\n     crossorigin=\"anonymous\"><\/script>\r\n<!-- Display-1 -->\r\n<ins class=\"adsbygoogle\"\r\n     style=\"display:block\"\r\n     data-ad-client=\"ca-pub-8106111766207173\"\r\n     data-ad-slot=\"1465712950\"\r\n     data-ad-format=\"auto\"\r\n     data-full-width-responsive=\"true\"><\/ins>\r\n<script>\r\n     (adsbygoogle = window.adsbygoogle || []).push({});\r\n<\/script><\/div><\/div>","protected":false},"excerpt":{"rendered":"<p>Dru\u0161tvene mre\u017ee zatrpane su komentarima potro\u0161a\u010da koji uspore\u0111uju cijene osnovnih \u017eivotnih artikala prije i nakon ulaska u eurozonu. Nesumnjivo, velik dio trgovaca poskupio je artikle zaokru\u017eiv\u0161i cijene u eurima navi\u0161e, \u0161to je potaknulo raspravu izme\u0111u Vlade, trgovaca i gra\u0111ana. Posebno je bizarno obja\u0161njene Ivone Obri\u0107\u00a0iz Ceha frizera, kozmeti\u010dara i pedikera Rijeka koja je za Novu [&hellip;]<\/p>\n","protected":false},"author":1,"featured_media":62148,"comment_status":"closed","ping_status":"closed","sticky":false,"template":"","format":"standard","meta":{"footnotes":""},"categories":[9],"tags":[3265,236],"class_list":["post-66604","post","type-post","status-publish","format-standard","has-post-thumbnail","hentry","category-vijesti","tag-poskupljenja","tag-standard"],"_links":{"self":[{"href":"https:\/\/www.mojevrijeme.hr\/magazin\/wp-json\/wp\/v2\/posts\/66604","targetHints":{"allow":["GET"]}}],"collection":[{"href":"https:\/\/www.mojevrijeme.hr\/magazin\/wp-json\/wp\/v2\/posts"}],"about":[{"href":"https:\/\/www.mojevrijeme.hr\/magazin\/wp-json\/wp\/v2\/types\/post"}],"author":[{"embeddable":true,"href":"https:\/\/www.mojevrijeme.hr\/magazin\/wp-json\/wp\/v2\/users\/1"}],"replies":[{"embeddable":true,"href":"https:\/\/www.mojevrijeme.hr\/magazin\/wp-json\/wp\/v2\/comments?post=66604"}],"version-history":[{"count":0,"href":"https:\/\/www.mojevrijeme.hr\/magazin\/wp-json\/wp\/v2\/posts\/66604\/revisions"}],"wp:featuredmedia":[{"embeddable":true,"href":"https:\/\/www.mojevrijeme.hr\/magazin\/wp-json\/wp\/v2\/media\/62148"}],"wp:attachment":[{"href":"https:\/\/www.mojevrijeme.hr\/magazin\/wp-json\/wp\/v2\/media?parent=66604"}],"wp:term":[{"taxonomy":"category","embeddable":true,"href":"https:\/\/www.mojevrijeme.hr\/magazin\/wp-json\/wp\/v2\/categories?post=66604"},{"taxonomy":"post_tag","embeddable":true,"href":"https:\/\/www.mojevrijeme.hr\/magazin\/wp-json\/wp\/v2\/tags?post=66604"}],"curies":[{"name":"wp","href":"https:\/\/api.w.org\/{rel}","templated":true}]}}