{"id":6691,"date":"2016-03-09T18:07:43","date_gmt":"2016-03-09T17:07:43","guid":{"rendered":"http:\/\/www.mojevrijeme.hr\/magazin\/?p=6691"},"modified":"2016-03-11T08:03:27","modified_gmt":"2016-03-11T07:03:27","slug":"ankica-livic-kako-sam-postala-poduzetnicka-zvijezda-u-60-godini","status":"publish","type":"post","link":"https:\/\/www.mojevrijeme.hr\/magazin\/2016\/03\/ankica-livic-kako-sam-postala-poduzetnicka-zvijezda-u-60-godini\/","title":{"rendered":"Ankica Livi\u0107: Kako sam u mirovini postala poduzetni\u010dka zvijezda"},"content":{"rendered":"<p>&#8220;Ima li na tr\u017ei\u0161tu rada mjesta za umirovljenike?&#8221;, upitala se novinarka\u00a0<a href=\"http:\/\/www.vijesti.rtl.hr\/novosti\/hrvatska\/1935784\/kako-prezivjeti-u-mirovini-ne-dajte-se-pokrenite-biznis-ankici-i-jelki-je-to-poslo-za-rukom\/\" target=\"_blank\">RTL-a<\/a>\u00a0po\u010dinju\u0107i prigodnu pri\u010du povodom <a href=\"http:\/\/www.mojevrijeme.hr\/magazin\/2016\/03\/e-bas-necu-8-ozujka\/\" target=\"_blank\">Me\u0111unarodnog dana \u017eena<\/a>. Naizgled besmisleno pitanje s obzirom da posla nema ni za one koji su u punoj radnoj snazi, ali ima primjera koji govore da se i u\u00a0kasnijim\u00a0godinama mo\u017ee; kad se jako ho\u0107e i mora. Feministice, sigurni smo, nisu zadovoljne odabranim primjerom koji i na praznik koji zahtjeva \u017eensku ravnopravnost slavi gospo\u0111u koja se bavi &#8220;naj\u017eenskijim&#8221; od svih poslova. Ali te\u0161ko je pore\u0107i da se radi o dobroj motivacijskoj pri\u010di.<\/p>\n<p>\u010cisti, pegla, pere i tako dobro zara\u0111uje. <strong>Ankica Livi\u0107<\/strong>\u00a0 postala je poduzetnica u &#8220;ozbiljnim godinama&#8221;\u00a0kada je\u00a0nakon karijere ra\u010dunovotkinje u dr\u017eavnoj upravi prisilno zavr\u0161ila u prijevremenoj mirovini. Mirovati nije mogla, jer su je pritisnuli krediti i i obveze, a od obitelji nije htjela tra\u017eiti pomo\u0107.\u00a0U 60. nije uspjela prona\u0107i posao u struci, ali nije o\u010dajavala. Pa sada uz mirovinu zara\u0111uje jednu prosje\u010dnu pla\u0107u. A po\u010detno ulaganje za registriranje takozvanog sporednog zanimanja bilo je 70 kuna biljega i 100 kuna u gradski prora\u010dun. I to je to.<\/p>\n<p>&#8220;Dok su mi zdrave ruke i noge, dok sam ja zdrava, mogu apsolutno sve raditi. To sam radila kao majka i doma\u0107ica cijeli \u017eivot&#8221;, ka\u017ee Ankica.\u00a0Ali danas to radi za stotine klijenata. Ima tri zaposlenice, <a href=\"http:\/\/kucanskiposlovi.com\/\" target=\"_blank\">odli\u010dnu internetsku\u00a0stranicu<\/a>, i od ljeta vodi uspje\u0161an posao. Toliko uspje\u0161an da joj telefon stalno zvoni, a nove klijente nema kamo upisati.\u00a0&#8220;Vjerujte, nisam o\u010dekivala. Vjerovala sam u to kad sam krenula, ali to je bilo skromno&#8221;, ka\u017ee Ankica.<\/p><div id=\"mojev-1845174453\" class=\"mojev-u-tekstu mojev-entity-placement\" style=\"margin-left: auto;margin-right: auto;text-align: center;\"><div class=\"mojev-adlabel\">oglas<\/div><div style=\"height: 250px;\"><script async src=\"https:\/\/pagead2.googlesyndication.com\/pagead\/js\/adsbygoogle.js?client=ca-pub-8106111766207173\"\r\n     crossorigin=\"anonymous\"><\/script>\r\n<!-- Prikazni 1 u tekstu -->\r\n<ins class=\"adsbygoogle\"\r\n     style=\"display:block\"\r\n     data-ad-client=\"ca-pub-8106111766207173\"\r\n     data-ad-slot=\"8535551207\"\r\n     data-ad-format=\"auto\"\r\n     data-full-width-responsive=\"true\"><\/ins>\r\n<script>\r\n     (adsbygoogle = window.adsbygoogle || []).push({});\r\n<\/script><\/div><\/div><br style=\"clear: both; display: block; float: none;\"\/>\n<p>Mo\u017eda je ova poduzetnica u mirovini dobar primjer za zaposlenike dr\u017eavne uprave koje Vlada u\u00a0penziju planira namamiti otpremninom. U sindikatima vjeruju kako \u0107e to privu\u0107i tisu\u0107e ljudi pa su izra\u010dunali i kolika bi mogla biti otpremnina. \u00a0&#8220;Ni\u017ea stru\u010dna sprema mo\u017ee se nadati 60 do 80 tisu\u0107a kuna, dok se srednja stru\u010dna sprema mo\u017ee nadati 80 do 100\u00a0tisu\u0107a kuna&#8221;, ka\u017ee <strong>Sini\u0161a Kuhar<\/strong> iz sindikata dr\u017eavnih slu\u017ebenika i namje\u0161tenika.<\/p>\n<p>A s tim novcima se mo\u017ee sva\u0161ta, ako je netko inovativan, jer za poduzetni\u0161tvo nikad nije kasno.\u00a0&#8220;Mo\u017ee i bez 100 tisu\u0107a\u00a0kuna. Ra\u010dunalo ko\u0161ta par tisu\u0107a kuna, \u00a0a s njim mo\u017eete stvoriti proizvod vrijedan par milijuna eura. To je optimisti\u010dna pri\u010da, ali moramo poku\u0161avati&#8221;, ka\u017ee <strong>Igor \u017donja<\/strong>, direktor portala MojPosao.<\/p>\n<p>Gospo\u0111a Ankica s po\u010detka ove pri\u010de je poku\u0161ala i uspjela. Nije do\u0161lo do milijuna eura, ali jest do uspje\u0161nog biznisa koji planira i pro\u0161iriti.\u00a0&#8220;Rami\u0161ljam da bi se pro\u0161irila na more. Zovu me na Krk i u Split, imamo puno lijepih zamisli&#8221;, ka\u017ee.\u00a0I ba\u0161 to je najva\u017enije &#8211; imati ideju i volju, ka\u017ee ova poduzetnica \u010diju cijelu pri\u010du mo\u017eete pogledati na s<a href=\"http:\/\/www.vijesti.rtl.hr\/novosti\/hrvatska\/1935784\/kako-prezivjeti-u-mirovini-ne-dajte-se-pokrenite-biznis-ankici-i-jelki-je-to-poslo-za-rukom\/\" target=\"_blank\">tranicama RTL-a<\/a>.<\/p>\n<div id=\"mojev-2475145946\" class=\"mojev-kraj-teksta mojev-entity-placement\" style=\"margin-bottom: 20px;margin-left: auto;margin-right: auto;text-align: center;\"><div class=\"mojev-adlabel\">oglas<\/div><div style=\"height: 250px;\"><script async src=\"https:\/\/pagead2.googlesyndication.com\/pagead\/js\/adsbygoogle.js?client=ca-pub-8106111766207173\"\r\n     crossorigin=\"anonymous\"><\/script>\r\n<!-- Display-1 -->\r\n<ins class=\"adsbygoogle\"\r\n     style=\"display:block\"\r\n     data-ad-client=\"ca-pub-8106111766207173\"\r\n     data-ad-slot=\"1465712950\"\r\n     data-ad-format=\"auto\"\r\n     data-full-width-responsive=\"true\"><\/ins>\r\n<script>\r\n     (adsbygoogle = window.adsbygoogle || []).push({});\r\n<\/script><\/div><\/div>","protected":false},"excerpt":{"rendered":"<p>Postala je poduzetnica sa 60 godina kada je nakon karijere ra\u010dunovotkinje u dr\u017eavnoj upravi zavr\u0161ila u prijevremenoj mirovini. Mirovati nije mogla, jer su je pritisnuli kredite i i obveze, a od obitelji nije htjela tra\u017eiti pomo\u0107. U 60. nije uspjela prona\u0107i posao u struci, ali nije o\u010dajavala. <\/p>\n","protected":false},"author":2,"featured_media":6692,"comment_status":"closed","ping_status":"open","sticky":false,"template":"","format":"standard","meta":{"footnotes":""},"categories":[9],"tags":[774,18,406,775],"class_list":["post-6691","post","type-post","status-publish","format-standard","has-post-thumbnail","hentry","category-vijesti","tag-ankica-livic","tag-mirovine","tag-poduzetnistvo","tag-sporedna-zanimanja"],"_links":{"self":[{"href":"https:\/\/www.mojevrijeme.hr\/magazin\/wp-json\/wp\/v2\/posts\/6691","targetHints":{"allow":["GET"]}}],"collection":[{"href":"https:\/\/www.mojevrijeme.hr\/magazin\/wp-json\/wp\/v2\/posts"}],"about":[{"href":"https:\/\/www.mojevrijeme.hr\/magazin\/wp-json\/wp\/v2\/types\/post"}],"author":[{"embeddable":true,"href":"https:\/\/www.mojevrijeme.hr\/magazin\/wp-json\/wp\/v2\/users\/2"}],"replies":[{"embeddable":true,"href":"https:\/\/www.mojevrijeme.hr\/magazin\/wp-json\/wp\/v2\/comments?post=6691"}],"version-history":[{"count":0,"href":"https:\/\/www.mojevrijeme.hr\/magazin\/wp-json\/wp\/v2\/posts\/6691\/revisions"}],"wp:featuredmedia":[{"embeddable":true,"href":"https:\/\/www.mojevrijeme.hr\/magazin\/wp-json\/wp\/v2\/media\/6692"}],"wp:attachment":[{"href":"https:\/\/www.mojevrijeme.hr\/magazin\/wp-json\/wp\/v2\/media?parent=6691"}],"wp:term":[{"taxonomy":"category","embeddable":true,"href":"https:\/\/www.mojevrijeme.hr\/magazin\/wp-json\/wp\/v2\/categories?post=6691"},{"taxonomy":"post_tag","embeddable":true,"href":"https:\/\/www.mojevrijeme.hr\/magazin\/wp-json\/wp\/v2\/tags?post=6691"}],"curies":[{"name":"wp","href":"https:\/\/api.w.org\/{rel}","templated":true}]}}