{"id":66984,"date":"2023-01-20T19:06:03","date_gmt":"2023-01-20T18:06:03","guid":{"rendered":"https:\/\/www.mojevrijeme.hr\/magazin\/?p=66984"},"modified":"2023-01-20T22:30:41","modified_gmt":"2023-01-20T21:30:41","slug":"razjareni-umirovljenik-iz-zadra-74-divljacki-pretukao-medicinsku-sestru-u-ljekarni","status":"publish","type":"post","link":"https:\/\/www.mojevrijeme.hr\/magazin\/2023\/01\/razjareni-umirovljenik-iz-zadra-74-divljacki-pretukao-medicinsku-sestru-u-ljekarni\/","title":{"rendered":"Razjareni umirovljenik iz Zadra (73) divlja\u010dki pretukao medicinsku sestru u ljekarni"},"content":{"rendered":"\n<p>Zadarski umirovljenik pretukao je u srijedu&nbsp;<strong>27-godi\u0161nju medicinsku sestru<\/strong>&nbsp;Doma zdravlja Zadarske \u017eupanije nakon \u0161to ju je oko 14.20 sati slu\u010dajno sreo u ljekarni u Ulici Stjepana Radi\u0107a na zadarskoj Vo\u0161tarnici gdje je do\u0161ao podignuti lijek koji mu je ona ranije uputila iz ambulante njegovog lije\u010dnika, pi\u0161e&nbsp;<a rel=\"noreferrer noopener\" href=\"https:\/\/slobodnadalmacija.hr\/dalmacija\/obala\/pacijent-73-pretukao-medicinsku-sestru-usred-zadarske-apoteke-udarao-me-je-na-podu-ljudi-su-vristali-od-soka-1258197\" target=\"_blank\">Slobodna Dalmacija.&nbsp;<\/a><\/p>\n\n\n\n<p>Budu\u0107i da je doza lijeka bila manja od one koju je tra\u017eio, 73-godi\u0161njak se najprije prepirao s ljekarnicom, a onda je i&nbsp;<strong>fizi\u010dki nasrnuo na medicinsku sestru&nbsp;<\/strong>koja je u tom trenutku u\u0161la u apoteku podignuti lijek za drugog pacijenta.<\/p>\n\n\n\n<p>Rekao joj je da je glupa te da je treba dobro &#8216;izbubetati&#8217;. Medicinska sestra ga je prepoznala te ga je poku\u0161ala smiriti i rekla mu da spusti ruku kojom joj prijeti, no on ju je uhvatio drugom rukom i pritusnuo na pod nakon \u010dega ju je po\u010deo<strong>&nbsp;udarati rukama i nogama.&nbsp;<\/strong><\/p><div id=\"mojev-4020554340\" class=\"mojev-u-tekstu mojev-entity-placement\" style=\"margin-left: auto;margin-right: auto;text-align: center;\"><div class=\"mojev-adlabel\">oglas<\/div><div style=\"height: 250px;\"><script async src=\"https:\/\/pagead2.googlesyndication.com\/pagead\/js\/adsbygoogle.js?client=ca-pub-8106111766207173\"\r\n     crossorigin=\"anonymous\"><\/script>\r\n<!-- Prikazni 1 u tekstu -->\r\n<ins class=\"adsbygoogle\"\r\n     style=\"display:block\"\r\n     data-ad-client=\"ca-pub-8106111766207173\"\r\n     data-ad-slot=\"8535551207\"\r\n     data-ad-format=\"auto\"\r\n     data-full-width-responsive=\"true\"><\/ins>\r\n<script>\r\n     (adsbygoogle = window.adsbygoogle || []).push({});\r\n<\/script><\/div><\/div><br style=\"clear: both; display: block; float: none;\"\/>\n\n\n\n<p>&#8220;Klompa mi je odletjela u kut apoteke. Ljudi su vri\u0161tali, a \u010dovjek me udarao rukama i nogama.<strong>&nbsp;Nisam znala ho\u0107u li ostati \u017eiva.<\/strong>&nbsp;Poku\u0161avala sam se iskobeljati, branila sam se, lamatala sam rukama i nogama. \u010cinilo mi se da ta no\u0107na mora traje \u010ditavu vje\u010dnost, dok mi kona\u010dno&nbsp;<strong>u pomo\u0107<\/strong>&nbsp;nije&nbsp;<strong>prisko\u010dio farmaceut&nbsp;<\/strong>iz apoteke koji ga je, na sre\u0107u, uspio zaustaviti&#8221;, ispri\u010dala je 27-godi\u0161nja medicinska sestra.&nbsp;<\/p>\n\n\n\n<p>Osim farmaceuta tijekom napada joj nitko nije pomogao iako je u ljekarni bilo i drugih kupaca te djelatnice ljekarne, a pretu\u010dena medicinska sestra je nakon napada pozvala policiju no mu\u0161karac je ve\u0107 bio oti\u0161ao.&nbsp; &#8220;Policija je do\u0161la na mjesto doga\u0111aja, no 73-godi\u0161njak je ve\u0107 bio oti\u0161ao. Ispala sam i ja kriva jer sam se<strong>&nbsp;branila da me ne ubije<\/strong>, ali su mi rekli da to ne smijem jer sam tako sudionica tu\u010dnjave. Samo sam se branila ako se tako mo\u017ee nazvati lamatanje rukama i nogama&#8221;, razo\u010darana je Zadranka.&nbsp;<\/p>\n\n\n\n<p>Lije\u010dnik joj je utvrdio<strong>&nbsp;lak\u0161e tjelesne ozlijede ramena i podlaktice<\/strong>, te te\u0161ku psiholo\u0161ku traumu, a zbog ozljeda je dobila i injekciju za bolove.<\/p>\n\n\n\n<p>Policija je cijeli doga\u0111aj zavela pod\u00a0<strong>naru\u0161avanje javnog reda i mira<\/strong>\u00a0navode\u0107i kako su se u ljekarni sukobili 73-godi\u0161njak i 27-godi\u0161njakinja. Naveli su kako su nakon uvreda jedan drugog gurali, te da su ih razdvojili policajci. Oboje su zaradili optu\u017eni prijedlog zbog naro\u010dito drskog pona\u0161anja, a izdana im je i mjera zabrane pribli\u017eavanja.<\/p>\n<div id=\"mojev-556793695\" class=\"mojev-kraj-teksta mojev-entity-placement\" style=\"margin-bottom: 20px;margin-left: auto;margin-right: auto;text-align: center;\"><div class=\"mojev-adlabel\">oglas<\/div><div style=\"height: 250px;\"><script async src=\"https:\/\/pagead2.googlesyndication.com\/pagead\/js\/adsbygoogle.js?client=ca-pub-8106111766207173\"\r\n     crossorigin=\"anonymous\"><\/script>\r\n<!-- Display-1 -->\r\n<ins class=\"adsbygoogle\"\r\n     style=\"display:block\"\r\n     data-ad-client=\"ca-pub-8106111766207173\"\r\n     data-ad-slot=\"1465712950\"\r\n     data-ad-format=\"auto\"\r\n     data-full-width-responsive=\"true\"><\/ins>\r\n<script>\r\n     (adsbygoogle = window.adsbygoogle || []).push({});\r\n<\/script><\/div><\/div>","protected":false},"excerpt":{"rendered":"<p>Osim farmaceuta tijekom napada joj nitko nije pomogao iako je u ljekarni bilo i drugih kupaca te djelatnice ljekarne, a pretu\u010dena medicinska sestra je nakon napada pozvala policiju no mu\u0161karac je ve\u0107 bio oti\u0161ao.<\/p>\n","protected":false},"author":1,"featured_media":66985,"comment_status":"closed","ping_status":"closed","sticky":false,"template":"","format":"standard","meta":{"footnotes":""},"categories":[9],"tags":[596,192],"class_list":["post-66984","post","type-post","status-publish","format-standard","has-post-thumbnail","hentry","category-vijesti","tag-crna-kronika","tag-zadar"],"_links":{"self":[{"href":"https:\/\/www.mojevrijeme.hr\/magazin\/wp-json\/wp\/v2\/posts\/66984","targetHints":{"allow":["GET"]}}],"collection":[{"href":"https:\/\/www.mojevrijeme.hr\/magazin\/wp-json\/wp\/v2\/posts"}],"about":[{"href":"https:\/\/www.mojevrijeme.hr\/magazin\/wp-json\/wp\/v2\/types\/post"}],"author":[{"embeddable":true,"href":"https:\/\/www.mojevrijeme.hr\/magazin\/wp-json\/wp\/v2\/users\/1"}],"replies":[{"embeddable":true,"href":"https:\/\/www.mojevrijeme.hr\/magazin\/wp-json\/wp\/v2\/comments?post=66984"}],"version-history":[{"count":0,"href":"https:\/\/www.mojevrijeme.hr\/magazin\/wp-json\/wp\/v2\/posts\/66984\/revisions"}],"wp:featuredmedia":[{"embeddable":true,"href":"https:\/\/www.mojevrijeme.hr\/magazin\/wp-json\/wp\/v2\/media\/66985"}],"wp:attachment":[{"href":"https:\/\/www.mojevrijeme.hr\/magazin\/wp-json\/wp\/v2\/media?parent=66984"}],"wp:term":[{"taxonomy":"category","embeddable":true,"href":"https:\/\/www.mojevrijeme.hr\/magazin\/wp-json\/wp\/v2\/categories?post=66984"},{"taxonomy":"post_tag","embeddable":true,"href":"https:\/\/www.mojevrijeme.hr\/magazin\/wp-json\/wp\/v2\/tags?post=66984"}],"curies":[{"name":"wp","href":"https:\/\/api.w.org\/{rel}","templated":true}]}}