{"id":67092,"date":"2023-01-24T10:30:27","date_gmt":"2023-01-24T09:30:27","guid":{"rendered":"https:\/\/www.mojevrijeme.hr\/magazin\/?p=67092"},"modified":"2023-01-24T13:53:24","modified_gmt":"2023-01-24T12:53:24","slug":"radnici-cistoce-strajkom-traze-veca-materijalna-prava-hoce-li-zagreb-potonuti-u-smece","status":"publish","type":"post","link":"https:\/\/www.mojevrijeme.hr\/magazin\/2023\/01\/radnici-cistoce-strajkom-traze-veca-materijalna-prava-hoce-li-zagreb-potonuti-u-smece\/","title":{"rendered":"Radnici \u010cisto\u0107e \u0161trajkom tra\u017ee ve\u0107e pla\u0107e. Ho\u0107e li Zagreb potonuti u sme\u0107e?"},"content":{"rendered":"\n<p>Radnici zagreba\u010dke \u010cisto\u0107e nastavljaju sa \u0161trajkom dok i u pisanom obliku ne dobiju odluku o suspenziji izvanrednih otkaza trojici radnika. Povod za izvanredne otkaze je snimka trojice radnika na kojoj se vidi da u isti kamion bacaju mije\u0161ani komunalni otpad i otpad odvojen za recikliranje. <\/p>\n\n\n\n<p>Naime, sve se doga\u0111a u nezgodno vrijeme za gradsku vlast koja je uvela novi model gospodarenja otpadom pri \u010demu se od gra\u0111ana tra\u017ei da odvajaju posebno bio otpad, posebno plastiku te posebno mije\u0161ani komunalni otpad, \u0161to, uglavnom, miniraju i kritiziraju opozicijski gradski politi\u010dari i pristalice biv\u0161e gradske vlasti. Samim tim, sporna je snimka iskori\u0161tena kako bi se pokazalo da je razdvajanje otpada fiktivno te da Grad razdvojeni otpad odla\u017ee na istu deponiju, umjesto da ga kompostira ili reciklira.<\/p>\n\n\n\n<p>Sam \u0161trajk prerastao je inicijalne motive te je u\u0161ao u fazu u kojem radnici tra\u017ee po\u0161tivanje prava iz kolektivnog ugovora, pove\u0107anje koeficijenta slo\u017eenosti poslova, pove\u0107anje dodataka za uvjete rada, novu za\u0161titnu opremu te pravo na besplatan parking koji imaju svi drugi zaposlenici Holdinga. &#8220;Nijedan radnik \u010cisto\u0107e ne\u0107e odvoziti sme\u0107e&nbsp;dok traju pregovori s Upravom Holdinga o materijalnim pravima radnika&#8221;, kazala je jutros predsjednica sindikata \u010cisto\u0107e <strong>Mirjana Kaltak<\/strong>.<\/p><div id=\"mojev-2597183845\" class=\"mojev-u-tekstu mojev-entity-placement\" style=\"margin-left: auto;margin-right: auto;text-align: center;\"><div class=\"mojev-adlabel\">oglas<\/div><div style=\"height: 250px;\"><script async src=\"https:\/\/pagead2.googlesyndication.com\/pagead\/js\/adsbygoogle.js?client=ca-pub-8106111766207173\"\r\n     crossorigin=\"anonymous\"><\/script>\r\n<!-- Prikazni 1 u tekstu -->\r\n<ins class=\"adsbygoogle\"\r\n     style=\"display:block\"\r\n     data-ad-client=\"ca-pub-8106111766207173\"\r\n     data-ad-slot=\"8535551207\"\r\n     data-ad-format=\"auto\"\r\n     data-full-width-responsive=\"true\"><\/ins>\r\n<script>\r\n     (adsbygoogle = window.adsbygoogle || []).push({});\r\n<\/script><\/div><\/div><br style=\"clear: both; display: block; float: none;\"\/>\n\n\n\n<p>&#8220;Radnicima \u010cisto\u0107e je u Zagreba\u010dkom holdingu pla\u0107a najmanja, koeficijenti su im najmanji i \u017eele da se to, nakon godina \u0161to su stavljani po strani, napokon ispravi&#8221;, rekla je Kaltak za&nbsp;<a rel=\"noreferrer noopener\" href=\"https:\/\/vijesti.hrt.hr\/hrvatska\/radnici-zagrebacke-cistoce-ni-jutros-nisu-izasli-na-teren-10572361\" target=\"_blank\">HRT<\/a>.<\/p>\n<div id=\"mojev-1634056176\" class=\"mojev-kraj-teksta mojev-entity-placement\" style=\"margin-bottom: 20px;margin-left: auto;margin-right: auto;text-align: center;\"><div class=\"mojev-adlabel\">oglas<\/div><div style=\"height: 250px;\"><script async src=\"https:\/\/pagead2.googlesyndication.com\/pagead\/js\/adsbygoogle.js?client=ca-pub-8106111766207173\"\r\n     crossorigin=\"anonymous\"><\/script>\r\n<!-- Display-1 -->\r\n<ins class=\"adsbygoogle\"\r\n     style=\"display:block\"\r\n     data-ad-client=\"ca-pub-8106111766207173\"\r\n     data-ad-slot=\"1465712950\"\r\n     data-ad-format=\"auto\"\r\n     data-full-width-responsive=\"true\"><\/ins>\r\n<script>\r\n     (adsbygoogle = window.adsbygoogle || []).push({});\r\n<\/script><\/div><\/div>","protected":false},"excerpt":{"rendered":"<p>Sam \u0161trajk prerastao je inicijalne motive te je u\u0161ao u fazu u kojem radnici tra\u017ee po\u0161tivanje prava iz kolektivnog ugovora, bolje pla\u0107e i bolju za\u0161titnu opremu. <\/p>\n","protected":false},"author":1,"featured_media":67093,"comment_status":"closed","ping_status":"closed","sticky":false,"template":"","format":"standard","meta":{"footnotes":""},"categories":[9],"tags":[1696,1852,39,629],"class_list":["post-67092","post","type-post","status-publish","format-standard","has-post-thumbnail","hentry","category-vijesti","tag-cistoca","tag-strajk","tag-zagreb","tag-zagrebacki-holding"],"_links":{"self":[{"href":"https:\/\/www.mojevrijeme.hr\/magazin\/wp-json\/wp\/v2\/posts\/67092","targetHints":{"allow":["GET"]}}],"collection":[{"href":"https:\/\/www.mojevrijeme.hr\/magazin\/wp-json\/wp\/v2\/posts"}],"about":[{"href":"https:\/\/www.mojevrijeme.hr\/magazin\/wp-json\/wp\/v2\/types\/post"}],"author":[{"embeddable":true,"href":"https:\/\/www.mojevrijeme.hr\/magazin\/wp-json\/wp\/v2\/users\/1"}],"replies":[{"embeddable":true,"href":"https:\/\/www.mojevrijeme.hr\/magazin\/wp-json\/wp\/v2\/comments?post=67092"}],"version-history":[{"count":0,"href":"https:\/\/www.mojevrijeme.hr\/magazin\/wp-json\/wp\/v2\/posts\/67092\/revisions"}],"wp:featuredmedia":[{"embeddable":true,"href":"https:\/\/www.mojevrijeme.hr\/magazin\/wp-json\/wp\/v2\/media\/67093"}],"wp:attachment":[{"href":"https:\/\/www.mojevrijeme.hr\/magazin\/wp-json\/wp\/v2\/media?parent=67092"}],"wp:term":[{"taxonomy":"category","embeddable":true,"href":"https:\/\/www.mojevrijeme.hr\/magazin\/wp-json\/wp\/v2\/categories?post=67092"},{"taxonomy":"post_tag","embeddable":true,"href":"https:\/\/www.mojevrijeme.hr\/magazin\/wp-json\/wp\/v2\/tags?post=67092"}],"curies":[{"name":"wp","href":"https:\/\/api.w.org\/{rel}","templated":true}]}}