{"id":67319,"date":"2023-01-31T08:50:02","date_gmt":"2023-01-31T07:50:02","guid":{"rendered":"https:\/\/www.mojevrijeme.hr\/magazin\/?p=67319"},"modified":"2023-01-31T08:50:02","modified_gmt":"2023-01-31T07:50:02","slug":"stize-veca-mirovina-za-pola-milijuna-gradana-nekima-ce-rasti-i-do-200-eura","status":"publish","type":"post","link":"https:\/\/www.mojevrijeme.hr\/magazin\/2023\/01\/stize-veca-mirovina-za-pola-milijuna-gradana-nekima-ce-rasti-i-do-200-eura\/","title":{"rendered":"Sti\u017ee ve\u0107a mirovina za pola milijuna gra\u0111ana, nekima \u0107e rasti i do 200 eura"},"content":{"rendered":"\n<p>Koliko je do sada zaprimljeno zahtijeva za ostvarivanje prava na isplatu dijela obiteljske mirovine, koliko ih se ukupno o\u010dekuje, koliko \u0107e obiteljske mirovine rasti umirovljenicima koji je primaju u punom iznosu, te onima koji ostvaruju pravo na dodatak dijela obiteljske mirovine od 27 posto te je li hrvatski mirovinski sustav stabilan?\u00a0<\/p>\n\n\n\n<p>O tome se <a href=\"https:\/\/vijesti.hrt.hr\/hrvatska\/bejakovic-bila-bi-velika-greska-ukinuti-drugi-mirovinski-stup-10582815\" target=\"_blank\" rel=\"noreferrer noopener\">&#8220;U mre\u017ei Prvog&#8221; (HR1)<\/a> razgovaralo s ravnateljicom Uprave za mirovinski sustav u Ministarstvu rada, mirovinskog sustava, obitelji i socijalne politike\u00a0<strong>Melitom \u010ci\u010dak<\/strong>, zamjenikom ravnatelja Hrvatskog zavoda za mirovinsko osiguranje\u00a0<strong>Sre\u0107kom Vukovi\u0107em<\/strong>, nezavisnim ekonomski analiti\u010darom\u00a0<strong>Predragom Bejakovi\u0107em\u00a0<\/strong>i saborskim zastupnikom Hrvatske stranke umirovljenika\u00a0<strong>Silvanom Hreljom<\/strong>.<\/p>\n\n\n\n<p><strong>Sre\u0107ko Vukovi\u0107\u00a0<\/strong>rekao je da su u Hrvatskom zavodu za mirovinsko osiguranje u prva \u010detiri tjedna ve\u0107 zaprimili 63 tisu\u0107e zahtjeva za obiteljske mirovine. Ka\u017ee da su to o\u010dekivali, te da su ve\u0107 na polovici o\u010dekivanih zahtjeva za isplatu dijela obiteljske imovine.<\/p><div id=\"mojev-3222804764\" class=\"mojev-u-tekstu mojev-entity-placement\" style=\"margin-left: auto;margin-right: auto;text-align: center;\"><div class=\"mojev-adlabel\">oglas<\/div><div style=\"height: 250px;\"><script async src=\"https:\/\/pagead2.googlesyndication.com\/pagead\/js\/adsbygoogle.js?client=ca-pub-8106111766207173\"\r\n     crossorigin=\"anonymous\"><\/script>\r\n<!-- Prikazni 1 u tekstu -->\r\n<ins class=\"adsbygoogle\"\r\n     style=\"display:block\"\r\n     data-ad-client=\"ca-pub-8106111766207173\"\r\n     data-ad-slot=\"8535551207\"\r\n     data-ad-format=\"auto\"\r\n     data-full-width-responsive=\"true\"><\/ins>\r\n<script>\r\n     (adsbygoogle = window.adsbygoogle || []).push({});\r\n<\/script><\/div><\/div><br style=\"clear: both; display: block; float: none;\"\/>\n\n\n\n<p>&#8220;Sve obiteljske mirovine temeljem izmjena i dopuna Zakona o mirovinskom osiguranju od 1. sije\u010dnja 2023. rastu za 10 posto. I sve najni\u017ee mirovine za 3 posto. Dakle gotovo 500 tisu\u0107a ljudi dobit \u0107e pove\u0107anje ve\u0107 ovom isplatom za sije\u010danj po\u010detkom velja\u010de&#8221;, rekao je Vukovi\u0107.\u00a0<\/p>\n\n\n\n<p>\u0160to se ti\u010de obiteljske mirovine o\u010dekuju prosje\u010dni rast od 510 kuna (70 eura), dok \u0107e kod nekih on biti i preko 200 eura. Dodatak za obiteljske mirovine umirovljenici mogu o\u010dekivati najranije u o\u017eujku.&nbsp;<\/p>\n\n\n\n<p>Trenutnom situacijom za sad je zadovoljan i saborski zastupnik Hrvatske stranke umirovljenika<strong>\u00a0Silvano Hrelja<\/strong>. &#8220;Kad smo projektirali izmjene i dopune zakona dali smo cijelu godinu dana da ljudi mogu podnijeti zahtjev, da se mo\u017ee na miru raditi, a onda \u0107e oni dobiti zaostatke od 1. sije\u010dnja ove godine. U su\u0161tini \u0161to kasnije rje\u0161enje to \u0107e biti ve\u0107a isplata odjednom jer \u0107e biti isplata unazad za nekoliko mjeseci. Predvi\u0111ali smo i sve smo u\u010dinili da Hrvatski zavod za mirovinsko osiguranje bude odgovoran osiguravatelj kao i \u0161to ve\u0107 jest.&#8221;<\/p>\n\n\n\n<p>Na pobolj\u0161anju statusa umirovljenika rade i u nadle\u017enom ministarstvu. Ravnateljica Uprave za mirovinski sustav u Ministarstvu rada, mirovinskog sustava, obitelji i socijalne politike<strong>&nbsp;Melita \u010ci\u010dak<\/strong>&nbsp;rekla je kako su&nbsp;osnovali radnu skupinu za analizu mirovinskog sustava koja broji vi\u0161e od 30 ljudi i \u010diji je zadatak procijeniti \u0161to&nbsp; se mo\u017ee&nbsp; dalje napraviti za umirovljenike.&nbsp;<\/p>\n\n\n\n<p>&#8220;Uz prvi stup na\u0161 interes je i daljnji razvoj drugog i tre\u0107eg stupa. Tu smo u visokoj fazi gotovosti na\u0161ih prijedloga. Smatramo da samo kroz mje\u0161oviti mirovinski sustav mo\u017eemo osigurati primjerenu mirovinu u budu\u0107nosti. Cilj je daljnje disperziranje ulaganja, smanjenje naknada, ure\u0111enje sustava kako bi ga prilagodili i dalje razvijali&#8221;, kazala je \u010ci\u010dak.\u00a0<\/p>\n\n\n\n<p>Stru\u010dnjaci su me\u0111utim podijeljeni oko drugog mirovinskog stupa. Neki smatraju da bi imali ve\u0107e mirovine da ga nema, dok drugi prizivaju manja ulaganja u prvi.&nbsp;<\/p>\n\n\n\n<p>&#8220;Bila bi velika gre\u0161ka ukinuti drugi mirovinski stup jer tako idu\u0107e generacije preuzimaju cjelokupni teret budu\u0107ih mirovina. Drugi mirovinski stup je jedna od rijetkih stvari gdje je Hrvatska stvarno zavr\u0161ila reformu i to je jedan civilizacijski napredak koji trebamo cijeniti. Pohvalno je da se smanjuju naknade i mislim da bi tu neke velike promjene bile \u0161tetne. One zemlje koje su to provele nisu to napravile sa \u017eeljom da pobolj\u0161aju polo\u017eaj umirovljenika nego samo da smanje svoj dug&#8221;, zaklju\u010dio je\u00a0<strong>Predrag Bejakovi\u0107<\/strong>.<\/p>\n<div id=\"mojev-3251302429\" class=\"mojev-kraj-teksta mojev-entity-placement\" style=\"margin-bottom: 20px;margin-left: auto;margin-right: auto;text-align: center;\"><div class=\"mojev-adlabel\">oglas<\/div><div style=\"height: 250px;\"><script async src=\"https:\/\/pagead2.googlesyndication.com\/pagead\/js\/adsbygoogle.js?client=ca-pub-8106111766207173\"\r\n     crossorigin=\"anonymous\"><\/script>\r\n<!-- Display-1 -->\r\n<ins class=\"adsbygoogle\"\r\n     style=\"display:block\"\r\n     data-ad-client=\"ca-pub-8106111766207173\"\r\n     data-ad-slot=\"1465712950\"\r\n     data-ad-format=\"auto\"\r\n     data-full-width-responsive=\"true\"><\/ins>\r\n<script>\r\n     (adsbygoogle = window.adsbygoogle || []).push({});\r\n<\/script><\/div><\/div>","protected":false},"excerpt":{"rendered":"<p>Trenutnom situacijom za sad je zadovoljan i saborski zastupnik Hrvatske stranke umirovljenika Silvano Hrelja.<\/p>\n","protected":false},"author":1,"featured_media":33859,"comment_status":"closed","ping_status":"closed","sticky":false,"template":"","format":"standard","meta":{"footnotes":""},"categories":[9],"tags":[18,1116],"class_list":["post-67319","post","type-post","status-publish","format-standard","has-post-thumbnail","hentry","category-vijesti","tag-mirovine","tag-mirovinska-reforma"],"_links":{"self":[{"href":"https:\/\/www.mojevrijeme.hr\/magazin\/wp-json\/wp\/v2\/posts\/67319","targetHints":{"allow":["GET"]}}],"collection":[{"href":"https:\/\/www.mojevrijeme.hr\/magazin\/wp-json\/wp\/v2\/posts"}],"about":[{"href":"https:\/\/www.mojevrijeme.hr\/magazin\/wp-json\/wp\/v2\/types\/post"}],"author":[{"embeddable":true,"href":"https:\/\/www.mojevrijeme.hr\/magazin\/wp-json\/wp\/v2\/users\/1"}],"replies":[{"embeddable":true,"href":"https:\/\/www.mojevrijeme.hr\/magazin\/wp-json\/wp\/v2\/comments?post=67319"}],"version-history":[{"count":0,"href":"https:\/\/www.mojevrijeme.hr\/magazin\/wp-json\/wp\/v2\/posts\/67319\/revisions"}],"wp:featuredmedia":[{"embeddable":true,"href":"https:\/\/www.mojevrijeme.hr\/magazin\/wp-json\/wp\/v2\/media\/33859"}],"wp:attachment":[{"href":"https:\/\/www.mojevrijeme.hr\/magazin\/wp-json\/wp\/v2\/media?parent=67319"}],"wp:term":[{"taxonomy":"category","embeddable":true,"href":"https:\/\/www.mojevrijeme.hr\/magazin\/wp-json\/wp\/v2\/categories?post=67319"},{"taxonomy":"post_tag","embeddable":true,"href":"https:\/\/www.mojevrijeme.hr\/magazin\/wp-json\/wp\/v2\/tags?post=67319"}],"curies":[{"name":"wp","href":"https:\/\/api.w.org\/{rel}","templated":true}]}}