{"id":6732,"date":"2016-03-11T09:57:43","date_gmt":"2016-03-11T08:57:43","guid":{"rendered":"http:\/\/www.mojevrijeme.hr\/magazin\/?p=6732"},"modified":"2019-04-18T14:42:01","modified_gmt":"2019-04-18T12:42:01","slug":"umro-dragan-nikolic-jedan-od-najboljih-frajera-bivse-drzave","status":"publish","type":"post","link":"https:\/\/www.mojevrijeme.hr\/magazin\/2016\/03\/umro-dragan-nikolic-jedan-od-najboljih-frajera-bivse-drzave\/","title":{"rendered":"Umro Dragan Nikoli\u0107, jedan od najve\u0107ih frajera biv\u0161e dr\u017eave"},"content":{"rendered":"<p>Jedan od najkarizmati\u010dnijih glumaca biv\u0161e dr\u017eave, <strong>Dragan Nikoli\u0107<\/strong>, preminuo je u 73. godini u Beogradu. Filmsku karijeru po\u010deo je 1964. godine manjom ulogom u filmu \u201cPravo stanje stvari\u201d i tada je potpisan kr\u0161tenim imenom Dragoslav Nikoli\u0107. Ozbiljnu je karijeru po\u010deo s filmom &#8216;Kad budem mrtav i beo&#8217; redatelja \u017divojina Pavlovi\u0107a iz 1967., a nakon toga snimio je vi\u0161e od 120 filmova i TV serija. Proslavio se filmovima &#8220;Otpisani&#8221; i &#8220;Povratak otpisanih&#8221;.<\/p>\n<p>Za Prletom su uzdisale \u017eene \u010ditave biv\u0161e dr\u017eave pa i ne \u010dudi da se Nikoli\u0107evo ime i danas pojavljuje u top listama \u201enajboljih frajera biv\u0161e Jugoslavije\u201c. Kroz \u017eivot ga je pratila njegova supruga, jednako proslavljena glumica <strong><a href=\"http:\/\/www.mojevrijeme.hr\/magazin\/2014\/10\/milena-dravic-danas-ne-bih-mogla-ostvariti-takvu-karijeru\/\" target=\"_blank\" rel=\"noopener noreferrer\">Milena Dravi\u0107<\/a><\/strong>. \u00a0Upoznali su se\u00a0ranih sedamdesetih godina na snimanju emisije &#8220;Obraz uz obraz&#8221; i ostali su nerazdvojni sve do samoga kraja. Nikada nisu\u00a0punili skandalima novinske stupce.<\/p>\n<div id=\"crveno\"><\/p>\n<h3>O glumi i prijateljstvu<\/h3>\n<p>Kod onog \u0161to mi je predlo\u017eeno tekstom preko onog \u0161to mi predla\u017ee re\u017eija, ja izvla\u010dim neke stvari iz svog fundusa i tra\u017eim prepoznatljive \u0161ifre, neka tuma\u010denja koja su posle toga tako\u0111e prepoznatljiva i onima koji me gledaju.<\/p>\n<p>Dakle, vi\u0161e iz \u017eivota sa ulice, jer gluma i jeste neka vrsta dru\u017eenja, ne samo nas na sceni nego i nas sa publikom. I to je stra\u0161no va\u017eno bilo \u0161ta da se igra, da se uspostavi taj kontakt. Onaj ko u \u017eivotu nije umeo da bude drug, koji ne zna \u0161ta je to drugarstvo i koji nije do\u017eiveo druga kao brata ili obrnuto, taj \u010dini mi se ne ume da uspostavi kontakt sa gledali\u0161tem, na kraju krajeva, ni sa svojim partnerom. <em>(Huper, 1992.)<\/em><\/p>\n<h3>O zvjezdanom statusu<\/h3>\n<p>Ma ja ni danas ne znam \u0161ta podrazumeva taj pojam. \u0160ta je to \u201ezvezda\u201c? Kako se to postaje? Verovatno je to u svesti drugih ljudi. Sebi stvarno nikada nisam dozvolio luksuz da mislim ne samo da sam zvezda, nego ni da sam najbolji ili na bilo koji na\u010din veliki. Verujem da se niko ne\u0107e uvrediti ako ovo ka\u017eem, ali \u2013 mislim da je to svojstvo budala &#8211; verovati da si neko drugi. Mislim da to nije pitanje odluke ili \u017eelje, ve\u0107 vaspitanja. Pripadam generaciji koja je svoje stavove zaista zasnivala na ku\u0107nom vaspitanju. Ako ho\u0107ete, i na uli\u010dnom vaspitanju. Sve su to posebne eti\u010dke norme koje se ne u\u010de u \u0161koli. <em>(B92, 1992.)<\/em><\/p>\n<h3>O Otpisanima<\/h3>\n<p>&#8220;Otpisani&#8221;\u00a0su napravljeni u holivudskom maniru, vrlo ozbiljno. Jedan taksista mi je pri\u010dao kako njegov petogodi\u0161nji sin gleda &#8220;Otpisane&#8221;, ali mu nije jasno za\u0161to ovi pucaju u one druge. Novi klinci ne znaju ko su Nemci, a ko su es-esovci, \u0161ta je Gestapo i sli\u010dno, ali se gleda. Ja sam bio &#8220;ru\u017eno pa\u010de&#8221;, a Voja Brajovi\u0107 lepotan. <em>(Hello, 2011.)<\/em><\/p>\n<p><\/div>\n<p>&nbsp;<\/p>\n<div id=\"attachment_6744\" style=\"width: 646px\" class=\"wp-caption aligncenter\"><img loading=\"lazy\" decoding=\"async\" aria-describedby=\"caption-attachment-6744\" class=\"size-medium wp-image-6744\" src=\"http:\/\/www.mojevrijeme.hr\/magazin\/wp-content\/uploads\/2016\/03\/dragan-nikolic4-636x352.jpg\" alt=\"Dragan Nikoli\u0107 (Mlad i zdrav kao ru\u017ea, 1971)\" width=\"636\" height=\"352\" srcset=\"https:\/\/www.mojevrijeme.hr\/magazin\/wp-content\/uploads\/2016\/03\/dragan-nikolic4-636x352.jpg 636w, https:\/\/www.mojevrijeme.hr\/magazin\/wp-content\/uploads\/2016\/03\/dragan-nikolic4.jpg 740w\" sizes=\"auto, (max-width: 636px) 100vw, 636px\" \/><p id=\"caption-attachment-6744\" class=\"wp-caption-text\">Dragan Nikoli\u0107 (Mlad i zdrav kao ru\u017ea, 1971)<\/p><\/div>\n<div id=\"crveno\"><\/p>\n<h3>O snovima i poslu<\/h3>\n<p>Jesam sanjao posao kojim \u0107u se baviti, to je istina. I moji su se snovi ispunili. Kao glumac verovao sam u sebe, imao sam \u017eelju da pobedim, ali i da pobedim sebe. A i to mo\u017ee da bude opasno &#8211; ako ti se ispune svi snovi, postane dosadno. Meni jo\u0161 nije dosadno. Ja sam kroz \u010ditavu karijeru nastojao da, na neki na\u010din, u sebe utkam ono \u0161to je pisalo na \u0161pici prvog filma u kome sam igrao. A pisalo je: &#8220;I kad budem mrtav i beo, ja bih ipak hteo da kakva-takva svetiljka budem.&#8221; <em>(Ve\u010dernje novosti, 2013.)<\/em><\/p>\n<h3>O zabranjenim filmovima i komunisti\u010dkom re\u017eimu<\/h3>\n<p>Ne, mi glumci nismo nikada imali taj status, bili smo uvijek za\u0161ti\u0107eni. Naravno, kad se zabrani film u kojem igra\u0161, a naro\u010dito kad si mlad \u010dovjek, onda misli\u0161 da su i tebe na neki na\u010din zabranili i to te pogodi. Bili su to mali \u0161okovi. Ali ipak su to snimljeni filmovi. Ima jedan film iz 1971. &#8211; &#8220;Mlad i zdrav ko ru\u017ea&#8221; &#8211; koji se samo jednom pojavio u Pulskom festivalu i nikad vi\u0161e. Nedavno je prikazan u Beogradu i izazvao je nevjerojatne reakcije. Izgleda kao potpuno novi, avangardni film, kao da je snimljen lani. U tom je filmu prvi put bilo rije\u010di o sprezi policije i kriminala, a zavr\u0161ava tako da ja u kameru ka\u017eem: &#8220;Ja sam va\u0161a budu\u0107nost.&#8221; <em>(Nacional, 2009.)<\/em><\/p>\n<h3>O pobuni protiv Milo\u0161evi\u0107evog re\u017eima<\/h3>\n<p>To je bilo pitanje stava i te vje\u010dne dileme igrati ili ne igrati. Studenti i opozicija tra\u017eili su da u znak bunta zatvorimo teatar. Meni ni danas nije jasno za\u0161to se to odnosilo samo na kazali\u0161ta, a ne i na izlo\u017ebe, muzeje, cijelu kulturu. No javljali su se i oni koji su smatrali da se kazali\u0161te nikad ne smije zatvoriti. Kako sam u to vrijeme bio predsjednik Udru\u017eenja dramskih umjetnika Srbije, obratio sam se studentima rekav\u0161i kako samo u svoje ime mogu re\u0107i da ne\u0107u vi\u0161e igrati dok se ne ispune njihovi zahtjevi. U to vrijeme igrao sam u nekoliko beogradskih kazali\u0161ta i sve predstave u kojima sam ja igrao bile su skinute s repertoara. Ne mislim da je to sada ne\u0161to zna\u010dajno niti to govorim kao potvrdu svoje hrabrosti. To je bio moj stav u tom trenutku. Ne znam kako bih se danas postavio prema tome. <em>(Nacional, 2009.)<\/em><\/p>\n<p><\/div>\n<div id=\"attachment_1093\" style=\"width: 646px\" class=\"wp-caption aligncenter\"><img loading=\"lazy\" decoding=\"async\" aria-describedby=\"caption-attachment-1093\" class=\"size-medium wp-image-1093\" src=\"http:\/\/www.mojevrijeme.hr\/magazin\/wp-content\/uploads\/2014\/10\/dragan_nikolic-636x352.jpg\" alt=\"Dragan Nikoli\u0107, Ilustrovana politika 1968.\" width=\"636\" height=\"352\" srcset=\"https:\/\/www.mojevrijeme.hr\/magazin\/wp-content\/uploads\/2014\/10\/dragan_nikolic-636x352.jpg 636w, https:\/\/www.mojevrijeme.hr\/magazin\/wp-content\/uploads\/2014\/10\/dragan_nikolic.jpg 740w\" sizes=\"auto, (max-width: 636px) 100vw, 636px\" \/><p id=\"caption-attachment-1093\" class=\"wp-caption-text\">Dragan Nikoli\u0107, Ilustrovana politika 1968.<\/p><\/div>\n<div id=\"crveno\"><\/p>\n<h3>O nekada i sada<\/h3>\n<p>Za kompjuterom ima\u0161 ve\u0107 smi\u0161ljene igre i mo\u017ee\u0161 da se igra\u0161 sam. Kad sam ja bio klinac htio sam da se igram i mislim \u2013 \u0161ta da radim sam? I onda sa drugovima smi\u0161lja\u0161: \u201c\u0160ta da se igramo? Koja je to igra?\u201d Na ulici smo iz svojih glava pravili sebi zabavu. To su bila grupna zadovoljstva, u\u010destvovanje u zajedni\u010dkoj fantaziji. To je isti osje\u0107aj kao na sceni. Ma\u0161ta i igra. <em>(Wine Style, 2009.)<\/em><\/p>\n<h3>O Mileni<\/h3>\n<p>Nemam utisak da smo toliko godina zajedno. Iskreno ne, jer smo \u017eivjeli burno i brzo, onako kako i treba \u017eivjeti. <em>(Wine Style, 2009.)<\/em><\/p>\n<p><\/div>\n<div id=\"mojev-655517449\" class=\"mojev-kraj-teksta mojev-entity-placement\" style=\"margin-bottom: 20px;margin-left: auto;margin-right: auto;text-align: center;\"><div class=\"mojev-adlabel\">oglas<\/div><div style=\"height: 250px;\"><script async src=\"https:\/\/pagead2.googlesyndication.com\/pagead\/js\/adsbygoogle.js?client=ca-pub-8106111766207173\"\r\n     crossorigin=\"anonymous\"><\/script>\r\n<!-- Display-1 -->\r\n<ins class=\"adsbygoogle\"\r\n     style=\"display:block\"\r\n     data-ad-client=\"ca-pub-8106111766207173\"\r\n     data-ad-slot=\"1465712950\"\r\n     data-ad-format=\"auto\"\r\n     data-full-width-responsive=\"true\"><\/ins>\r\n<script>\r\n     (adsbygoogle = window.adsbygoogle || []).push({});\r\n<\/script><\/div><\/div>","protected":false},"excerpt":{"rendered":"<p>Za Prletom su uzdisale \u017eene \u010ditave biv\u0161e dr\u017eave pa i ne \u010dudi da se Nikoli\u0107evo ime i danas pojavljuje u top listama &#8216;najboljih frajera biv\u0161e Jugoslavije&#8217;. Kroz \u017eivot ga je pratila njegova supruga, jednako proslavljena glumica Milena Dravi\u0107. Bra\u010dni par nikada nije punio novinske stupce skandalima.<\/p>\n","protected":false},"author":2,"featured_media":6743,"comment_status":"closed","ping_status":"open","sticky":false,"template":"","format":"standard","meta":{"footnotes":""},"categories":[84],"tags":[776,201,724,188,233,328],"class_list":["post-6732","post","type-post","status-publish","format-standard","has-post-thumbnail","hentry","category-show","tag-dragan-nikolic","tag-glumci","tag-in-memoriam","tag-jugoslavija","tag-milena-dravic","tag-retro"],"_links":{"self":[{"href":"https:\/\/www.mojevrijeme.hr\/magazin\/wp-json\/wp\/v2\/posts\/6732","targetHints":{"allow":["GET"]}}],"collection":[{"href":"https:\/\/www.mojevrijeme.hr\/magazin\/wp-json\/wp\/v2\/posts"}],"about":[{"href":"https:\/\/www.mojevrijeme.hr\/magazin\/wp-json\/wp\/v2\/types\/post"}],"author":[{"embeddable":true,"href":"https:\/\/www.mojevrijeme.hr\/magazin\/wp-json\/wp\/v2\/users\/2"}],"replies":[{"embeddable":true,"href":"https:\/\/www.mojevrijeme.hr\/magazin\/wp-json\/wp\/v2\/comments?post=6732"}],"version-history":[{"count":0,"href":"https:\/\/www.mojevrijeme.hr\/magazin\/wp-json\/wp\/v2\/posts\/6732\/revisions"}],"wp:featuredmedia":[{"embeddable":true,"href":"https:\/\/www.mojevrijeme.hr\/magazin\/wp-json\/wp\/v2\/media\/6743"}],"wp:attachment":[{"href":"https:\/\/www.mojevrijeme.hr\/magazin\/wp-json\/wp\/v2\/media?parent=6732"}],"wp:term":[{"taxonomy":"category","embeddable":true,"href":"https:\/\/www.mojevrijeme.hr\/magazin\/wp-json\/wp\/v2\/categories?post=6732"},{"taxonomy":"post_tag","embeddable":true,"href":"https:\/\/www.mojevrijeme.hr\/magazin\/wp-json\/wp\/v2\/tags?post=6732"}],"curies":[{"name":"wp","href":"https:\/\/api.w.org\/{rel}","templated":true}]}}